{"id":30428,"date":"2026-04-30T13:25:32","date_gmt":"2026-04-30T17:25:32","guid":{"rendered":"https:\/\/agromt.news\/?p=30428"},"modified":"2026-04-30T13:25:32","modified_gmt":"2026-04-30T17:25:32","slug":"falta-de-pasto-amplia-uso-de-silagem","status":"publish","type":"post","link":"https:\/\/agromt.news\/?p=30428","title":{"rendered":"Falta de pasto amplia uso de silagem"},"content":{"rendered":"<p> <br \/>\n<\/p>\n<div>\n<p style=\"text-align:justify\">A utiliza\u00e7\u00e3o da silagem se mant\u00e9m como pr\u00e1tica recorrente na pecu\u00e1ria do Sul do Brasil, especialmente nos per\u00edodos de outono e inverno, quando h\u00e1 escassez de pastagens. Nesse contexto, o recurso \u00e9 adotado como forma de garantir a oferta cont\u00ednua de alimento ao rebanho ao longo do ano.&#13;\n<\/p>\n<p style=\"text-align:justify\">Durante o inverno, a redu\u00e7\u00e3o na produ\u00e7\u00e3o de forragem ocorre de forma natural, sobretudo em \u00e1reas de campo nativo, impactando o desempenho dos animais. A silagem passa, ent\u00e3o, a ser utilizada para manter a estabilidade produtiva. Na pecu\u00e1ria leiteira, o uso tende a ser mais intenso no outono e na primavera, em fun\u00e7\u00e3o da transi\u00e7\u00e3o entre pastagens de ver\u00e3o e inverno.<\/p>\n<p style=\"text-align:justify\">Segundo a Emater\/RS-Ascar, a\u00a0substitui\u00e7\u00e3o do pasto pela silagem pode ocorrer em diferentes \u00e9pocas, desde que haja equil\u00edbrio nutricional na dieta. Esse ajuste varia conforme a categoria animal. Terneiros em crescimento demandam maior teor de prote\u00edna, enquanto vacas em pico de lacta\u00e7\u00e3o exigem maior densidade energ\u00e9tica, o que pode exigir suplementa\u00e7\u00e3o com concentrados.<\/p>\n<p style=\"text-align:justify\">Entre as culturas utilizadas para ensilagem est\u00e3o <a href=\"https:\/\/www.agrolink.com.br\/culturas\/sorgo?utm_source=agrolink-detalhe-noticia&amp;utm_medium=detalhe-noticia&amp;utm_campaign=links-internos\" target=\"_blank\" rel=\"noopener\">sorgo<\/a>, <a href=\"https:\/\/www.agrolink.com.br\/culturas\/cana-de-acucar\/?utm_source=agrolink-detalhe-noticia&amp;utm_medium=detalhe-noticia&amp;utm_campaign=links-internos\" target=\"_blank\" rel=\"noopener\">cana-de-a\u00e7\u00facar<\/a>, capim-elefante e <a href=\"https:\/\/www.agrolink.com.br\/culturas\/milho?utm_source=agrolink-detalhe-noticia&amp;utm_medium=detalhe-noticia&amp;utm_campaign=links-internos&#9;\" target=\"_blank\" rel=\"noopener\">milho<\/a>, que se destaca no Rio Grande do Sul como principal mat\u00e9ria-prima. O ponto de colheita influencia diretamente a qualidade, sendo recomendado, no caso do milho, o est\u00e1gio farin\u00e1ceo a duro, quando o valor nutritivo \u00e9 mais elevado.&#13;\n<\/p>\n<p style=\"text-align:justify\">O processo de produ\u00e7\u00e3o da silagem requer etapas como picagem, compacta\u00e7\u00e3o e armazenamento em ambiente vedado, sem presen\u00e7a de oxig\u00eanio. A fermenta\u00e7\u00e3o anaer\u00f3bica \u00e9 respons\u00e1vel pela conserva\u00e7\u00e3o dos nutrientes, e falhas como excesso de umidade, compacta\u00e7\u00e3o inadequada ou entrada de ar podem comprometer a qualidade e gerar perdas, conforme a Emater\/RS-Ascar.<\/p>\n<p style=\"text-align:justify\">Do ponto de vista econ\u00f4mico, a silagem pode reduzir custos quando h\u00e1 estrutura adequada, incluindo maquin\u00e1rio e m\u00e3o de obra. Em propriedades com menor acesso a esses recursos, o custo por quilo produzido pode ser maior, o que exige avalia\u00e7\u00e3o da viabilidade do sistema.<\/p>\n<p style=\"text-align:justify\">O m\u00e9dico veterin\u00e1rio e extensionista rural da Emater\/RS-Ascar, Carlos Brum, destaca que o planejamento alimentar \u00e9 central no uso da silagem. \u201cEm m\u00e9dia, um bovino consome cerca de 2,5% do seu peso vivo em mat\u00e9ria seca por dia, o que significa que uma vaca de 400 quilos precisa ingerir aproximados dez quilos di\u00e1rios. Considerando que a silagem cont\u00e9m, em m\u00e9dia, 35% de mat\u00e9ria seca, esse consumo equivale a cerca de 28,5 quilos do alimento por dia\u201d, calcula Brum.&#13;\n<\/p>\n<p style=\"text-align:justify\">Com base nesses par\u00e2metros, produtores podem estimar a quantidade necess\u00e1ria de alimento, contribuindo para a organiza\u00e7\u00e3o da propriedade. A regularidade na alimenta\u00e7\u00e3o favorece a manuten\u00e7\u00e3o do desempenho dos animais e amplia a previsibilidade econ\u00f4mica, especialmente em per\u00edodos de instabilidade clim\u00e1tica.<\/p>\n<p style=\"text-align:justify\"><em>Com informa\u00e7\u00f5es da Emater\/RS-Ascar*<\/em><\/p>\n<\/p><\/div>\n<p><script data-cfasync=\"false\">\n    !function (f, b, e, v, n, t, s) {\n        if (f.fbq) return; n = f.fbq = function () {\n            n.callMethod ?\n                n.callMethod.apply(n, arguments) : n.queue.push(arguments)\n        };\n        if (!f._fbq) f._fbq = n; n.push = n; n.loaded = !0; n.version = '2.0';\n        n.queue = []; t = b.createElement(e); t.async = !0;\n        t.src = v; s = b.getElementsByTagName(e)[0];\n        s.parentNode.insertBefore(t, s)\n    }(window, document, 'script',\n        'https:\/\/connect.facebook.net\/en_US\/fbevents.js');\n    fbq('init', '522546078623747');\n    fbq('track', 'PageView');\n<\/script><br \/>\n<br \/><br \/>\n<br \/><a href=\"https:\/\/www.agrolink.com.br\/noticias\/falta-de-pasto-amplia-uso-de-silagem_513699.html\">Source link <\/a><\/p>\n","protected":false},"excerpt":{"rendered":"<p>A utiliza\u00e7\u00e3o da silagem se mant\u00e9m como pr\u00e1tica recorrente na pecu\u00e1ria do Sul do Brasil, especialmente nos per\u00edodos de outono<\/p>\n","protected":false},"author":1,"featured_media":3018,"comment_status":"open","ping_status":"open","sticky":false,"template":"","format":"standard","meta":{"_monsterinsights_skip_tracking":false,"_monsterinsights_sitenote_active":false,"_monsterinsights_sitenote_note":"","_monsterinsights_sitenote_category":0,"_uf_show_specific_survey":0,"_uf_disable_surveys":false,"footnotes":""},"categories":[8,1,14],"tags":[],"class_list":["post-30428","post","type-post","status-publish","format-standard","has-post-thumbnail","hentry","category-agro","category-news","category-politica-agro"],"_links":{"self":[{"href":"https:\/\/agromt.news\/index.php?rest_route=\/wp\/v2\/posts\/30428"}],"collection":[{"href":"https:\/\/agromt.news\/index.php?rest_route=\/wp\/v2\/posts"}],"about":[{"href":"https:\/\/agromt.news\/index.php?rest_route=\/wp\/v2\/types\/post"}],"author":[{"embeddable":true,"href":"https:\/\/agromt.news\/index.php?rest_route=\/wp\/v2\/users\/1"}],"replies":[{"embeddable":true,"href":"https:\/\/agromt.news\/index.php?rest_route=%2Fwp%2Fv2%2Fcomments&post=30428"}],"version-history":[{"count":0,"href":"https:\/\/agromt.news\/index.php?rest_route=\/wp\/v2\/posts\/30428\/revisions"}],"wp:featuredmedia":[{"embeddable":true,"href":"https:\/\/agromt.news\/index.php?rest_route=\/wp\/v2\/media\/3018"}],"wp:attachment":[{"href":"https:\/\/agromt.news\/index.php?rest_route=%2Fwp%2Fv2%2Fmedia&parent=30428"}],"wp:term":[{"taxonomy":"category","embeddable":true,"href":"https:\/\/agromt.news\/index.php?rest_route=%2Fwp%2Fv2%2Fcategories&post=30428"},{"taxonomy":"post_tag","embeddable":true,"href":"https:\/\/agromt.news\/index.php?rest_route=%2Fwp%2Fv2%2Ftags&post=30428"}],"curies":[{"name":"wp","href":"https:\/\/api.w.org\/{rel}","templated":true}]}}