{"id":30426,"date":"2026-04-30T12:28:33","date_gmt":"2026-04-30T16:28:33","guid":{"rendered":"https:\/\/agromt.news\/?p=30426"},"modified":"2026-04-30T12:28:33","modified_gmt":"2026-04-30T16:28:33","slug":"taxa-de-desemprego-e-de-61-no-primeiro-trimestre-diz-ibge","status":"publish","type":"post","link":"https:\/\/agromt.news\/?p=30426","title":{"rendered":"Taxa de desemprego \u00e9 de 6,1% no primeiro trimestre, diz IBGE"},"content":{"rendered":"<p> <br \/>\n<\/p>\n<div>\n<figure><img decoding=\"async\" src=\"https:\/\/agromt.news\/wp-content\/uploads\/2025\/11\/Desemprego-no-Brasil-fica-em-54-no-trimestre-ate-outubro.png\" alt=\"Desemprego\" \/><figcaption>Foto: Marcos Santos\/ USP Imagens<\/figcaption><\/figure>\n<\/div>\n<p>A taxa de desemprego no primeiro trimestre do ano ficou em 6,1%. O indicador fica acima do registrado no quarto trimestre de 2025 (5,1%), por\u00e9m \u00e9 a menor taxa de desocupa\u00e7\u00e3o para um primeiro trimestre desde 2012, quando come\u00e7ou a\u00a0s\u00e9rie hist\u00f3rica da Pesquisa Nacional por Amostra de Domic\u00edlios\u00a0<a href=\"https:\/\/www.canalrural.com.br\/tag\/pnad-continua-2\/\">(Pnad)<\/a> Cont\u00ednua.<img decoding=\"async\" src=\"https:\/\/agromt.news\/wp-content\/uploads\/2026\/04\/Taxa-de-desemprego-e-de-61-no-primeiro-trimestre-diz.png\"><img decoding=\"async\" src=\"https:\/\/agromt.news\/wp-content\/uploads\/2026\/04\/Taxa-de-desemprego-e-de-61-no-primeiro-trimestre-diz.gif\"><\/p>\n<p>Nos tr\u00eas primeiros meses do ano passado, o desemprego tinha marcado 7%. Os dados foram divulgados nesta quinta-feira (30) pelo\u00a0Instituto Brasileiro de Geografia e Estat\u00edstica\u00a0(IBGE), no Rio de Janeiro.<\/p>\n<ul class=\"wp-block-list\">\n<li><em>Veja em primeira m\u00e3o tudo sobre agricultura, pecu\u00e1ria, economia e previs\u00e3o do tempo: <\/em><a href=\"https:\/\/news.google.com\/publications\/CAAqBwgKMPKZlQswq_mqAw?hl=pt-BR&amp;gl=BR&amp;ceid=BR%3Apt-419\"><em>siga o Canal Rural no Google News!<\/em><\/a><\/li>\n<\/ul>\n<p>Desde o trimestre encerrado em maio de 2025, a taxa de desemprego n\u00e3o ultrapassava 6%. No trimestre m\u00f3vel encerrado em fevereiro de 2026, a taxa de desocupa\u00e7\u00e3o foi de 5,8%.<\/p>\n<p>No entanto, o IBGE n\u00e3o recomenda compara\u00e7\u00e3o em meses imediatamente seguidos, pois h\u00e1 sobreposi\u00e7\u00e3o de dados. Por exemplo, os n\u00fameros de fevereiro se repetem nas duas \u00faltimas divulga\u00e7\u00f5es da pesquisa. Por isso, o instituto prefere fazer compara\u00e7\u00f5es com o quarto trimestre de 2025.<\/p>\n<h3 class=\"wp-block-heading\" id=\"h-trabalhadores-em-busca-de-emprego\">Trabalhadores em busca de emprego<\/h3>\n<p>O primeiro trimestre de 2026 terminou com\u00a06,6 milh\u00f5es\u00a0em busca de emprego.\u00a0\u00c9\u00a0a chamada popula\u00e7\u00e3o desocupada.\u00a0O contingente \u00e9 19,6% superior (1,1 milh\u00e3o de pessoas) ao do quarto trimestre de 2025, por\u00e9m fica 13% a menos que o primeiro trimestre de 2025.<\/p>\n<p>No mesmo trimestre, o total de ocupados chegou a\u00a0102 milh\u00f5es de pessoas, 1 milh\u00e3o a menos que no \u00faltimo trimestre de 2025 e 1,5 milh\u00e3o acima do contingente do primeiro trimestre do ano passado, ou seja, compara\u00e7\u00e3o anual.<\/p>\n<h3 class=\"wp-block-heading\" id=\"h-comportamento-sazonal\">Comportamento sazonal<\/h3>\n<p>O comportamento do mercado de trabalho no primeiro trimestre foi marcado por caracter\u00edsticas sazonais, ou seja, t\u00edpicas do per\u00edodo do ano, como explica a coordenadora de pesquisas domiciliares do IBGE, Adriana Beringuy.<\/p>\n<p>\u201cA redu\u00e7\u00e3o do contingente de trabalhadores ocorreu em atividades que, tipicamente, apresentam esse comportamento; seja devido \u00e0 tend\u00eancia de recuo no com\u00e9rcio nesse per\u00edodo do ano; seja pela din\u00e2mica de encerramento de contratos tempor\u00e1rio nas atividades de educa\u00e7\u00e3o e sa\u00fade no setor p\u00fablico municipal.\u201d<\/p>\n<p>De todos os 10\u00a0agrupamentos de atividades apurados pelo IBGE, nenhum apresentou crescimento de ocupados, e tr\u00eas tiveram queda:\u00a0com\u00e9rcio (1,5%, ou menos 287 mil pessoas ocupadas), administra\u00e7\u00e3o p\u00fablica (2,3%, ou menos 439 mil pessoas) e servi\u00e7os dom\u00e9sticos (2,6%, ou menos 148 mil pessoas).<\/p>\n<h3 class=\"wp-block-heading\" id=\"h-queda-na-informalidade\">Queda na informalidade<\/h3>\n<p>Apesar de a taxa de desocupa\u00e7\u00e3o ter aumentado no primeiro trimestre de 2026 em rela\u00e7\u00e3o ao \u00faltimo trimestre de 2025, o Brasil vivenciou redu\u00e7\u00e3o da informalidade.<\/p>\n<p>No trimestre encerrado em mar\u00e7o, a taxa de informalidade foi de 37,3% da popula\u00e7\u00e3o ocupada, o que equivale a 38,1 milh\u00f5es de trabalhadores informais, ou seja, sem direitos trabalhistas garantidos.<\/p>\n<p>No fim de 2025, a taxa era de 37,6%, enquanto no primeiro trimestre de 2025 era 38%.<\/p>\n<p>O n\u00famero de empregados com carteira assinada no setor privado ficou em\u00a039,2 milh\u00f5es, sem varia\u00e7\u00f5es significativas no trimestre, mas subindo\u00a01,3% (504 mil pessoas a mais)\u00a0em um ano.<\/p>\n<p>O contingente de trabalhadores sem carteira no setor privado teve retra\u00e7\u00e3o de\u00a02,1%\u00a0(menos 285 mil pessoas)\u00a0no trimestre, chegando a 13,3 milh\u00f5es. Em um ano, houve estabilidade, isto \u00e9, sem mudan\u00e7a estat\u00edstica significativa.<\/p>\n<p>O n\u00famero de trabalhadores por conta pr\u00f3pria ficou est\u00e1vel no trimestre: 26 milh\u00f5es. Em compara\u00e7\u00e3o ao primeiro trimestre de 2025, houve alta de 2,4% (607 mil pessoas a mais).<\/p>\n<h3 class=\"wp-block-heading\" id=\"h-pnad\">Pnad<\/h3>\n<p>A pesquisa do IBGE apura o comportamento no mercado de trabalho para pessoas com 14 anos ou mais e leva em conta todas as formas de ocupa\u00e7\u00e3o, seja com ou sem carteira assinada, tempor\u00e1rio e por conta pr\u00f3pria, por exemplo.\u00a0Pelos crit\u00e9rios do instituto, s\u00f3 \u00e9 considerada desocupada a pessoa que efetivamente procurou uma vaga 30 dias antes da pesquisa.\u00a0S\u00e3o visitados 211 mil domic\u00edlios em todos os estados e no Distrito Federal.<\/p>\n<p>A Pnad \u00e9 divulgada no dia seguinte a outro indicador de comportamento do mercado de trabalho, o Cadastro Geral de Empregados e Desempregados (Caged), elaborado pelo Minist\u00e9rio do Trabalho e Emprego (MTE) e que acompanha apenas o cen\u00e1rio de empregados com carteira assinada.<\/p>\n<p>De acordo com o Caged, mar\u00e7o apresentou saldo positivo de 228 mil vagas formais. Em 12 meses, o\u00a0balan\u00e7o \u00e9 positivo\u00a0em 1,2 milh\u00e3o de postos com carteira assinada.<\/p>\n<p>O post <a href=\"https:\/\/www.canalrural.com.br\/economia\/taxa-de-desemprego-e-de-61-no-primeiro-trimestre-diz-ibge\/\">Taxa de desemprego \u00e9 de 6,1% no primeiro trimestre, diz IBGE<\/a> apareceu primeiro em <a href=\"https:\/\/www.canalrural.com.br\">Canal Rural<\/a>.<\/p>\n<p><br \/>\n<br \/><a href=\"https:\/\/www.canalrural.com.br\/economia\/taxa-de-desemprego-e-de-61-no-primeiro-trimestre-diz-ibge\/\">Source link <\/a><\/p>\n","protected":false},"excerpt":{"rendered":"<p>Foto: Marcos Santos\/ USP Imagens A taxa de desemprego no primeiro trimestre do ano ficou em 6,1%. O indicador fica<\/p>\n","protected":false},"author":1,"featured_media":30427,"comment_status":"open","ping_status":"open","sticky":false,"template":"","format":"standard","meta":{"_monsterinsights_skip_tracking":false,"_monsterinsights_sitenote_active":false,"_monsterinsights_sitenote_note":"","_monsterinsights_sitenote_category":0,"_uf_show_specific_survey":0,"_uf_disable_surveys":false,"footnotes":""},"categories":[1],"tags":[],"class_list":["post-30426","post","type-post","status-publish","format-standard","has-post-thumbnail","hentry","category-news"],"_links":{"self":[{"href":"https:\/\/agromt.news\/index.php?rest_route=\/wp\/v2\/posts\/30426"}],"collection":[{"href":"https:\/\/agromt.news\/index.php?rest_route=\/wp\/v2\/posts"}],"about":[{"href":"https:\/\/agromt.news\/index.php?rest_route=\/wp\/v2\/types\/post"}],"author":[{"embeddable":true,"href":"https:\/\/agromt.news\/index.php?rest_route=\/wp\/v2\/users\/1"}],"replies":[{"embeddable":true,"href":"https:\/\/agromt.news\/index.php?rest_route=%2Fwp%2Fv2%2Fcomments&post=30426"}],"version-history":[{"count":0,"href":"https:\/\/agromt.news\/index.php?rest_route=\/wp\/v2\/posts\/30426\/revisions"}],"wp:featuredmedia":[{"embeddable":true,"href":"https:\/\/agromt.news\/index.php?rest_route=\/wp\/v2\/media\/30427"}],"wp:attachment":[{"href":"https:\/\/agromt.news\/index.php?rest_route=%2Fwp%2Fv2%2Fmedia&parent=30426"}],"wp:term":[{"taxonomy":"category","embeddable":true,"href":"https:\/\/agromt.news\/index.php?rest_route=%2Fwp%2Fv2%2Fcategories&post=30426"},{"taxonomy":"post_tag","embeddable":true,"href":"https:\/\/agromt.news\/index.php?rest_route=%2Fwp%2Fv2%2Ftags&post=30426"}],"curies":[{"name":"wp","href":"https:\/\/api.w.org\/{rel}","templated":true}]}}