{"id":30412,"date":"2026-04-30T10:23:26","date_gmt":"2026-04-30T14:23:26","guid":{"rendered":"https:\/\/agromt.news\/?p=30412"},"modified":"2026-04-30T10:23:26","modified_gmt":"2026-04-30T14:23:26","slug":"aprosoja-to-promove-dia-de-campo-com-foco-em-manejo-e-produtividade","status":"publish","type":"post","link":"https:\/\/agromt.news\/?p=30412","title":{"rendered":"Aprosoja TO promove Dia de Campo com foco em manejo e produtividade"},"content":{"rendered":"<p> <br \/>\n<\/p>\n<div>\n<figure><img decoding=\"async\" src=\"https:\/\/agromt.news\/wp-content\/uploads\/2026\/04\/Aprosoja-TO-promove-Dia-de-Campo-com-foco-em-manejo.jpeg\" alt=\"\" \/><figcaption>Reprodu\u00e7\u00e3o Aprosoja Tocantins <\/figcaption><\/figure>\n<\/div>\n<p>Produtores rurais, t\u00e9cnicos e profissionais do agroneg\u00f3cio t\u00eam encontro marcado na pr\u00f3xiam segunda-feira (4), das 7h \u00e0s 12h, durante a realiza\u00e7\u00e3o do 2\u00ba Dia de Campo + Palhada + Soja, promovido pela Embrapa em parceria com a Agr\u00edcola Invernadinha, em Para\u00edso do Tocantins. O evento conta com o apoio da <a href=\"https:\/\/aprosojato.com.br\/\">Aprosoja Tocantins<\/a> e integra iniciativas conduzidas por produtores associados que buscam fortalecer a produ\u00e7\u00e3o agr\u00edcola com base em inova\u00e7\u00e3o e manejo eficiente.<\/p>\n<p>A programa\u00e7\u00e3o ser\u00e1 realizada na Fazenda Invernadinha, localizada no km 35 da estrada Palmas-Para\u00edso, e tem como proposta apresentar, de forma pr\u00e1tica, estrat\u00e9gias voltadas ao aumento da produtividade e \u00e0 conserva\u00e7\u00e3o do solo.<\/p>\n<p>Entre os temas abordados est\u00e3o o uso de mix de plantas de cobertura, o manejo de plintossolos p\u00e9tricos e a avalia\u00e7\u00e3o de h\u00edbridos de sorgo, conte\u00fados alinhados aos desafios da produ\u00e7\u00e3o agr\u00edcola no Tocantins.<\/p>\n<p>Para a presidente da Aprosoja Tocantins, Caroline Barcellos, apoiar iniciativas como essa \u00e9 essencial para fortalecer a base t\u00e9cnica da produ\u00e7\u00e3o no estado. \u201cA Aprosoja apoia a pesquisa, alternativas de manejo de solo, op\u00e7\u00f5es de coberturas de solo e segunda safra, porque entendemos que o avan\u00e7o da produtividade est\u00e1 diretamente ligado ao conhecimento aplicado no campo\u201d, destaca.<\/p>\n<ul class=\"wp-block-list\">\n<li><strong><em>Fique por dentro das principais not\u00edcias sobre a soja: <a href=\"https:\/\/chat.whatsapp.com\/BmMRwA0TZ2DHGyhzoaVEWu\">acesse a comunidade Soja Brasil no WhatsApp! <\/a><\/em><\/strong><\/li>\n<\/ul>\n<p>Anfitri\u00e3 do evento, a produtora rural Caroline Vilela ressalta que os resultados do manejo s\u00e3o percebidos na pr\u00e1tica. &#8221;O solo passa a suportar melhor as adversidades clim\u00e1ticas, ret\u00e9m mais \u00e1gua, tem melhor aera\u00e7\u00e3o e maior teor de mat\u00e9ria org\u00e2nica, o que favorece o desenvolvimento das culturas e contribui para melhores produtividades\u201d, afirma.<\/p>\n<p>Ela tamb\u00e9m refor\u00e7a a import\u00e2ncia da troca de experi\u00eancias entre produtores. &#8221;Trabalhamos h\u00e1 anos com plantas de cobertura e milho consorciado, com foco na melhoria das safras seguintes. Esse manejo fortalece o solo e, com apoio da Embrapa, conseguimos evoluir essas t\u00e9cnicas e compartilhar esses resultados com outros produtores&#8221;, completa. <\/p>\n<p>A realiza\u00e7\u00e3o do evento por uma associada refor\u00e7a o compromisso do setor produtivo com a evolu\u00e7\u00e3o das pr\u00e1ticas agr\u00edcolas e a sustentabilidade da atividade no Tocantins.<\/p>\n<p>As inscri\u00e7\u00f5es podem ser realizadas neste <a href=\"https:\/\/docs.google.com\/forms\/d\/e\/1FAIpQLScz4rd6Cmr43LbTYRdDDdbul0Kjlh8-ZjB2Whx6aHOkB-E6RQ\/viewform\">link<\/a>. <\/p>\n<p>O post <a href=\"https:\/\/www.canalrural.com.br\/agricultura\/projeto-soja-brasil\/aprosoja-to-promove-dia-de-campo-com-foco-em-manejo-e-produtividade\/\">Aprosoja TO promove Dia de Campo com foco em manejo e produtividade<\/a> apareceu primeiro em <a href=\"https:\/\/www.canalrural.com.br\">Canal Rural<\/a>.<\/p>\n<p><br \/>\n<br \/><a href=\"https:\/\/www.canalrural.com.br\/agricultura\/projeto-soja-brasil\/aprosoja-to-promove-dia-de-campo-com-foco-em-manejo-e-produtividade\/\">Source link <\/a><\/p>\n","protected":false},"excerpt":{"rendered":"<p>Reprodu\u00e7\u00e3o Aprosoja Tocantins Produtores rurais, t\u00e9cnicos e profissionais do agroneg\u00f3cio t\u00eam encontro marcado na pr\u00f3xiam segunda-feira (4), das 7h \u00e0s<\/p>\n","protected":false},"author":1,"featured_media":30413,"comment_status":"open","ping_status":"open","sticky":false,"template":"","format":"standard","meta":{"_monsterinsights_skip_tracking":false,"_monsterinsights_sitenote_active":false,"_monsterinsights_sitenote_note":"","_monsterinsights_sitenote_category":0,"_uf_show_specific_survey":0,"_uf_disable_surveys":false,"footnotes":""},"categories":[1],"tags":[],"class_list":["post-30412","post","type-post","status-publish","format-standard","has-post-thumbnail","hentry","category-news"],"_links":{"self":[{"href":"https:\/\/agromt.news\/index.php?rest_route=\/wp\/v2\/posts\/30412"}],"collection":[{"href":"https:\/\/agromt.news\/index.php?rest_route=\/wp\/v2\/posts"}],"about":[{"href":"https:\/\/agromt.news\/index.php?rest_route=\/wp\/v2\/types\/post"}],"author":[{"embeddable":true,"href":"https:\/\/agromt.news\/index.php?rest_route=\/wp\/v2\/users\/1"}],"replies":[{"embeddable":true,"href":"https:\/\/agromt.news\/index.php?rest_route=%2Fwp%2Fv2%2Fcomments&post=30412"}],"version-history":[{"count":0,"href":"https:\/\/agromt.news\/index.php?rest_route=\/wp\/v2\/posts\/30412\/revisions"}],"wp:featuredmedia":[{"embeddable":true,"href":"https:\/\/agromt.news\/index.php?rest_route=\/wp\/v2\/media\/30413"}],"wp:attachment":[{"href":"https:\/\/agromt.news\/index.php?rest_route=%2Fwp%2Fv2%2Fmedia&parent=30412"}],"wp:term":[{"taxonomy":"category","embeddable":true,"href":"https:\/\/agromt.news\/index.php?rest_route=%2Fwp%2Fv2%2Fcategories&post=30412"},{"taxonomy":"post_tag","embeddable":true,"href":"https:\/\/agromt.news\/index.php?rest_route=%2Fwp%2Fv2%2Ftags&post=30412"}],"curies":[{"name":"wp","href":"https:\/\/api.w.org\/{rel}","templated":true}]}}