{"id":30410,"date":"2026-04-30T10:09:30","date_gmt":"2026-04-30T14:09:30","guid":{"rendered":"https:\/\/agromt.news\/?p=30410"},"modified":"2026-04-30T10:09:30","modified_gmt":"2026-04-30T14:09:30","slug":"acordo-mercosul-ue-abre-mercado-mas-impoe-desafios-distintos-para-cafe-e-frutas","status":"publish","type":"post","link":"https:\/\/agromt.news\/?p=30410","title":{"rendered":"Acordo Mercosul-UE abre mercado, mas imp\u00f5e desafios distintos para caf\u00e9 e frutas"},"content":{"rendered":"<p> <br \/>\n<\/p>\n<div>\n<figure><img decoding=\"async\" src=\"https:\/\/agromt.news\/wp-content\/uploads\/2026\/04\/Acordo-Mercosul-UE-abre-mercado-mas-impoe-desafios-distintos-para-cafe.jpg\" alt=\"Imagem mostra os impactos do acordo Mercosul-UE para setores como caf\u00e9 e frutas\" \/><figcaption>Imagem gerada por IA para o Canal Rural<\/figcaption><\/figure>\n<\/div>\n<p>O agroneg\u00f3cio brasileiro est\u00e1 cada vez mais perto de acessar o mercado europeu. Isso porque o acordo entre Mercosul e Uni\u00e3o Europeia entra em fase de implementa\u00e7\u00e3o provis\u00f3ria a partir desta sexta-feira, 1\u00ba de maio. Foram mais de duas d\u00e9cadas de negocia\u00e7\u00e3o.<\/p>\n<p>Nesse primeiro momento, o foco ser\u00e1 exclusivamente no <strong>Pilar Comercial<\/strong>, permitindo a redu\u00e7\u00e3o imediata de tarifas sem esperar a aprova\u00e7\u00e3o individual de todos os 27 parlamentos europeus. &#8220;O instrumento que entra em vigor tem nome pr\u00f3prio: Acordo Interino de Com\u00e9rcio&#8221;, explica Daniel Vargas, professor da Funda\u00e7\u00e3o Getulio Vargas (FGV).<\/p>\n<ul class=\"wp-block-list\">\n<li><em>Veja em primeira m\u00e3o tudo sobre agricultura, pecu\u00e1ria, economia e previs\u00e3o do tempo: <\/em><a href=\"https:\/\/news.google.com\/publications\/CAAqBwgKMPKZlQswq_mqAw?hl=pt-BR&amp;gl=BR&amp;ceid=BR%3Apt-419\"><em>siga o Canal Rural no Google News!<\/em><\/a><\/li>\n<\/ul>\n<p>O especialista destaca tamb\u00e9m que o benef\u00edcio tarif\u00e1rio n\u00e3o garante a venda autom\u00e1tica. &#8220;O acordo abre a porta tarif\u00e1ria, mas a <a href=\"https:\/\/www.canalrural.com.br\/tag\/eudr\/\">EUDR<\/a> (Regulamento da Uni\u00e3o Europeia para Produtos Livres de Desmatamento, na sigla em ingl\u00eas) exige o passe de entrada&#8221;, diz.<\/p>\n<p>Para Vargas, o sucesso da nova janela comercial vai depender da capacidade do produtor brasileiro de comprovar sua sustentabilidade na pr\u00e1tica, especialmente no caso do caf\u00e9.<\/p>\n<p>&#8220;Talvez seja o grande desafio do setor cafeeiro nos pr\u00f3ximos 18 meses&#8221;, afirma. Para as frutas, ele prev\u00ea que a menor press\u00e3o regulat\u00f3ria pode permitir uma captura mais r\u00e1pida dos benef\u00edcios, desde que superados os desafios sanit\u00e1rios e log\u00edsticos.<\/p>\n<h3 class=\"wp-block-heading\" id=\"h-cafe-soluvel-avanco-gradual-e-pressao-regulatoria\">Caf\u00e9 sol\u00favel: avan\u00e7o gradual e press\u00e3o regulat\u00f3ria<\/h3>\n<p>De um lado, oportunidades de mercado; de outro, efeitos que variam de setor para setor. No caso do caf\u00e9 sol\u00favel, o acordo prev\u00ea um cronograma de desgrava\u00e7\u00e3o \u2014 termo t\u00e9cnico utilizado \u2014 ao longo de quatro anos. J\u00e1 no primeiro per\u00edodo, h\u00e1 um abatimento inicial de 1,8 ponto percentual. Atualmente, a tarifa sobre o produto \u00e9 de 9%.<\/p>\n<p>Segundo Aguinaldo Jos\u00e9 de Lima, diretor executivo da Associa\u00e7\u00e3o Brasileira da Ind\u00fastria de Caf\u00e9 Sol\u00favel <a href=\"https:\/\/www.canalrural.com.br\/tag\/abics\/\">(Abics)<\/a>, o movimento tende a recuperar espa\u00e7o perdido pelo Brasil no mercado europeu. &#8220;H\u00e1 15 ou 16 anos o Brasil vendia 30% a mais para a Uni\u00e3o Europeia do que comercializa hoje&#8221;, afirma. <\/p>\n<p>Atualmente, o bloco responde por cerca de 20% a 22% das exporta\u00e7\u00f5es do setor, com volume pr\u00f3ximo de 16 mil toneladas anuais.<\/p>\n<p>Nesse contexto, a avalia\u00e7\u00e3o da entidade \u00e9 de que, mesmo em fase provis\u00f3ria, o acordo j\u00e1 gera impacto positivo. Lima destaca que as empresas associadas foram orientadas previamente e est\u00e3o em negocia\u00e7\u00e3o com clientes europeus, que passaram a demandar informa\u00e7\u00f5es sobre o novo cen\u00e1rio tarif\u00e1rio. <\/p>\n<p>A expectativa \u00e9 de crescimento gradual das exporta\u00e7\u00f5es \u00e0 medida que a tarifa for reduzida.<\/p>\n<h3 class=\"wp-block-heading\" id=\"h-frutas-ganho-mais-direto-e-cenario-misto\">Frutas: ganho mais direto e cen\u00e1rio misto<\/h3>\n<p>No setor de frutas, o impacto do acordo tende a ser mais imediato, embora varie conforme o produto. Algumas categorias, como a uva de mesa, ter\u00e3o tarifa zerada j\u00e1 na entrada em vigor do acordo, enquanto outras seguir\u00e3o cronogramas de redu\u00e7\u00e3o ao longo de quatro, sete ou at\u00e9 dez anos.<\/p>\n<p>Para Waldyr Promicia, presidente da Associa\u00e7\u00e3o Brasileira dos Produtores Exportadores de Frutas e Derivados <a href=\"https:\/\/www.canalrural.com.br\/tag\/abrafrutas\/\">(Abrafrutas)<\/a>, o cen\u00e1rio \u00e9 misto, mas positivo. \u201cDepende da fruta. H\u00e1 produtos com tarifa zero imediata e outros com cronograma de desgrava\u00e7\u00e3o\u201d, explica.<\/p>\n<p>Segundo ele, ainda \u00e9 cedo para estimar n\u00fameros consolidados, mas a tend\u00eancia \u00e9 de aumento da competitividade e da abertura de novas oportunidades no mercado europeu.<\/p>\n<p>Assim como no caf\u00e9, o setor j\u00e1 iniciou o processo de adapta\u00e7\u00e3o. A Abrafrutas orienta exportadores sobre ajustes na documenta\u00e7\u00e3o e nos requisitos exigidos pelos compradores europeus. A leitura \u00e9 de que o acordo representa um avan\u00e7o estrat\u00e9gico nas rela\u00e7\u00f5es comerciais e pode impulsionar o crescimento das exporta\u00e7\u00f5es no m\u00e9dio e longo prazo.<\/p>\n<h3 class=\"wp-block-heading\">Janela de oportunidade com desafios estruturais<\/h3>\n<p>Para Vargas, a redu\u00e7\u00e3o de tarifas amplia o acesso, mas a consolida\u00e7\u00e3o da competitividade brasileira no mercado europeu depender\u00e1 de ajustes internos, da organiza\u00e7\u00e3o de dados e da adapta\u00e7\u00e3o \u00e0s exig\u00eancias do bloco. &#8220;N\u00e3o \u00e9 um problema de produ\u00e7\u00e3o. \u00c9 um problema de arquitetura de conformidade&#8221;, avalia.<\/p>\n<p>A leitura geral, segundo o especialista, \u00e9 que o &#8220;1\u00ba de maio inaugura uma janela tarif\u00e1ria, mas n\u00e3o inaugura, sozinho, uma nova era de competitividade com o bloco europeu.&#8221;<\/p>\n<p>Outro ponto destacado pelo professor da FGV \u00e9 que a parte ambiental do acordo mais amplo segue em suspenso. Segundo ele, \u00e9 como se o &#8220;acordo entrasse em vigor com for\u00e7a total&#8221;, o que limita a capacidade de pa\u00edses cr\u00edticos ao acordo de interferir na redu\u00e7\u00e3o de tarifas no curto prazo.<\/p>\n<p>&#8220;Os pa\u00edses que s\u00e3o cr\u00edticos ao acordo [como Fran\u00e7a], est\u00e3o com m\u00e3os atadas. N\u00e3o podem mais interferir na parte comercial&#8221;, conclui.<\/p>\n<p>O post <a href=\"https:\/\/www.canalrural.com.br\/agricultura\/agronegocio\/acordo-mercosul-ue-abre-mercado-mas-impoe-desafios-distintos-para-cafe-e-frutas\/\">Acordo Mercosul-UE abre mercado, mas imp\u00f5e desafios distintos para caf\u00e9 e frutas<\/a> apareceu primeiro em <a href=\"https:\/\/www.canalrural.com.br\">Canal Rural<\/a>.<\/p>\n<p><br \/>\n<br \/><a href=\"https:\/\/www.canalrural.com.br\/agricultura\/agronegocio\/acordo-mercosul-ue-abre-mercado-mas-impoe-desafios-distintos-para-cafe-e-frutas\/\">Source link <\/a><\/p>\n","protected":false},"excerpt":{"rendered":"<p>Imagem gerada por IA para o Canal Rural O agroneg\u00f3cio brasileiro est\u00e1 cada vez mais perto de acessar o mercado<\/p>\n","protected":false},"author":1,"featured_media":30411,"comment_status":"open","ping_status":"open","sticky":false,"template":"","format":"standard","meta":{"_monsterinsights_skip_tracking":false,"_monsterinsights_sitenote_active":false,"_monsterinsights_sitenote_note":"","_monsterinsights_sitenote_category":0,"_uf_show_specific_survey":0,"_uf_disable_surveys":false,"footnotes":""},"categories":[1],"tags":[],"class_list":["post-30410","post","type-post","status-publish","format-standard","has-post-thumbnail","hentry","category-news"],"_links":{"self":[{"href":"https:\/\/agromt.news\/index.php?rest_route=\/wp\/v2\/posts\/30410"}],"collection":[{"href":"https:\/\/agromt.news\/index.php?rest_route=\/wp\/v2\/posts"}],"about":[{"href":"https:\/\/agromt.news\/index.php?rest_route=\/wp\/v2\/types\/post"}],"author":[{"embeddable":true,"href":"https:\/\/agromt.news\/index.php?rest_route=\/wp\/v2\/users\/1"}],"replies":[{"embeddable":true,"href":"https:\/\/agromt.news\/index.php?rest_route=%2Fwp%2Fv2%2Fcomments&post=30410"}],"version-history":[{"count":0,"href":"https:\/\/agromt.news\/index.php?rest_route=\/wp\/v2\/posts\/30410\/revisions"}],"wp:featuredmedia":[{"embeddable":true,"href":"https:\/\/agromt.news\/index.php?rest_route=\/wp\/v2\/media\/30411"}],"wp:attachment":[{"href":"https:\/\/agromt.news\/index.php?rest_route=%2Fwp%2Fv2%2Fmedia&parent=30410"}],"wp:term":[{"taxonomy":"category","embeddable":true,"href":"https:\/\/agromt.news\/index.php?rest_route=%2Fwp%2Fv2%2Fcategories&post=30410"},{"taxonomy":"post_tag","embeddable":true,"href":"https:\/\/agromt.news\/index.php?rest_route=%2Fwp%2Fv2%2Ftags&post=30410"}],"curies":[{"name":"wp","href":"https:\/\/api.w.org\/{rel}","templated":true}]}}