{"id":30395,"date":"2026-04-30T07:34:24","date_gmt":"2026-04-30T11:34:24","guid":{"rendered":"https:\/\/agromt.news\/?p=30395"},"modified":"2026-04-30T07:34:24","modified_gmt":"2026-04-30T11:34:24","slug":"frente-fria-chega-no-feriado-e-provoca-chuva-em-boa-parte-do-pais","status":"publish","type":"post","link":"https:\/\/agromt.news\/?p=30395","title":{"rendered":"Frente fria chega no feriado e provoca chuva em boa parte do pa\u00eds"},"content":{"rendered":"<p> <br \/>\n<\/p>\n<div>\n<figure><img decoding=\"async\" src=\"https:\/\/agromt.news\/wp-content\/uploads\/2024\/09\/frente-fria-estrada-nebulosidade-tempo-carregado-nuvens.jpg\" alt=\"tempo - nuvens carregadas - inmet frente fria - chuva\" \/><figcaption>Foto: Inmet\/Reprodu\u00e7\u00e3o<\/figcaption><\/figure>\n<\/div>\n<p>O feriado prolongado ser\u00e1 marcado por mudan\u00e7as no tempo em v\u00e1rias regi\u00f5es do Brasil. Entre sexta-feira (1\u00ba), s\u00e1bado (2) e domingo (3), a atua\u00e7\u00e3o de uma frente fria e \u00e1reas de instabilidade provoca chuva no Sul e no Sudeste, enquanto Norte e Nordeste seguem com pancadas frequentes.<\/p>\n<h2 class=\"wp-block-heading\" id=\"h-sul\">Sul<\/h2>\n<p><strong>Sexta-feira<\/strong><\/p>\n<p>Instabilidades ganham for\u00e7a no Rio Grande do Sul, com chuva moderada a forte, risco de temporais e acumulados elevados. Ao longo do dia, a frente fria avan\u00e7a e espalha a chuva por outras \u00e1reas do estado. Em Santa Catarina, a chuva atinge o sul e o interior, enquanto o Paran\u00e1 ainda tem predom\u00ednio de tempo firme, com precipita\u00e7\u00e3o fraca apenas no litoral.<\/p>\n<p><strong>S\u00e1bado<\/strong><\/p>\n<p>A frente fria mant\u00e9m o tempo inst\u00e1vel. A chuva se concentra no norte do Rio Grande do Sul e em \u00e1reas de Santa Catarina, com intensidade moderada a forte e risco de trovoadas. No Paran\u00e1, as instabilidades avan\u00e7am pelo sudoeste, mas grande parte do estado ainda registra tempo firme e calor.<\/p>\n<p><strong>Domingo<\/strong><\/p>\n<p>O tempo come\u00e7a mais est\u00e1vel na maior parte da regi\u00e3o. Ainda assim, h\u00e1 previs\u00e3o de pancadas de chuva no Paran\u00e1 e no norte de Santa Catarina, com intensidade moderada a forte ao longo do dia. No Rio Grande do Sul, o avan\u00e7o de uma massa de ar mais frio mant\u00e9m o tempo firme e temperaturas mais amenas.<\/p>\n<h2 class=\"wp-block-heading\" id=\"h-sudeste\">Sudeste<\/h2>\n<p><strong>Sexta-feira<\/strong><\/p>\n<p>O tempo permanece est\u00e1vel na maior parte da regi\u00e3o. H\u00e1 chance de chuva fraca no sul e litoral de S\u00e3o Paulo, al\u00e9m do litoral norte do Esp\u00edrito Santo e nordeste de Minas Gerais. Nas demais \u00e1reas, o sol predomina e as temperaturas sobem.<\/p>\n<p><strong>S\u00e1bado<\/strong><\/p>\n<p>O dia come\u00e7a com tempo firme. Ao longo da tarde, a aproxima\u00e7\u00e3o da frente fria favorece pancadas de chuva no sul e litoral de S\u00e3o Paulo, enquanto o restante da regi\u00e3o segue com predom\u00ednio de sol e calor.<\/p>\n<p><strong>Domingo<\/strong><\/p>\n<p>A frente fria avan\u00e7a pela costa e provoca chuva mais ampla. H\u00e1 risco de temporais e acumulados elevados no litoral de S\u00e3o Paulo e no sul do Rio de Janeiro. A chuva tamb\u00e9m se espalha pelo interior paulista e atinge \u00e1reas de Minas Gerais ao longo do dia. Com o aumento da nebulosidade, as temperaturas caem nessas regi\u00f5es.<\/p>\n<h2 class=\"wp-block-heading\" id=\"h-centro-oeste\">Centro-Oeste<\/h2>\n<p><strong>Sexta-feira<\/strong><\/p>\n<p>O tempo segue firme na maior parte da regi\u00e3o, com calor predominando. H\u00e1 previs\u00e3o de pancadas de chuva apenas no norte de Mato Grosso.<\/p>\n<p><strong>S\u00e1bado<\/strong><\/p>\n<p>O cen\u00e1rio muda pouco. O dia come\u00e7a com tempo firme, mas h\u00e1 possibilidade de chuva no sul e sudoeste de Mato Grosso do Sul, com intensidade moderada. Nas demais \u00e1reas, o sol predomina e as temperaturas continuam elevadas.<\/p>\n<p><strong>Domingo<\/strong><\/p>\n<p>A maior parte da regi\u00e3o permanece com tempo firme devido \u00e0 atua\u00e7\u00e3o de um sistema de alta press\u00e3o. A chuva fica concentrada no sul de Mato Grosso do Sul, com pancadas moderadas a fortes ao longo do dia.<\/p>\n<h2 class=\"wp-block-heading\" id=\"h-nordeste\">Nordeste<\/h2>\n<p><strong>Sexta-feira<\/strong><\/p>\n<p>A atua\u00e7\u00e3o da Zona de Converg\u00eancia Intertropical e da circula\u00e7\u00e3o mar\u00edtima mant\u00e9m o tempo inst\u00e1vel. H\u00e1 chuva moderada a forte entre o litoral do Rio Grande do Norte e Pernambuco, al\u00e9m de pancadas intensas no Maranh\u00e3o, norte do Piau\u00ed e Cear\u00e1.<\/p>\n<p><strong>S\u00e1bado<\/strong><\/p>\n<p>As instabilidades continuam. A chuva se intensifica na faixa norte da regi\u00e3o e no litoral, com risco de temporais no Maranh\u00e3o, Piau\u00ed, Cear\u00e1 e tamb\u00e9m entre Rio Grande do Norte e Pernambuco.<\/p>\n<p><strong>Domingo<\/strong><\/p>\n<p>O padr\u00e3o se mant\u00e9m. H\u00e1 pancadas moderadas a fortes na faixa norte e no litoral, com destaque para Maranh\u00e3o, Piau\u00ed e Cear\u00e1. No leste da regi\u00e3o, a chuva ocorre de forma mais fraca e isolada, enquanto o interior segue com tempo firme e quente.<\/p>\n<h2 class=\"wp-block-heading\" id=\"h-norte\">Norte<\/h2>\n<p><strong>Sexta-feira<\/strong><\/p>\n<p>a alta umidade mant\u00e9m o tempo inst\u00e1vel, com pancadas moderadas a fortes no Amazonas, Par\u00e1, Amap\u00e1 e Roraima. H\u00e1 risco de temporais ao longo do dia.<\/p>\n<p><strong>S\u00e1bado<\/strong><\/p>\n<p>As instabilidades aumentam e se espalham por grande parte da regi\u00e3o, com chuva frequente e risco de temporais, principalmente no Amazonas, Par\u00e1 e Amap\u00e1. Em Rond\u00f4nia e Tocantins, o tempo fica mais firme em alguns per\u00edodos.<\/p>\n<p><strong>Domingo<\/strong><\/p>\n<p>A chuva segue abrangente, com pancadas moderadas a fortes em praticamente toda a regi\u00e3o. O risco de temporais continua elevado, especialmente no Amazonas, Par\u00e1, Roraima e Amap\u00e1. O calor e a sensa\u00e7\u00e3o de abafamento persistem.<\/p>\n<p>O post <a href=\"https:\/\/www.canalrural.com.br\/previsao-do-tempo\/frente-fria-chega-no-feriado-e-provoca-chuva-em-boa-parte-do-pais\/\">Frente fria chega no feriado e provoca chuva em boa parte do pa\u00eds<\/a> apareceu primeiro em <a href=\"https:\/\/www.canalrural.com.br\">Canal Rural<\/a>.<\/p>\n<p><br \/>\n<br \/><a href=\"https:\/\/www.canalrural.com.br\/previsao-do-tempo\/frente-fria-chega-no-feriado-e-provoca-chuva-em-boa-parte-do-pais\/\">Source link <\/a><\/p>\n","protected":false},"excerpt":{"rendered":"<p>Foto: Inmet\/Reprodu\u00e7\u00e3o O feriado prolongado ser\u00e1 marcado por mudan\u00e7as no tempo em v\u00e1rias regi\u00f5es do Brasil. Entre sexta-feira (1\u00ba), s\u00e1bado<\/p>\n","protected":false},"author":1,"featured_media":25956,"comment_status":"open","ping_status":"open","sticky":false,"template":"","format":"standard","meta":{"_monsterinsights_skip_tracking":false,"_monsterinsights_sitenote_active":false,"_monsterinsights_sitenote_note":"","_monsterinsights_sitenote_category":0,"_uf_show_specific_survey":0,"_uf_disable_surveys":false,"footnotes":""},"categories":[1],"tags":[],"class_list":["post-30395","post","type-post","status-publish","format-standard","has-post-thumbnail","hentry","category-news"],"_links":{"self":[{"href":"https:\/\/agromt.news\/index.php?rest_route=\/wp\/v2\/posts\/30395"}],"collection":[{"href":"https:\/\/agromt.news\/index.php?rest_route=\/wp\/v2\/posts"}],"about":[{"href":"https:\/\/agromt.news\/index.php?rest_route=\/wp\/v2\/types\/post"}],"author":[{"embeddable":true,"href":"https:\/\/agromt.news\/index.php?rest_route=\/wp\/v2\/users\/1"}],"replies":[{"embeddable":true,"href":"https:\/\/agromt.news\/index.php?rest_route=%2Fwp%2Fv2%2Fcomments&post=30395"}],"version-history":[{"count":0,"href":"https:\/\/agromt.news\/index.php?rest_route=\/wp\/v2\/posts\/30395\/revisions"}],"wp:featuredmedia":[{"embeddable":true,"href":"https:\/\/agromt.news\/index.php?rest_route=\/wp\/v2\/media\/25956"}],"wp:attachment":[{"href":"https:\/\/agromt.news\/index.php?rest_route=%2Fwp%2Fv2%2Fmedia&parent=30395"}],"wp:term":[{"taxonomy":"category","embeddable":true,"href":"https:\/\/agromt.news\/index.php?rest_route=%2Fwp%2Fv2%2Fcategories&post=30395"},{"taxonomy":"post_tag","embeddable":true,"href":"https:\/\/agromt.news\/index.php?rest_route=%2Fwp%2Fv2%2Ftags&post=30395"}],"curies":[{"name":"wp","href":"https:\/\/api.w.org\/{rel}","templated":true}]}}