{"id":30387,"date":"2026-04-29T20:35:28","date_gmt":"2026-04-30T00:35:28","guid":{"rendered":"https:\/\/agromt.news\/?p=30387"},"modified":"2026-04-29T20:35:28","modified_gmt":"2026-04-30T00:35:28","slug":"trigo-recua-em-chicago-mas-segue-sustentado-por-oferta-global-restrita","status":"publish","type":"post","link":"https:\/\/agromt.news\/?p=30387","title":{"rendered":"Trigo recua em Chicago, mas segue sustentado por oferta global restrita"},"content":{"rendered":"<p> <br \/>\n<\/p>\n<p>Mesmo com queda nos contratos futuros, fundamentos ainda d\u00e3o suporte ao mercado; cen\u00e1rio exige aten\u00e7\u00e3o do produtor brasileiro \u00e0 comercializa\u00e7\u00e3o e custos de importa\u00e7\u00e3o<\/p>\n<div>\n<p><img decoding=\"async\" alt=\"Logotipo Not&#xED;cias Agr&#xED;colas\" height=\"21\" src=\"https:\/\/cdn.noticiasagricolas.com.br\/dbimagens\/e12363a00741f9cc7caf23469101a4aa.png\" width=\"106\"\/><\/p>\n<p>O mercado internacional de trigo encerrou o preg\u00e3o desta quinta-feira (17), em queda na Bolsa de Chicago, com ajustes t\u00e9cnicos ap\u00f3s recentes valoriza\u00e7\u00f5es. Apesar do recuo, o cen\u00e1rio global ainda \u00e9 de sustenta\u00e7\u00e3o nos pre\u00e7os, o que mant\u00e9m o alerta ligado para o produtor rural brasileiro.<\/p>\n<p>\nNo fechamento, o contrato de maio de 2026 foi cotado a US$ 5,91 por bushel, com recuo de 72 pontos. O vencimento julho de 2026 fechou a US$ 5,99 por bushel, tamb\u00e9m com baixa de 72 pontos. Para setembro de 2026, o contrato encerrou a US$ 6,11 por bushel, registrando queda de 64 pontos.\u00a0<\/p>\n<p>\nO movimento negativo do dia est\u00e1 ligado principalmente \u00e0 realiza\u00e7\u00e3o de lucros por parte dos investidores, ap\u00f3s sess\u00f5es consecutivas de alta. Esse tipo de ajuste \u00e9 comum em mercados futuros e n\u00e3o altera, neste momento, os fundamentos mais amplos da commodity.<\/p>\n<p>\nSegundo o analista e consultor de Safras &amp; Mercado, Elcio Bento, o vi\u00e9s do mercado ainda \u00e9 altista no m\u00e9dio prazo, sustentado por uma oferta global mais apertada e pela forte depend\u00eancia de importa\u00e7\u00e3o por pa\u00edses consumidores. Elcio destaca que problemas clim\u00e1ticos em regi\u00f5es produtoras e limita\u00e7\u00f5es na expans\u00e3o da \u00e1rea seguem no radar.<\/p>\n<p>\nPara o Brasil, o cen\u00e1rio continua sens\u00edvel. O pa\u00eds depende de importa\u00e7\u00f5es, principalmente da Argentina, e qualquer oscila\u00e7\u00e3o em Chicago impacta diretamente a forma\u00e7\u00e3o de pre\u00e7os internos. Mesmo com a queda desta sess\u00e3o, o n\u00edvel de pre\u00e7os ainda \u00e9 considerado elevado.<\/p>\n<p>\nOutro fator determinante \u00e9 o c\u00e2mbio. A valoriza\u00e7\u00e3o do d\u00f3lar pode anular eventuais quedas externas, mantendo os custos altos para moinhos e pressionando toda a cadeia.<\/p>\n<p>\nNo campo, o produtor brasileiro precisa manter uma estrat\u00e9gia equilibrada. O momento pede aten\u00e7\u00e3o tanto \u00e0s oportunidades de fixa\u00e7\u00e3o de pre\u00e7os quanto aos riscos associados ao cen\u00e1rio internacional, que segue vol\u00e1til.<\/p>\n<p>\nO fechamento desta quinta-feira mostra que, embora o mercado tenha recuado no curto prazo, os fundamentos seguem firmes. Para o produtor rural, acompanhar Chicago continua sendo pe\u00e7a-chave para decis\u00f5es mais assertivas na comercializa\u00e7\u00e3o do trigo.<\/p>\n<\/p><\/div>\n<p><script async defer src=\"https:\/\/connect.facebook.net\/en_US\/sdk.js\"><\/script><script>\n  !function(f,b,e,v,n,t,s)\n  {if(f.fbq)return;n=f.fbq=function(){n.callMethod?\n    n.callMethod.apply(n,arguments):n.queue.push(arguments)};\n    if(!f._fbq)f._fbq=n;n.push=n;n.loaded=!0;n.version='2.0';\n    n.queue=[];t=b.createElement(e);t.async=!0;\n    t.src=v;s=b.getElementsByTagName(e)[0];\n    s.parentNode.insertBefore(t,s)}(window, document,'script',\n    'https:\/\/connect.facebook.net\/en_US\/fbevents.js');\n  fbq('init', '153495679422335');\n  fbq('track', 'PageView');\n<\/script><br \/>\n<br \/><br \/>\n<br \/><a href=\"https:\/\/www.noticiasagricolas.com.br\/noticias\/trigo\/419278-trigo-recua-em-chicago-mas-segue-sustentado-por-oferta-global-restrita.html\">Source link <\/a><\/p>\n","protected":false},"excerpt":{"rendered":"<p>Mesmo com queda nos contratos futuros, fundamentos ainda d\u00e3o suporte ao mercado; cen\u00e1rio exige aten\u00e7\u00e3o do produtor brasileiro \u00e0 comercializa\u00e7\u00e3o<\/p>\n","protected":false},"author":1,"featured_media":30388,"comment_status":"open","ping_status":"open","sticky":false,"template":"","format":"standard","meta":{"_monsterinsights_skip_tracking":false,"_monsterinsights_sitenote_active":false,"_monsterinsights_sitenote_note":"","_monsterinsights_sitenote_category":0,"_uf_show_specific_survey":0,"_uf_disable_surveys":false,"footnotes":""},"categories":[8,1,14,16],"tags":[],"class_list":["post-30387","post","type-post","status-publish","format-standard","has-post-thumbnail","hentry","category-agro","category-news","category-politica-agro","category-safra"],"_links":{"self":[{"href":"https:\/\/agromt.news\/index.php?rest_route=\/wp\/v2\/posts\/30387"}],"collection":[{"href":"https:\/\/agromt.news\/index.php?rest_route=\/wp\/v2\/posts"}],"about":[{"href":"https:\/\/agromt.news\/index.php?rest_route=\/wp\/v2\/types\/post"}],"author":[{"embeddable":true,"href":"https:\/\/agromt.news\/index.php?rest_route=\/wp\/v2\/users\/1"}],"replies":[{"embeddable":true,"href":"https:\/\/agromt.news\/index.php?rest_route=%2Fwp%2Fv2%2Fcomments&post=30387"}],"version-history":[{"count":0,"href":"https:\/\/agromt.news\/index.php?rest_route=\/wp\/v2\/posts\/30387\/revisions"}],"wp:featuredmedia":[{"embeddable":true,"href":"https:\/\/agromt.news\/index.php?rest_route=\/wp\/v2\/media\/30388"}],"wp:attachment":[{"href":"https:\/\/agromt.news\/index.php?rest_route=%2Fwp%2Fv2%2Fmedia&parent=30387"}],"wp:term":[{"taxonomy":"category","embeddable":true,"href":"https:\/\/agromt.news\/index.php?rest_route=%2Fwp%2Fv2%2Fcategories&post=30387"},{"taxonomy":"post_tag","embeddable":true,"href":"https:\/\/agromt.news\/index.php?rest_route=%2Fwp%2Fv2%2Ftags&post=30387"}],"curies":[{"name":"wp","href":"https:\/\/api.w.org\/{rel}","templated":true}]}}