{"id":30385,"date":"2026-04-29T20:17:21","date_gmt":"2026-04-30T00:17:21","guid":{"rendered":"https:\/\/agromt.news\/?p=30385"},"modified":"2026-04-29T20:17:21","modified_gmt":"2026-04-30T00:17:21","slug":"banco-central-reduz-selic-para-145-ao-ano-pela-segunda-vez-seguida","status":"publish","type":"post","link":"https:\/\/agromt.news\/?p=30385","title":{"rendered":"Banco Central reduz Selic para 14,5% ao ano pela segunda vez seguida"},"content":{"rendered":"<p> <br \/>\n<\/p>\n<div>\n<figure><img decoding=\"async\" src=\"https:\/\/agromt.news\/wp-content\/uploads\/2025\/03\/3YLcpymZ-banco_central_mcajr_abr_0104222276-640x383-1.jpg\" alt=\"Banco Central\" \/><figcaption>Foto: Marcelo Casal Jr.\/Ag\u00eancia Brasil<\/figcaption><\/figure>\n<\/div>\n<p>Apesar das tens\u00f5es em torno da guerra no Oriente M\u00e9dio, o Banco Central (<a href=\"https:\/\/www.canalrural.com.br\/tag\/banco-central\/\">BC<\/a>) cortou os juros pela segunda vez seguida. Por unanimidade, o Comit\u00ea de Pol\u00edtica Monet\u00e1ria (<a href=\"https:\/\/www.canalrural.com.br\/tag\/copom\/\">Copom<\/a>) reduziu a Taxa Selic, juros b\u00e1sicos da economia, em 0,25 ponto percentual, para 14,5% ao ano. A decis\u00e3o era esperada pelo mercado financeiro.<img decoding=\"async\" src=\"https:\/\/agromt.news\/wp-content\/uploads\/2026\/04\/Banco-Central-reduz-Selic-para-145-ao-ano-pela-segunda.png\"><img decoding=\"async\" src=\"https:\/\/agromt.news\/wp-content\/uploads\/2026\/04\/Banco-Central-reduz-Selic-para-145-ao-ano-pela-segunda.gif\"><\/p>\n<p>De junho de 2025 a mar\u00e7o deste ano, a Selic ficou em 15% ao ano, o maior n\u00edvel em quase 20 anos. O Copom voltou a cortar os juros na reuni\u00e3o passada, num cen\u00e1rio de queda da infla\u00e7\u00e3o. No entanto, a guerra no <a href=\"https:\/\/www.canalrural.com.br\/tag\/oriente-medio\/\">Oriente M\u00e9dio<\/a>, que se refletiu no aumento dos\u00a0pre\u00e7os de combust\u00edveis e de alimentos, dificulta o trabalho do Copom.\u00a0<\/p>\n<ul class=\"wp-block-list\">\n<li><em>Veja em primeira m\u00e3o tudo sobre agricultura, pecu\u00e1ria, economia e previs\u00e3o do tempo:<\/em><a href=\"https:\/\/news.google.com\/publications\/CAAqBwgKMPKZlQswq_mqAw?hl=pt-BR&amp;gl=BR&amp;ceid=BR%3Apt-419\"><em> <\/em><strong><em>siga o Canal Rural no Google News!<\/em><\/strong><\/a><\/li>\n<\/ul>\n<p>O Copom estar\u00e1 desfalcado porque o mandato dos diretores de Organiza\u00e7\u00e3o do Sistema Financeiro, Renato Gomes, e de Pol\u00edtica Econ\u00f4mica, Paulo Pichetti, expirou no fim de 2025. O presidente Luiz In\u00e1cio Lula da Silva at\u00e9 agora n\u00e3o encaminhou as indica\u00e7\u00f5es dos substitutos ao Congresso Nacional.<\/p>\n<p>Na reuni\u00e3o deste m\u00eas, haver\u00e1 mais um desfalque. Nesta ter\u00e7a-feira (28), o Banco Central anunciou que o diretor de Administra\u00e7\u00e3o, Rodrigo Teixeira, se ausentar\u00e1 por causa do falecimento de um parente de primeiro grau.<\/p>\n<p>Em nota, o Copom n\u00e3o deu pistas sobre a evolu\u00e7\u00e3o dos juros. O texto informou que est\u00e1 monitorando a guerra no Oriente M\u00e9dio e os efeitos de um poss\u00edvel prolongamento sobre a infla\u00e7\u00e3o.<\/p>\n<p>&#8220;Nesse momento, as proje\u00e7\u00f5es de infla\u00e7\u00e3o apresentam distanciamento adicional em rela\u00e7\u00e3o \u00e0 meta no horizonte relevante para a pol\u00edtica monet\u00e1ria. Ao mesmo tempo, a incerteza acerca dessas proje\u00e7\u00f5es foi elevada consideravelmente, em fun\u00e7\u00e3o da falta de clareza sobre a dura\u00e7\u00e3o dos conflitos e de seus efeitos sobre os condicionantes dos modelos de proje\u00e7\u00e3o analisados&#8221;, destacou o comunicado.<\/p>\n<h2 class=\"wp-block-heading\" id=\"h-inflacao\">Infla\u00e7\u00e3o<\/h2>\n<p>A Selic \u00e9 o principal instrumento do Banco Central para manter sob controle a infla\u00e7\u00e3o oficial, medida pelo \u00cdndice Nacional de Pre\u00e7os ao Consumidor Amplo (IPCA). A pr\u00e9via da infla\u00e7\u00e3o oficial pelo \u00cdndice Nacional de Pre\u00e7os ao Consumidor Amplo-15 (IPCA-15) acelerou para 0,89% em abril. No acumulado de 12 meses, o \u00edndice acelerou para 4,37%, contra 3,9% em mar\u00e7o.<\/p>\n<p>Pelo novo sistema de meta cont\u00ednua, em vigor desde janeiro de 2025, a meta de infla\u00e7\u00e3o que deve ser perseguida pelo BC, definida pelo Conselho Monet\u00e1rio Nacional, \u00e9 de 3%, com intervalo de toler\u00e2ncia de 1,5 ponto percentual para cima ou para baixo. Ou seja, o limite inferior \u00e9 1,5% e o superior \u00e9 4,5%.<\/p>\n<p>No modelo de meta cont\u00ednua, a meta passa a ser apurada m\u00eas a m\u00eas, considerando a infla\u00e7\u00e3o acumulada em 12 meses. Em abril de 2026, a infla\u00e7\u00e3o desde maio de 2025 \u00e9 comparada com a meta e o intervalo de toler\u00e2ncia. Em maio de 2026, o procedimento se repete, com apura\u00e7\u00e3o a partir de junho de 2025. Dessa forma, a verifica\u00e7\u00e3o se desloca ao longo do tempo, n\u00e3o ficando mais restrita ao \u00edndice fechado de dezembro de cada ano.<\/p>\n<p>No \u00faltimo Relat\u00f3rio de Pol\u00edtica Monet\u00e1ria, divulgado no fim de mar\u00e7o pelo Banco Central, a autoridade monet\u00e1ria elevou, de 3,5% para 3,6%, a previs\u00e3o do IPCA em 2026, mas a estimativa ser\u00e1 revista, por causa do comportamento do d\u00f3lar e da infla\u00e7\u00e3o. A pr\u00f3xima edi\u00e7\u00e3o do documento, que substituiu o antigo Relat\u00f3rio de Infla\u00e7\u00e3o, ser\u00e1 divulgada no fim de junho.<\/p>\n<p>As previs\u00f5es do mercado est\u00e3o mais pessimistas. De acordo com o boletim Focus, pesquisa semanal com institui\u00e7\u00f5es financeiras divulgada pelo BC, a infla\u00e7\u00e3o oficial dever\u00e1 fechar o ano em 4,86%, acima do teto da meta, de 4,5%. Antes do in\u00edcio da guerra no Oriente M\u00e9dio, as estimativas do mercado estavam em 3,95%.<\/p>\n<h2 class=\"wp-block-heading\" id=\"h-credito-menos-caro\">Cr\u00e9dito menos caro<\/h2>\n<p>A redu\u00e7\u00e3o da taxa Selic impulsiona a economia. Isso porque juros mais baixos barateiam o cr\u00e9dito e estimulam a produ\u00e7\u00e3o e o consumo. Por outro lado, taxas menores dificultam o controle da infla\u00e7\u00e3o. No \u00faltimo <em>Relat\u00f3rio de Pol\u00edtica Monet\u00e1ria<\/em>, o Banco Central manteve em 1,6% a previs\u00e3o de crescimento da economia em 2026.<\/p>\n<p>O mercado projeta crescimento um pouco melhor. Segundo a \u00faltima edi\u00e7\u00e3o do boletim <em>Focus<\/em>, os analistas econ\u00f4micos preveem expans\u00e3o de 1,85% do PIB em 2026.<\/p>\n<p>A taxa b\u00e1sica de juros \u00e9 usada nas negocia\u00e7\u00f5es de t\u00edtulos p\u00fablicos no Sistema Especial de Liquida\u00e7\u00e3o e Cust\u00f3dia (Selic) e serve de refer\u00eancia para as demais taxas de juros da economia. Ao reajust\u00e1-la para cima, o Banco Central segura o excesso de demanda que pressiona os pre\u00e7os, porque juros mais altos encarecem o cr\u00e9dito e estimulam a poupan\u00e7a.<\/p>\n<p>Ao reduzir os juros b\u00e1sicos, o Copom barateia o cr\u00e9dito e incentiva a produ\u00e7\u00e3o e o consumo, mas enfraquece o controle da infla\u00e7\u00e3o. Para cortar a Selic, a autoridade monet\u00e1ria precisa estar segura de que os pre\u00e7os est\u00e3o sob controle e n\u00e3o correm risco de subir.<\/p>\n<p>O post <a href=\"https:\/\/www.canalrural.com.br\/economia\/banco-central-reduz-selic-para-145-ao-ano-pela-segunda-vez-seguida\/\">Banco Central reduz Selic para 14,5% ao ano pela segunda vez seguida<\/a> apareceu primeiro em <a href=\"https:\/\/www.canalrural.com.br\">Canal Rural<\/a>.<\/p>\n<p><br \/>\n<br \/><a href=\"https:\/\/www.canalrural.com.br\/economia\/banco-central-reduz-selic-para-145-ao-ano-pela-segunda-vez-seguida\/\">Source link <\/a><\/p>\n","protected":false},"excerpt":{"rendered":"<p>Foto: Marcelo Casal Jr.\/Ag\u00eancia Brasil Apesar das tens\u00f5es em torno da guerra no Oriente M\u00e9dio, o Banco Central (BC) cortou<\/p>\n","protected":false},"author":1,"featured_media":30386,"comment_status":"open","ping_status":"open","sticky":false,"template":"","format":"standard","meta":{"_monsterinsights_skip_tracking":false,"_monsterinsights_sitenote_active":false,"_monsterinsights_sitenote_note":"","_monsterinsights_sitenote_category":0,"_uf_show_specific_survey":0,"_uf_disable_surveys":false,"footnotes":""},"categories":[1],"tags":[],"class_list":["post-30385","post","type-post","status-publish","format-standard","has-post-thumbnail","hentry","category-news"],"_links":{"self":[{"href":"https:\/\/agromt.news\/index.php?rest_route=\/wp\/v2\/posts\/30385"}],"collection":[{"href":"https:\/\/agromt.news\/index.php?rest_route=\/wp\/v2\/posts"}],"about":[{"href":"https:\/\/agromt.news\/index.php?rest_route=\/wp\/v2\/types\/post"}],"author":[{"embeddable":true,"href":"https:\/\/agromt.news\/index.php?rest_route=\/wp\/v2\/users\/1"}],"replies":[{"embeddable":true,"href":"https:\/\/agromt.news\/index.php?rest_route=%2Fwp%2Fv2%2Fcomments&post=30385"}],"version-history":[{"count":0,"href":"https:\/\/agromt.news\/index.php?rest_route=\/wp\/v2\/posts\/30385\/revisions"}],"wp:featuredmedia":[{"embeddable":true,"href":"https:\/\/agromt.news\/index.php?rest_route=\/wp\/v2\/media\/30386"}],"wp:attachment":[{"href":"https:\/\/agromt.news\/index.php?rest_route=%2Fwp%2Fv2%2Fmedia&parent=30385"}],"wp:term":[{"taxonomy":"category","embeddable":true,"href":"https:\/\/agromt.news\/index.php?rest_route=%2Fwp%2Fv2%2Fcategories&post=30385"},{"taxonomy":"post_tag","embeddable":true,"href":"https:\/\/agromt.news\/index.php?rest_route=%2Fwp%2Fv2%2Ftags&post=30385"}],"curies":[{"name":"wp","href":"https:\/\/api.w.org\/{rel}","templated":true}]}}