{"id":30383,"date":"2026-04-29T20:03:22","date_gmt":"2026-04-30T00:03:22","guid":{"rendered":"https:\/\/agromt.news\/?p=30383"},"modified":"2026-04-29T20:03:22","modified_gmt":"2026-04-30T00:03:22","slug":"cna-solicita-reducao-da-burocracia-no-credito-rural-e-mudancas-em-regras-ambientais-2","status":"publish","type":"post","link":"https:\/\/agromt.news\/?p=30383","title":{"rendered":"CNA solicita redu\u00e7\u00e3o da burocracia no cr\u00e9dito rural e mudan\u00e7as em regras ambientais"},"content":{"rendered":"<p> <br \/>\n<\/p>\n<div>\n<figure><img decoding=\"async\" src=\"https:\/\/agromt.news\/wp-content\/uploads\/2026\/04\/CNA-solicita-reducao-da-burocracia-no-credito-rural-e-mudancas.jpeg\" alt=\"Plano Safra da agricultura familiar ser\u00e1 de R$ 77,7 bilh\u00f5es; confira detalhes rural\" \/><figcaption>Foto: Minist\u00e9rio da Agricultura<\/figcaption><\/figure>\n<\/div>\n<p>A Confedera\u00e7\u00e3o da Agricultura e Pecu\u00e1ria do Brasil (<a href=\"https:\/\/www.canalrural.com.br\/tag\/cna\/\">CNA<\/a>) encaminhou propostas para o Plano Safra defendendo a redu\u00e7\u00e3o da burocracia no acesso ao cr\u00e9dito rural e altera\u00e7\u00f5es em regras ambientais que, segundo a entidade, v\u00eam dificultando o financiamento aos produtores.<\/p>\n<p>Entre os principais pontos apresentados est\u00e1 a revis\u00e3o de exig\u00eancias consideradas entraves na libera\u00e7\u00e3o dos recursos, como mudan\u00e7as recentes no Programa de Regulariza\u00e7\u00e3o Ambiental, que, na avalia\u00e7\u00e3o da CNA, t\u00eam restringido o acesso de produtores ao cr\u00e9dito.<\/p>\n<figure class=\"wp-block-embed wp-embed-aspect-16-9 wp-has-aspect-ratio  is-type-video is-provider-youtube wp-block-embed-youtube\">\n<div class=\"wp-block-embed__wrapper video-seo-youtube-embed-wrapper\">\n<div class=\"video-seo-youtube-player\" data-id=\"0grT7_06ApU\"><\/div>\n<\/div>\n<\/figure>\n<p>A entidade argumenta que n\u00e3o \u00e9 contr\u00e1ria \u00e0s exig\u00eancias ambientais, mas considera que obriga\u00e7\u00f5es relacionadas \u00e0 fiscaliza\u00e7\u00e3o e regulariza\u00e7\u00e3o n\u00e3o devem ser transferidas \u00e0s institui\u00e7\u00f5es financeiras, o que acaba ampliando a burocracia e atrasando a concess\u00e3o de financiamentos.<\/p>\n<p>&#8220;A quest\u00e3o do Prodes que recentemente foi alterado, o que tem dificultado o acesso aos produtores. Ningu\u00e9m aqui \u00e9 contra as quest\u00f5es ambientais. S\u00f3 acreditamos que isso n\u00e3o deve ser imputado, um trabalho dos \u00f3rg\u00e3os ambientais aos bancos&#8221;, destaca o diretor t\u00e9cnico da CNA, Bruno Lucchi.<\/p>\n<p>Outro tema levado pela CNA ao governo \u00e9 a situa\u00e7\u00e3o de endividamento dos produtores rurais. A confedera\u00e7\u00e3o defende ajustes em projetos de lei em tramita\u00e7\u00e3o para ampliar prazos, garantir fontes de recursos e permitir a recupera\u00e7\u00e3o financeira dos produtores.<\/p>\n<p>&#8220;Temos a\u00ed um projeto de lei que est\u00e1 para ser votado, que precisa de algumas adequa\u00e7\u00f5es, precisa realmente buscar fontes, adequar prazos para que o produtor possa recuperar a sua sa\u00fade financeira e a\u00ed sim aproveitar todos os benef\u00edcios do Plano Safra&#8221;, completa Lucci.<\/p>\n<p>Segundo a CNA, essas medidas s\u00e3o fundamentais para que os agricultores consigam acessar os benef\u00edcios do pr\u00f3ximo Plano Safra e tenham condi\u00e7\u00f5es de manter os investimentos na produ\u00e7\u00e3o.<\/p>\n<p>O post <a href=\"https:\/\/www.canalrural.com.br\/agricultura\/cna-solicita-reducao-da-burocracia-no-credito-rural-e-mudancas-em-regras-ambientais-2\/\">CNA solicita redu\u00e7\u00e3o da burocracia no cr\u00e9dito rural e mudan\u00e7as em regras ambientais<\/a> apareceu primeiro em <a href=\"https:\/\/www.canalrural.com.br\">Canal Rural<\/a>.<\/p>\n<p><br \/>\n<br \/><a href=\"https:\/\/www.canalrural.com.br\/agricultura\/cna-solicita-reducao-da-burocracia-no-credito-rural-e-mudancas-em-regras-ambientais-2\/\">Source link <\/a><\/p>\n","protected":false},"excerpt":{"rendered":"<p>Foto: Minist\u00e9rio da Agricultura A Confedera\u00e7\u00e3o da Agricultura e Pecu\u00e1ria do Brasil (CNA) encaminhou propostas para o Plano Safra defendendo<\/p>\n","protected":false},"author":1,"featured_media":30384,"comment_status":"open","ping_status":"open","sticky":false,"template":"","format":"standard","meta":{"_monsterinsights_skip_tracking":false,"_monsterinsights_sitenote_active":false,"_monsterinsights_sitenote_note":"","_monsterinsights_sitenote_category":0,"_uf_show_specific_survey":0,"_uf_disable_surveys":false,"footnotes":""},"categories":[1],"tags":[],"class_list":["post-30383","post","type-post","status-publish","format-standard","has-post-thumbnail","hentry","category-news"],"_links":{"self":[{"href":"https:\/\/agromt.news\/index.php?rest_route=\/wp\/v2\/posts\/30383"}],"collection":[{"href":"https:\/\/agromt.news\/index.php?rest_route=\/wp\/v2\/posts"}],"about":[{"href":"https:\/\/agromt.news\/index.php?rest_route=\/wp\/v2\/types\/post"}],"author":[{"embeddable":true,"href":"https:\/\/agromt.news\/index.php?rest_route=\/wp\/v2\/users\/1"}],"replies":[{"embeddable":true,"href":"https:\/\/agromt.news\/index.php?rest_route=%2Fwp%2Fv2%2Fcomments&post=30383"}],"version-history":[{"count":0,"href":"https:\/\/agromt.news\/index.php?rest_route=\/wp\/v2\/posts\/30383\/revisions"}],"wp:featuredmedia":[{"embeddable":true,"href":"https:\/\/agromt.news\/index.php?rest_route=\/wp\/v2\/media\/30384"}],"wp:attachment":[{"href":"https:\/\/agromt.news\/index.php?rest_route=%2Fwp%2Fv2%2Fmedia&parent=30383"}],"wp:term":[{"taxonomy":"category","embeddable":true,"href":"https:\/\/agromt.news\/index.php?rest_route=%2Fwp%2Fv2%2Fcategories&post=30383"},{"taxonomy":"post_tag","embeddable":true,"href":"https:\/\/agromt.news\/index.php?rest_route=%2Fwp%2Fv2%2Ftags&post=30383"}],"curies":[{"name":"wp","href":"https:\/\/api.w.org\/{rel}","templated":true}]}}