{"id":30382,"date":"2026-04-29T19:58:21","date_gmt":"2026-04-29T23:58:21","guid":{"rendered":"https:\/\/agromt.news\/?p=30382"},"modified":"2026-04-29T19:58:21","modified_gmt":"2026-04-29T23:58:21","slug":"lista-de-peixes-e-invertebrados-ameacados-de-extincao-e-atualizada","status":"publish","type":"post","link":"https:\/\/agromt.news\/?p=30382","title":{"rendered":"Lista de peixes e invertebrados amea\u00e7ados de extin\u00e7\u00e3o \u00e9 atualizada"},"content":{"rendered":"<p> <br \/>\n<\/p>\n<div>\n<p style=\"text-align:justify\">A Lista Nacional Oficial de Esp\u00e9cies da Fauna Amea\u00e7adas de Extin\u00e7\u00e3o para Peixes e Invertebrados Aqu\u00e1ticos foi atualizada nesta ter\u00e7a-feira (28). A revis\u00e3o iniciada em 2024, incluiu novas 100 esp\u00e9cies e excluiu o mesmo n\u00famero, mantendo 490 esp\u00e9cies classificadas.&#13;\n<\/p>\n<p style=\"text-align:justify\">Peixes, arraias, tubar\u00f5es, estrelas-do-mar e mais centenas de esp\u00e9cies que vivem no continente e no mar brasileiro foram analisados em rela\u00e7\u00e3o ao risco de extin\u00e7\u00e3o e, conforme a atual situa\u00e7\u00e3o, foram classificados como Vulner\u00e1vel (VU), Em Perigo (EN) e Criticamente em Perigo (CR).<\/p>\n<p style=\"text-align:justify\">Segundo o ministro de Meio Ambiente e Mudan\u00e7a do Clima, Jo\u00e3o Paulo Capobianco, a atualiza\u00e7\u00e3o \u00e9 o resultado de uma robusta an\u00e1lise t\u00e9cnica para identificar a efetiva situa\u00e7\u00e3o da fauna brasileira a partir de um esfor\u00e7o conjunto de governos, academia, sociedade civil e setor econ\u00f4mico.&#13;\n<\/p>\n<p style=\"text-align:justify\">\u201cO objetivo, a partir desta iniciativa, \u00e9 mobilizar a\u00e7\u00f5es para que as esp\u00e9cies atualmente pressionadas por diversos fatores tenham suas popula\u00e7\u00f5es recuperadas\u201d, refor\u00e7a.<\/p>\n<p style=\"text-align:justify\">A nova lista substitui a vers\u00e3o de 2014 e foi revisada a partir de crit\u00e9rios da Uni\u00e3o Internacional para a Conserva\u00e7\u00e3o da Natureza (IUCN, na sigla em ingl\u00eas), adotados para a avalia\u00e7\u00e3o do tamanho das popula\u00e7\u00f5es, distribui\u00e7\u00e3o geogr\u00e1fica, condi\u00e7\u00f5es de conserva\u00e7\u00e3o dos habitats e press\u00f5es como captura e polui\u00e7\u00e3o.<\/p>\n<p style=\"text-align:justify\">Al\u00e9m da lista, o Minist\u00e9rio do Meio Ambiente publicou tamb\u00e9m regras e restri\u00e7\u00f5es para prote\u00e7\u00e3o das esp\u00e9cies classificadas e recupera\u00e7\u00e3o de suas popula\u00e7\u00f5es. S\u00e3o medidas como a proibi\u00e7\u00e3o da captura, transporte, comercializa\u00e7\u00e3o e armazenamento e, ainda, diretrizes para a elabora\u00e7\u00e3o de planos de recupera\u00e7\u00e3o.&#13;\n<\/p>\n<p style=\"text-align:justify\">De acordo com o Minist\u00e9rio do Meio Ambiente e Mudan\u00e7a do Clima, j\u00e1 est\u00e3o sendo revisados alguns planos de recupera\u00e7\u00e3o de esp\u00e9cies reclassificadas, como o pargo (Lutjanus purpureus), que passou de VU para EN, na lista.<\/p>\n<p style=\"text-align:justify\">Com o novo enquadramento, a esp\u00e9cie ter\u00e1 as medidas de prote\u00e7\u00e3o e manejo intensificadas com o objetivo de reduzir as press\u00f5es causadas pela sobrepesca e captura intensiva de indiv\u00edduos jovens.<\/p>\n<p style=\"text-align:justify\">Segundo Capobianco, esse \u00e9 um esfor\u00e7o que ter\u00e1 gest\u00e3o compartilhada como o Minist\u00e9rio da Pesca e Aquicultura, objetivando a recomposi\u00e7\u00e3o das popula\u00e7\u00f5es e a continuidade da atividade econ\u00f4mica.<\/p>\n<p style=\"text-align:justify\">\u201cQuando falamos em sustentabilidade na pesca, falamos em garantir equil\u00edbrio: proteger a esp\u00e9cie, respeitar a ci\u00eancia e assegurar que a atividade pesqueira continue gerando alimento, renda e desenvolvimento para o Brasil. O pargo tem grande import\u00e2ncia econ\u00f4mica, mas s\u00f3 haver\u00e1 futuro para essa cadeia se houver responsabilidade no presente\u201d, refor\u00e7a o ministro da Pesca e Aquicultura, Edipo Araujo.<\/p>\n<\/p><\/div>\n<p><script data-cfasync=\"false\">\n    !function (f, b, e, v, n, t, s) {\n        if (f.fbq) return; n = f.fbq = function () {\n            n.callMethod ?\n                n.callMethod.apply(n, arguments) : n.queue.push(arguments)\n        };\n        if (!f._fbq) f._fbq = n; n.push = n; n.loaded = !0; n.version = '2.0';\n        n.queue = []; t = b.createElement(e); t.async = !0;\n        t.src = v; s = b.getElementsByTagName(e)[0];\n        s.parentNode.insertBefore(t, s)\n    }(window, document, 'script',\n        'https:\/\/connect.facebook.net\/en_US\/fbevents.js');\n    fbq('init', '522546078623747');\n    fbq('track', 'PageView');\n<\/script><br \/>\n<br \/><br \/>\n<br \/><a href=\"https:\/\/www.agrolink.com.br\/noticias\/lista-de-peixes-e-invertebrados-ameacados-de-extincao-e-atualizada_513624.html\">Source link <\/a><\/p>\n","protected":false},"excerpt":{"rendered":"<p>A Lista Nacional Oficial de Esp\u00e9cies da Fauna Amea\u00e7adas de Extin\u00e7\u00e3o para Peixes e Invertebrados Aqu\u00e1ticos foi atualizada nesta ter\u00e7a-feira<\/p>\n","protected":false},"author":1,"featured_media":16652,"comment_status":"open","ping_status":"open","sticky":false,"template":"","format":"standard","meta":{"_monsterinsights_skip_tracking":false,"_monsterinsights_sitenote_active":false,"_monsterinsights_sitenote_note":"","_monsterinsights_sitenote_category":0,"_uf_show_specific_survey":0,"_uf_disable_surveys":false,"footnotes":""},"categories":[8,1,14],"tags":[],"class_list":["post-30382","post","type-post","status-publish","format-standard","has-post-thumbnail","hentry","category-agro","category-news","category-politica-agro"],"_links":{"self":[{"href":"https:\/\/agromt.news\/index.php?rest_route=\/wp\/v2\/posts\/30382"}],"collection":[{"href":"https:\/\/agromt.news\/index.php?rest_route=\/wp\/v2\/posts"}],"about":[{"href":"https:\/\/agromt.news\/index.php?rest_route=\/wp\/v2\/types\/post"}],"author":[{"embeddable":true,"href":"https:\/\/agromt.news\/index.php?rest_route=\/wp\/v2\/users\/1"}],"replies":[{"embeddable":true,"href":"https:\/\/agromt.news\/index.php?rest_route=%2Fwp%2Fv2%2Fcomments&post=30382"}],"version-history":[{"count":0,"href":"https:\/\/agromt.news\/index.php?rest_route=\/wp\/v2\/posts\/30382\/revisions"}],"wp:featuredmedia":[{"embeddable":true,"href":"https:\/\/agromt.news\/index.php?rest_route=\/wp\/v2\/media\/16652"}],"wp:attachment":[{"href":"https:\/\/agromt.news\/index.php?rest_route=%2Fwp%2Fv2%2Fmedia&parent=30382"}],"wp:term":[{"taxonomy":"category","embeddable":true,"href":"https:\/\/agromt.news\/index.php?rest_route=%2Fwp%2Fv2%2Fcategories&post=30382"},{"taxonomy":"post_tag","embeddable":true,"href":"https:\/\/agromt.news\/index.php?rest_route=%2Fwp%2Fv2%2Ftags&post=30382"}],"curies":[{"name":"wp","href":"https:\/\/api.w.org\/{rel}","templated":true}]}}