{"id":30381,"date":"2026-04-29T19:49:24","date_gmt":"2026-04-29T23:49:24","guid":{"rendered":"https:\/\/agromt.news\/?p=30381"},"modified":"2026-04-29T19:49:24","modified_gmt":"2026-04-29T23:49:24","slug":"escalas-alongadas-e-menor-capacidade-de-retencao-seguem-no-foco-do-mercado-do-boi-gordo","status":"publish","type":"post","link":"https:\/\/agromt.news\/?p=30381","title":{"rendered":"Escalas alongadas e menor capacidade de reten\u00e7\u00e3o seguem no foco do mercado do boi gordo"},"content":{"rendered":"<p> <br \/>\n<\/p>\n<div>\n<figure><img decoding=\"async\" src=\"https:\/\/imagens-cdn.canalrural.com.br\/wp-content\/uploads\/boi-gordo-mt.jpg\" alt=\"par\u00e1, boi, vaca louca - protocolo\" \/><figcaption>Foto: Christiano Antonucci\/Secom-MT<\/figcaption><\/figure>\n<\/div>\n<p>O <a href=\"https:\/\/www.canalrural.com.br\/?s=mercado+f%C3%ADsico+do+boi+gordo\">mercado f\u00edsico do boi gordo<\/a> voltou a registrar tentativas de compra em patamares mais baixos nesta quarta-feira (29), refletindo a posi\u00e7\u00e3o mais confort\u00e1vel das escalas de abate por parte dos frigor\u00edficos. O movimento indica uma press\u00e3o mais recorrente sobre os pre\u00e7os, em linha com o comportamento sazonal do per\u00edodo.<\/p>\n<p>De acordo com o analista da <a href=\"https:\/\/safras.com.br\/\">Safras &amp; Mercado<\/a>, Fernando Henrique Iglesias, a menor capacidade de reten\u00e7\u00e3o dos animais no campo, causada pela perda de qualidade das pastagens, segue como um dos principais fatores de press\u00e3o. Essa condi\u00e7\u00e3o \u00e9 mais evidente em estados como Goi\u00e1s e Minas Gerais, enquanto Mato Grosso e regi\u00f5es do Norte ainda apresentam pastagens mais vigorosas.<\/p>\n<p>Outro ponto que permanece no radar \u00e9 a progress\u00e3o da cota chinesa, com expectativa de esgotamento em meados de junho, o que tamb\u00e9m influencia as estrat\u00e9gias do mercado.<\/p>\n<h2 class=\"wp-block-heading\" id=\"h-boi-gordo-no-brasil-precos\">Boi gordo no Brasil (pre\u00e7os):<\/h2>\n<ul class=\"wp-block-list\">\n<li><strong>S\u00e3o Paulo (SP): <\/strong>R$ 355,58 (modalidade a prazo) <\/li>\n<li><strong> Goi\u00e1s (GO):<\/strong> R$ 340,89<\/li>\n<li> <strong>Minas Gerais (MG):<\/strong> R$ 339,88<\/li>\n<li><strong> Mato Grosso do Sul (MS): <\/strong>R$ 350,34<\/li>\n<li><strong>Mato Grosso (MT):<\/strong> R$ 355,95<\/li>\n<\/ul>\n<h2 class=\"wp-block-heading\" id=\"h-atacado\">Atacado<\/h2>\n<p>No mercado atacadista, os pre\u00e7os permaneceram est\u00e1veis ao longo do dia. O ambiente de neg\u00f3cios ainda indica menor espa\u00e7o para reajustes no restante do m\u00eas, refletindo o consumo mais fraco t\u00edpico da segunda quinzena. Al\u00e9m disso, a carne bovina segue com menor competitividade frente a prote\u00ednas concorrentes, especialmente a carne de frango.<\/p>\n<p>Os cortes seguem nos mesmos patamares, com o quarto dianteiro cotado a R$ 23,50 por quilo, o quarto traseiro a R$ 28,50 e a ponta de agulha a R$ 21,50 por quilo.<\/p>\n<h2 class=\"wp-block-heading\" id=\"h-cambio\">C\u00e2mbio<\/h2>\n<p>No c\u00e2mbio, o d\u00f3lar comercial encerrou o dia com alta de 0,39%, negociado a R$ 5,0014 para venda e R$ 4,9994 para compra, oscilando entre R$ 4,9793 e R$ 5,0138 ao longo da sess\u00e3o.<\/p>\n<\/p>\n<p>O post <a href=\"https:\/\/www.canalrural.com.br\/pecuaria\/escalas-alongadas-e-menor-capacidade-de-retencao-seguem-no-foco-do-mercado-do-boi-gordo\/\">Escalas alongadas e menor capacidade de reten\u00e7\u00e3o seguem no foco do mercado do boi gordo<\/a> apareceu primeiro em <a href=\"https:\/\/www.canalrural.com.br\">Canal Rural<\/a>.<\/p>\n<p><br \/>\n<br \/><a href=\"https:\/\/www.canalrural.com.br\/pecuaria\/escalas-alongadas-e-menor-capacidade-de-retencao-seguem-no-foco-do-mercado-do-boi-gordo\/\">Source link <\/a><\/p>\n","protected":false},"excerpt":{"rendered":"<p>Foto: Christiano Antonucci\/Secom-MT O mercado f\u00edsico do boi gordo voltou a registrar tentativas de compra em patamares mais baixos nesta<\/p>\n","protected":false},"author":1,"featured_media":3665,"comment_status":"open","ping_status":"open","sticky":false,"template":"","format":"standard","meta":{"_monsterinsights_skip_tracking":false,"_monsterinsights_sitenote_active":false,"_monsterinsights_sitenote_note":"","_monsterinsights_sitenote_category":0,"_uf_show_specific_survey":0,"_uf_disable_surveys":false,"footnotes":""},"categories":[1],"tags":[],"class_list":["post-30381","post","type-post","status-publish","format-standard","has-post-thumbnail","hentry","category-news"],"_links":{"self":[{"href":"https:\/\/agromt.news\/index.php?rest_route=\/wp\/v2\/posts\/30381"}],"collection":[{"href":"https:\/\/agromt.news\/index.php?rest_route=\/wp\/v2\/posts"}],"about":[{"href":"https:\/\/agromt.news\/index.php?rest_route=\/wp\/v2\/types\/post"}],"author":[{"embeddable":true,"href":"https:\/\/agromt.news\/index.php?rest_route=\/wp\/v2\/users\/1"}],"replies":[{"embeddable":true,"href":"https:\/\/agromt.news\/index.php?rest_route=%2Fwp%2Fv2%2Fcomments&post=30381"}],"version-history":[{"count":0,"href":"https:\/\/agromt.news\/index.php?rest_route=\/wp\/v2\/posts\/30381\/revisions"}],"wp:featuredmedia":[{"embeddable":true,"href":"https:\/\/agromt.news\/index.php?rest_route=\/wp\/v2\/media\/3665"}],"wp:attachment":[{"href":"https:\/\/agromt.news\/index.php?rest_route=%2Fwp%2Fv2%2Fmedia&parent=30381"}],"wp:term":[{"taxonomy":"category","embeddable":true,"href":"https:\/\/agromt.news\/index.php?rest_route=%2Fwp%2Fv2%2Fcategories&post=30381"},{"taxonomy":"post_tag","embeddable":true,"href":"https:\/\/agromt.news\/index.php?rest_route=%2Fwp%2Fv2%2Ftags&post=30381"}],"curies":[{"name":"wp","href":"https:\/\/api.w.org\/{rel}","templated":true}]}}