{"id":30380,"date":"2026-04-29T19:35:32","date_gmt":"2026-04-29T23:35:32","guid":{"rendered":"https:\/\/agromt.news\/?p=30380"},"modified":"2026-04-29T19:35:32","modified_gmt":"2026-04-29T23:35:32","slug":"futuro-da-alimentacao-global-passa-por-producao-sustentavel-e-protagonismo-brasileiro","status":"publish","type":"post","link":"https:\/\/agromt.news\/?p=30380","title":{"rendered":"Futuro da alimenta\u00e7\u00e3o global passa por produ\u00e7\u00e3o sustent\u00e1vel e protagonismo brasileiro"},"content":{"rendered":"<p> <br \/>\n<\/p>\n<div>\n<figure><img decoding=\"async\" src=\"https:\/\/agromt.news\/wp-content\/uploads\/2025\/10\/Dia-Mundial-da-Alimentacao-reforca-papel-do-agro-na-seguranca.jpg\" alt=\"Dia Mundial da Alimenta\u00e7\u00e3o, alimentos, seguran\u00e7a alimentar\" \/><figcaption>Foto: Freepik<\/figcaption><\/figure>\n<\/div>\n<p id=\"block-5693d10f-06d3-4c91-b205-469e786b1e71\">Garantir alimento suficiente, acess\u00edvel e produzido de forma sustent\u00e1vel para uma popula\u00e7\u00e3o global crescente \u00e9 um dos maiores desafios da atualidade. Com cerca de 670 milh\u00f5es de pessoas em situa\u00e7\u00e3o de fome e mais de 2 bilh\u00f5es vivendo algum grau de inseguran\u00e7a alimentar, o debate sobre seguran\u00e7a alimentar ganha cada vez mais urg\u00eancia.<\/p>\n<p id=\"block-b4cf6157-2023-477e-885b-2e0b13b9421a\">Al\u00e9m de aumentar a produ\u00e7\u00e3o, especialistas defendem que ser\u00e1 necess\u00e1rio ampliar a efici\u00eancia dos sistemas produtivos, reduzir desperd\u00edcios e investir em pr\u00e1ticas sustent\u00e1veis.<\/p>\n<ul id=\"block-dd96a739-0c55-4ef8-a085-ab83522877ea\" class=\"wp-block-list\">\n<li><em>Veja em primeira m\u00e3o tudo sobre agricultura, pecu\u00e1ria, economia e previs\u00e3o do tempo:<\/em><a href=\"https:\/\/news.google.com\/publications\/CAAqBwgKMPKZlQswq_mqAw?hl=pt-BR&amp;gl=BR&amp;ceid=BR%3Apt-419\"><strong><em>siga o Canal Rural no Google News!<\/em><\/strong><\/a><\/li>\n<\/ul>\n<p id=\"block-eef3afd1-e39d-446a-87e6-23c6b28eb825\">Nesse cen\u00e1rio, o Brasil surge como protagonista, tanto pelo volume de alimentos que produz quanto pelo potencial de expandir a produ\u00e7\u00e3o sem avan\u00e7ar sobre novas \u00e1reas.<\/p>\n<p id=\"block-5d2bbc82-7e00-4d79-adb7-9d2bd5834f68\">&#8220;S\u00e3o nesses pa\u00edses, nessas na\u00e7\u00f5es, onde voc\u00ea tem a maior depend\u00eancia de alimentos. Portanto, ser\u00e1 obrigat\u00f3rio que esses pa\u00edses se desenvolvam tamb\u00e9m e passem a ter um agroneg\u00f3cio vi\u00e1vel e sustent\u00e1vel. Nesse sentido, quem aprendeu a fazer isso no mundo foi o Brasil&#8221;, afirma o professor em agroneg\u00f3cio na Fecap, Jos\u00e9 Luiz Tejon.<\/p>\n<h2 class=\"wp-block-heading\" id=\"block-f857c265-de6d-4106-9606-9b1dc50dd864\">Descarte de alimentos<\/h2>\n<p id=\"block-643d9593-b747-41f1-a3c8-624575eb49c1\">Hoje, quase um ter\u00e7o de tudo o que \u00e9 produzido no mundo n\u00e3o chega a ser consumido. Segundo estimativas da Organiza\u00e7\u00e3o das Na\u00e7\u00f5es Unidas para Alimenta\u00e7\u00e3o e Agricultura (<a href=\"https:\/\/www.canalrural.com.br\/tag\/fao\/\">FAO<\/a>), 13% dos alimentos se perdem entre a colheita e o varejo, enquanto outros 19% s\u00e3o descartados no consumo, em resid\u00eancias, restaurantes e supermercados.<\/p>\n<p id=\"block-b496259c-af1d-4d47-ac04-7239015dbdc5\">Para especialistas, reduzir essas perdas \u00e9 parte essencial da solu\u00e7\u00e3o. A cadeia produtiva e o consumidor t\u00eam papel importante nesse processo, seja por meio da conscientiza\u00e7\u00e3o sobre o aproveitamento de alimentos, seja pela cria\u00e7\u00e3o de alternativas para reutilizar produtos que perderam valor comercial, mas continuam pr\u00f3prios para o consumo.<\/p>\n<p id=\"block-5e9ac778-1a99-47aa-a95f-02f12dc9a94c\">&#8220;Maior parte desse desperd\u00edcio, ela t\u00e1 concentrada no consumidor e principalmente pela falta de conhecimento em rela\u00e7\u00e3o ao que est\u00e1 se consumindo. Eu acho que tamb\u00e9m existem oportunidades de reutiliza\u00e7\u00e3o e reaproveitamento de produtos&#8221;, professor na Harven Agribusiness School, Vin\u00edcius Camba\u00fava.<\/p>\n<p id=\"block-49d1754e-be60-4110-9ff9-e1abfdcc8b3b\">De acordo com Camba\u00fava, algumas redes varejistas j\u00e1 adotam estrat\u00e9gias para reduzir o desperd\u00edcio de alimentos, ajustando a comercializa\u00e7\u00e3o conforme o est\u00e1gio de conserva\u00e7\u00e3o dos produtos.<\/p>\n<p id=\"block-d63b33bb-d90c-47ff-9fff-9cc95021d455\">Inicialmente, frutas, legumes e verduras s\u00e3o vendidos<em> in natura<\/em>, mas, \u00e0 medida que avan\u00e7am no processo de matura\u00e7\u00e3o e perdem atratividade para o consumidor, podem passar por um microprocessamento, sendo cortados e embalados para nova oferta.<\/p>\n<p id=\"block-f79b4f57-c210-4f86-a3f7-73f7ae2f774a\">Em est\u00e1gios mais avan\u00e7ados, esses alimentos ainda podem ser aproveitados na produ\u00e7\u00e3o de sucos, bebidas e outros itens processados, ampliando o aproveitamento e reduzindo perdas ao longo da cadeia.<\/p>\n<h2 class=\"wp-block-heading\" id=\"block-4fd7a59f-2971-416f-bfad-dba3e91f7d5d\">Popula\u00e7\u00e3o mundial<\/h2>\n<p id=\"block-c8c492b1-13f8-4139-8043-f15ccb886cf8\">Atualmente, o planeta abriga cerca de 8,2 bilh\u00f5es de pessoas e deve ultrapassar 9 bilh\u00f5es nas pr\u00f3ximas d\u00e9cadas, o que ampliar\u00e1 ainda mais a demanda por alimentos e a press\u00e3o sobre os sistemas produtivos.<\/p>\n<p id=\"block-68b7a559-d026-4a5a-8c1f-beab23ec07d9\">Segundo a chefe-geral da Embrapa Meio Ambiente, Paula Packer, o agro tem dado esses passos, um pouco mais lento em alguns setores e um pouco mais avan\u00e7ado em outros. T\u00e9cnicas como agricultura de baixo carbono, uso de bioinsumos, sistemas integrados e manejo regenerativo do solo v\u00eam ganhando espa\u00e7o no campo<\/p>\n<p id=\"block-99f458d6-7b36-460e-8df2-6b05b9d31460\">&#8220;Tudo isso hoje est\u00e1 em jogo para que realmente a agricultura do futuro seja a agricultura do Brasil. N\u00e3o d\u00e1 para pensar no verde se voc\u00ea estiver no vermelho, mas tamb\u00e9m tem um complemento. Se voc\u00ea n\u00e3o pensar no verde, voc\u00ea fica no vermelho&#8221;, alerta Packer.<\/p>\n<h2 class=\"wp-block-heading\" id=\"block-6a0b85f1-d69a-42ff-9cc7-f48e475f0bc6\">Solo<\/h2>\n<p id=\"block-a886e15d-ce72-4738-b7a0-5c61ff24b6c9\">Mesmo com o avan\u00e7o da tecnologia, o campo segue com muitos desafios. O produtor lida com cen\u00e1rios de instabilidade que v\u00e3o desde conflitos geopol\u00edticos que afetam rotas comerciais e o custo de produ\u00e7\u00e3o at\u00e9 eventos clim\u00e1ticos extremos, como secas e chuvas irregulares. Diante disso, \u00e9 preciso se adaptar e \u00e9 no solo que parte dessas solu\u00e7\u00f5es se constr\u00f3i.<\/p>\n<p id=\"block-6ccbdedd-6ef0-48e7-9b98-222ec50b34a0\">&#8220;Pela ado\u00e7\u00e3o das boas pr\u00e1ticas, pela ado\u00e7\u00e3o da melhor gen\u00e9tica, pela integra\u00e7\u00e3o de um conjunto de solu\u00e7\u00f5es tecnol\u00f3gicas, n\u00f3s podemos ent\u00e3o trabalhar sistemas cujo o balan\u00e7o de carbono \u00e9 mais favor\u00e1vel comparativamente a outros sistemas que n\u00e3o adotam na plenitude essas boas pr\u00e1ticas e essas tecnologias&#8221;, diretor de Pesquisa e Desenvolvimento da Embrapa, Clenio Pillon.<\/p>\n<p id=\"block-87d5dadc-12aa-4e74-be1d-194222295e89\">O solo \u00e9 o ativo mais importante, um sistema vivo, din\u00e2mico, onde diferentes organismos interagem e contribuem para uma produ\u00e7\u00e3o de alimentos mais eficiente.<\/p>\n<h2 class=\"wp-block-heading\" id=\"block-5cf44e52-5725-442f-96ee-a6a99da2f955\">Agricultura regenerativa<\/h2>\n<p id=\"block-8a741609-7f59-430f-ba80-9d97ca3d67a3\">A agricultura regenerativa tem se mostrado uma ferramenta importante para reduzir perdas e aumentar a resili\u00eancia das lavouras diante das adversidades clim\u00e1ticas<\/p>\n<p id=\"block-2b0af91b-64e6-4b16-bc7a-db0f88100685\">&#8220;A agricultura regenerativa est\u00e1 evitando voc\u00ea de perder no futuro. E isso j\u00e1 \u00e9 percept\u00edvel em uma fazenda que aplica a pr\u00e1tica para uma que n\u00e3o aplica. O jeito talvez de engajar o vizinho que n\u00e3o aplica \u00e9 quando ele v\u00ea um veranico e v\u00ea que o milho do outro vizinho germinou, n\u00e3o perdeu produtividade e ele perdeu 50% da lavoura&#8221;, destaca a head de agricultura regenerativa da Nestl\u00e9 Brasil, B\u00e1rbara Sollero.<\/p>\n<p id=\"block-765b5603-a2d1-40d9-b53f-9e23bece92e7\">Na agricultura regenerativa, cada planta utilizada no sistema desempenha uma fun\u00e7\u00e3o espec\u00edfica que contribui para a sa\u00fade do solo e para o aumento da produtividade.<\/p>\n<p id=\"block-ab1331d4-ee06-468d-9c87-dd572a7adf9c\">Ao aproveitar essa intelig\u00eancia natural de forma estrat\u00e9gica, o produtor consegue melhorar a fertilidade do solo, aumentar a resili\u00eancia da lavoura e sustentar altos n\u00edveis de produtividade, mesmo em cen\u00e1rios desafiadores.<\/p>\n<p id=\"block-a1fc901b-abb1-4c48-9689-33afc57d7e17\">&#8220;Temos cinco biomas, diferentes tipos de solo, diferentes tipos de clima. L\u00e1 fora, plantio direto, ningu\u00e9m sabe o que \u00e9. Quando voc\u00ea fala de bioinsumos, muito menos. Quando voc\u00ea fala de sistemas integrados, ent\u00e3o&#8230; n\u00f3s estamos falando grego. N\u00f3s temos que trazer o que n\u00f3s fazemos, mostrar realmente o que n\u00f3s fazemos e de forma un\u00edssona&#8221;, destaca Packer.<\/p>\n<h2 class=\"wp-block-heading\" id=\"block-6707db81-0c02-4f0c-8e80-b434e2a35ce3\">Rela\u00e7\u00f5es comerciais<\/h2>\n<p id=\"block-826f680b-76e6-4eb1-9617-b9ec596dbcfb\">O pa\u00eds j\u00e1 ajuda a alimentar quase 1 bilh\u00e3o de pessoas no mundo e se destaca entre os maiores exportadores globais de soja, milho, carnes, algod\u00e3o, caf\u00e9, suco de laranja e a\u00e7\u00facar.<\/p>\n<p id=\"block-b092169f-395f-45e4-aef0-831ba2748e1a\">De acordo com Camba\u00fava, n\u00f3s estamos passando por um processo de desglobaliza\u00e7\u00e3o, onde os pa\u00edses que antes focavam muito em exportar rela\u00e7\u00f5es comerciais est\u00e3o cada vez mais olhando para si mesmos e para minha autossufici\u00eancia e deixando de participar mais ativamente do com\u00e9rcio global.<\/p>\n<p id=\"block-b3d52c67-846d-4985-9436-411c7ecf57ea\">&#8220;Isso porque est\u00e1 ficando cada vez mais claro que esses conflitos t\u00eam trazido riscos, para as economias, para os neg\u00f3cios e talvez se proteger seja o melhor caminho. Ou seja, n\u00f3s precisamos repensar muita coisa e talvez esse seja um grande desafio tamb\u00e9m&#8221; afirma.<\/p>\n<h2 class=\"wp-block-heading\" id=\"block-a7da3e08-21cb-4df7-bfb9-0e9e71337618\">Avan\u00e7o<\/h2>\n<p id=\"block-e450aa43-6841-486f-a5cb-1d9672acdca0\">O Brasil ainda tem espa\u00e7o para ampliar a produ\u00e7\u00e3o sem avan\u00e7ar sobre novas \u00e1reas. S\u00e3o dezenas de milh\u00f5es de hectares de pastagens degradadas que podem ser recuperadas e convertidas em \u00e1reas produtivas.<\/p>\n<p id=\"block-dc0d5e62-2a3e-4eaf-a36a-a4a8ce5422ff\">Essa transforma\u00e7\u00e3o t\u00e1 no centro do plano ABC+, coordenado pelo Minist\u00e9rio da Agricultura e Pecu\u00e1ria (Mapa). A meta \u00e9 produzir mais, com menos recursos e menor impacto ambiental.&nbsp;<\/p>\n<p id=\"block-46fc6cfd-595b-4edc-b713-e30731079641\">Atualmente, o Brasil possui cerca de 40 milh\u00f5es de hectares de pastagens degradadas que podem ser recuperadas e convertidas em \u00e1reas produtivas. &#8220;Ent\u00e3o, a ideia \u00e9 ampliar a \u00e1rea plantada sem precisar desmatar nada, ou seja, manter todo esse todo esse grande programa que temos hoje intacto&#8221;, o professor em\u00e9rito da FGV Agro, Roberto Rodrigues.<\/p>\n<h2 class=\"wp-block-heading\" id=\"block-92d42467-7694-4761-a405-eee9bb0a530d\">Para o futuro<\/h2>\n<p id=\"block-20d73a8d-a8c5-49b2-8c8b-a3eed72f8486\">A expectativa \u00e9 que o futuro da seguran\u00e7a alimentar mundial dependa da capacidade de produzir mais com menos recursos, aliando inova\u00e7\u00e3o, preserva\u00e7\u00e3o ambiental e efici\u00eancia. Nesse processo, o Brasil desponta como pe\u00e7a estrat\u00e9gica para garantir o abastecimento global nas pr\u00f3ximas d\u00e9cadas.<\/p>\n<p id=\"block-22ead6a1-3c85-4b70-b6f4-04037cce10f4\">&#8220;As estimativas do mundo apontam para 2032 o Brasil tendo uma \u00e1rea agr\u00edcola superior a dos Estados Unidos. Ent\u00e3o, o Brasil no planeta Terra a m\u00e9dio prazo, \u00e9 o \u00fanico pa\u00eds que pode crescer de tamanho, n\u00e3o apenas na \u00e1rea, mas com os modelos agroambientais, como por exemplo, integra\u00e7\u00e3o lavoura pecu\u00e1ria, integra\u00e7\u00e3o lavoura-pecu\u00e1ria-floresta (ILPF)&#8221;, completa Tejon.<\/p>\n<p>O post <a href=\"https:\/\/www.canalrural.com.br\/agricultura\/futuro-da-alimentacao-global-passa-por-producao-sustentavel-e-protagonismo-brasileiro\/\">Futuro da alimenta\u00e7\u00e3o global passa por produ\u00e7\u00e3o sustent\u00e1vel e protagonismo brasileiro<\/a> apareceu primeiro em <a href=\"https:\/\/www.canalrural.com.br\">Canal Rural<\/a>.<\/p>\n<p><br \/>\n<br \/><a href=\"https:\/\/www.canalrural.com.br\/agricultura\/futuro-da-alimentacao-global-passa-por-producao-sustentavel-e-protagonismo-brasileiro\/\">Source link <\/a><\/p>\n","protected":false},"excerpt":{"rendered":"<p>Foto: Freepik Garantir alimento suficiente, acess\u00edvel e produzido de forma sustent\u00e1vel para uma popula\u00e7\u00e3o global crescente \u00e9 um dos maiores<\/p>\n","protected":false},"author":1,"featured_media":27474,"comment_status":"open","ping_status":"open","sticky":false,"template":"","format":"standard","meta":{"_monsterinsights_skip_tracking":false,"_monsterinsights_sitenote_active":false,"_monsterinsights_sitenote_note":"","_monsterinsights_sitenote_category":0,"_uf_show_specific_survey":0,"_uf_disable_surveys":false,"footnotes":""},"categories":[1],"tags":[],"class_list":["post-30380","post","type-post","status-publish","format-standard","has-post-thumbnail","hentry","category-news"],"_links":{"self":[{"href":"https:\/\/agromt.news\/index.php?rest_route=\/wp\/v2\/posts\/30380"}],"collection":[{"href":"https:\/\/agromt.news\/index.php?rest_route=\/wp\/v2\/posts"}],"about":[{"href":"https:\/\/agromt.news\/index.php?rest_route=\/wp\/v2\/types\/post"}],"author":[{"embeddable":true,"href":"https:\/\/agromt.news\/index.php?rest_route=\/wp\/v2\/users\/1"}],"replies":[{"embeddable":true,"href":"https:\/\/agromt.news\/index.php?rest_route=%2Fwp%2Fv2%2Fcomments&post=30380"}],"version-history":[{"count":0,"href":"https:\/\/agromt.news\/index.php?rest_route=\/wp\/v2\/posts\/30380\/revisions"}],"wp:featuredmedia":[{"embeddable":true,"href":"https:\/\/agromt.news\/index.php?rest_route=\/wp\/v2\/media\/27474"}],"wp:attachment":[{"href":"https:\/\/agromt.news\/index.php?rest_route=%2Fwp%2Fv2%2Fmedia&parent=30380"}],"wp:term":[{"taxonomy":"category","embeddable":true,"href":"https:\/\/agromt.news\/index.php?rest_route=%2Fwp%2Fv2%2Fcategories&post=30380"},{"taxonomy":"post_tag","embeddable":true,"href":"https:\/\/agromt.news\/index.php?rest_route=%2Fwp%2Fv2%2Ftags&post=30380"}],"curies":[{"name":"wp","href":"https:\/\/api.w.org\/{rel}","templated":true}]}}