{"id":30378,"date":"2026-04-29T19:21:31","date_gmt":"2026-04-29T23:21:31","guid":{"rendered":"https:\/\/agromt.news\/?p=30378"},"modified":"2026-04-29T19:21:31","modified_gmt":"2026-04-29T23:21:31","slug":"hoje-nao-ha-plano-safra-adequado-e-nem-seguro-rural-efetivo-diz-tirso-meirelles-durante-a-agrishow","status":"publish","type":"post","link":"https:\/\/agromt.news\/?p=30378","title":{"rendered":"\u2018Hoje, n\u00e3o h\u00e1 Plano Safra adequado e nem seguro rural efetivo\u2019, diz Tirso Meirelles, durante a Agrishow"},"content":{"rendered":"<p> <br \/>\n<\/p>\n<div>\n<figure><img decoding=\"async\" src=\"https:\/\/agromt.news\/wp-content\/uploads\/2024\/08\/Casa-Canal-Rural-tera-apresentacao-do-Plano-Safra-da-Agricultura.jpeg\" alt=\"cr\u00e9dito rural, Plano Safra\" \/><figcaption>Foto: Mapa<\/figcaption><\/figure>\n<\/div>\n<p>Em Ribeir\u00e3o Preto (SP), o presidente da Faesp e comentarista do <a href=\"https:\/\/www.canalrural.com.br\/\">Canal Rural<\/a>, Tirso Meirelles, destacou os principais desafios enfrentados pelo produtor rural durante a Agrishow, em meio ao avan\u00e7o da tecnologia no campo.<\/p>\n<p>Para ele, a feira evidencia uma nova fase da agricultura, impulsionada pela inova\u00e7\u00e3o. \u201cAo longo destes dias, observamos dois pontos centrais, a inova\u00e7\u00e3o e a tecnologia no campo. H\u00e1 tratores movidos a etanol, a biocombust\u00edveis e a biometano, al\u00e9m de solu\u00e7\u00f5es que ampliam a produtividade do produtor rural\u201d, afirmou.<\/p>\n<ul class=\"wp-block-list\">\n<li><em>Veja em primeira m\u00e3o tudo sobre agricultura, pecu\u00e1ria, economia e previs\u00e3o do tempo:<\/em><a href=\"https:\/\/news.google.com\/publications\/CAAqBwgKMPKZlQswq_mqAw?hl=pt-BR&amp;gl=BR&amp;ceid=BR%3Apt-419\"><em>siga o Canal Rural no Google News!<\/em><\/a><\/li>\n<\/ul>\n<p>Apesar desse cen\u00e1rio, Meirelles alertou para <a href=\"https:\/\/www.canalrural.com.br\/?s=endividamento+do+produtor\">dificuldades econ\u00f4micas<\/a> que ainda limitam o desenvolvimento do setor. \u201cO desafio \u00e9 enfrentar uma taxa de juros elevada em um contexto de endividamento do produtor rural. Hoje, n\u00e3o contamos com um Plano Safra condizente com as necessidades do setor, nem com um seguro rural efetivo.\u201d<\/p>\n<p>Segundo ele, havia expectativa por defini\u00e7\u00f5es mais concretas durante a abertura do evento, que contou com a presen\u00e7a de representantes do governo federal. O presidente pontuou que eram esperadas diretrizes claras, mas, at\u00e9 o momento, o que se observa s\u00e3o sinaliza\u00e7\u00f5es ainda incertas sobre seguro rural e pol\u00edtica agr\u00edcola.<\/p>\n<p>Na avalia\u00e7\u00e3o do dirigente, a aus\u00eancia de medidas pr\u00e1ticas pode comprometer diretamente a perman\u00eancia dos produtores na atividade. \u201cSe n\u00e3o houver uma solu\u00e7\u00e3o para o endividamento, torna-se dif\u00edcil a perman\u00eancia do homem e da mulher no campo\u201d, conclui. <\/p>\n<p>O post <a href=\"https:\/\/www.canalrural.com.br\/economia\/hoje-nao-ha-plano-safra-adequado-e-nem-seguro-rural-efetivo-diz-tirso-meirelles-durante-a-agrishow\/\">&#8216;Hoje, n\u00e3o h\u00e1 Plano Safra adequado e nem seguro rural efetivo&#8217;, diz Tirso Meirelles, durante a Agrishow<\/a> apareceu primeiro em <a href=\"https:\/\/www.canalrural.com.br\">Canal Rural<\/a>.<\/p>\n<p><br \/>\n<br \/><a href=\"https:\/\/www.canalrural.com.br\/economia\/hoje-nao-ha-plano-safra-adequado-e-nem-seguro-rural-efetivo-diz-tirso-meirelles-durante-a-agrishow\/\">Source link <\/a><\/p>\n","protected":false},"excerpt":{"rendered":"<p>Foto: Mapa Em Ribeir\u00e3o Preto (SP), o presidente da Faesp e comentarista do Canal Rural, Tirso Meirelles, destacou os principais<\/p>\n","protected":false},"author":1,"featured_media":30379,"comment_status":"open","ping_status":"open","sticky":false,"template":"","format":"standard","meta":{"_monsterinsights_skip_tracking":false,"_monsterinsights_sitenote_active":false,"_monsterinsights_sitenote_note":"","_monsterinsights_sitenote_category":0,"_uf_show_specific_survey":0,"_uf_disable_surveys":false,"footnotes":""},"categories":[1],"tags":[],"class_list":["post-30378","post","type-post","status-publish","format-standard","has-post-thumbnail","hentry","category-news"],"_links":{"self":[{"href":"https:\/\/agromt.news\/index.php?rest_route=\/wp\/v2\/posts\/30378"}],"collection":[{"href":"https:\/\/agromt.news\/index.php?rest_route=\/wp\/v2\/posts"}],"about":[{"href":"https:\/\/agromt.news\/index.php?rest_route=\/wp\/v2\/types\/post"}],"author":[{"embeddable":true,"href":"https:\/\/agromt.news\/index.php?rest_route=\/wp\/v2\/users\/1"}],"replies":[{"embeddable":true,"href":"https:\/\/agromt.news\/index.php?rest_route=%2Fwp%2Fv2%2Fcomments&post=30378"}],"version-history":[{"count":0,"href":"https:\/\/agromt.news\/index.php?rest_route=\/wp\/v2\/posts\/30378\/revisions"}],"wp:featuredmedia":[{"embeddable":true,"href":"https:\/\/agromt.news\/index.php?rest_route=\/wp\/v2\/media\/30379"}],"wp:attachment":[{"href":"https:\/\/agromt.news\/index.php?rest_route=%2Fwp%2Fv2%2Fmedia&parent=30378"}],"wp:term":[{"taxonomy":"category","embeddable":true,"href":"https:\/\/agromt.news\/index.php?rest_route=%2Fwp%2Fv2%2Fcategories&post=30378"},{"taxonomy":"post_tag","embeddable":true,"href":"https:\/\/agromt.news\/index.php?rest_route=%2Fwp%2Fv2%2Ftags&post=30378"}],"curies":[{"name":"wp","href":"https:\/\/api.w.org\/{rel}","templated":true}]}}