{"id":30376,"date":"2026-04-29T19:07:51","date_gmt":"2026-04-29T23:07:51","guid":{"rendered":"https:\/\/agromt.news\/?p=30376"},"modified":"2026-04-29T19:07:51","modified_gmt":"2026-04-29T23:07:51","slug":"tirso-meirelles-critica-falta-de-plano-safra-e-seguro-rural-efetivo","status":"publish","type":"post","link":"https:\/\/agromt.news\/?p=30376","title":{"rendered":"Tirso Meirelles critica falta de plano safra e seguro rural efetivo"},"content":{"rendered":"<p> <br \/>\n<\/p>\n<div>\n<figure><img decoding=\"async\" src=\"https:\/\/agromt.news\/wp-content\/uploads\/2026\/04\/Tirso-Meirelles-critica-falta-de-plano-safra-e-seguro-rural.jpg\" alt=\"\" \/><\/figure>\n<\/div>\n<p>Tirso Meirelles, em recente declara\u00e7\u00e3o, criticou a falta de um plano safra adequado e de um seguro rural efetivo, ressaltando a preocupa\u00e7\u00e3o com o endividamento dos produtores rurais.<\/p>\n<h2>Inova\u00e7\u00f5es no setor agr\u00edcola<\/h2>\n<p>Meirelles destacou a import\u00e2ncia da inova\u00e7\u00e3o e da tecnologia na agricultura, mencionando:<\/p>\n<ul>\n<li>Uso de tratores movidos a etanol<\/li>\n<li>Implementa\u00e7\u00e3o de biocombust\u00edveis<\/li>\n<li>Utiliza\u00e7\u00e3o de biometano<\/li>\n<\/ul>\n<p>Essas inova\u00e7\u00f5es visam aumentar a produtividade do produtor rural, mas a situa\u00e7\u00e3o financeira dos agricultores ainda \u00e9 preocupante.<\/p>\n<h2>Desafios enfrentados pelos produtores<\/h2>\n<p>O especialista questionou como resolver a elevada taxa de juros e o endividamento do homem do campo, enfatizando:<\/p>\n<ul>\n<li>A aus\u00eancia de um plano safra condizente<\/li>\n<li>Falta de seguro efetivo para o produtor rural<\/li>\n<\/ul>\n<p>Meirelles ressaltou que, sem a resolu\u00e7\u00e3o do endividamento, a perman\u00eancia dos agricultores na atividade se torna insustent\u00e1vel.<\/p>\n<p>O post <a href=\"https:\/\/www.canalrural.com.br\/videos\/tirso-meirelles-critica-falta-de-plano-safra-e-seguro-rural-efetivo\/\">Tirso Meirelles critica falta de plano safra e seguro rural efetivo<\/a> apareceu primeiro em <a href=\"https:\/\/www.canalrural.com.br\">Canal Rural<\/a>.<\/p>\n<p><br \/>\n<br \/><a href=\"https:\/\/www.canalrural.com.br\/videos\/tirso-meirelles-critica-falta-de-plano-safra-e-seguro-rural-efetivo\/\">Source link <\/a><\/p>\n","protected":false},"excerpt":{"rendered":"<p>Tirso Meirelles, em recente declara\u00e7\u00e3o, criticou a falta de um plano safra adequado e de um seguro rural efetivo, ressaltando<\/p>\n","protected":false},"author":1,"featured_media":30377,"comment_status":"open","ping_status":"open","sticky":false,"template":"","format":"standard","meta":{"_monsterinsights_skip_tracking":false,"_monsterinsights_sitenote_active":false,"_monsterinsights_sitenote_note":"","_monsterinsights_sitenote_category":0,"_uf_show_specific_survey":0,"_uf_disable_surveys":false,"footnotes":""},"categories":[1],"tags":[],"class_list":["post-30376","post","type-post","status-publish","format-standard","has-post-thumbnail","hentry","category-news"],"_links":{"self":[{"href":"https:\/\/agromt.news\/index.php?rest_route=\/wp\/v2\/posts\/30376"}],"collection":[{"href":"https:\/\/agromt.news\/index.php?rest_route=\/wp\/v2\/posts"}],"about":[{"href":"https:\/\/agromt.news\/index.php?rest_route=\/wp\/v2\/types\/post"}],"author":[{"embeddable":true,"href":"https:\/\/agromt.news\/index.php?rest_route=\/wp\/v2\/users\/1"}],"replies":[{"embeddable":true,"href":"https:\/\/agromt.news\/index.php?rest_route=%2Fwp%2Fv2%2Fcomments&post=30376"}],"version-history":[{"count":0,"href":"https:\/\/agromt.news\/index.php?rest_route=\/wp\/v2\/posts\/30376\/revisions"}],"wp:featuredmedia":[{"embeddable":true,"href":"https:\/\/agromt.news\/index.php?rest_route=\/wp\/v2\/media\/30377"}],"wp:attachment":[{"href":"https:\/\/agromt.news\/index.php?rest_route=%2Fwp%2Fv2%2Fmedia&parent=30376"}],"wp:term":[{"taxonomy":"category","embeddable":true,"href":"https:\/\/agromt.news\/index.php?rest_route=%2Fwp%2Fv2%2Fcategories&post=30376"},{"taxonomy":"post_tag","embeddable":true,"href":"https:\/\/agromt.news\/index.php?rest_route=%2Fwp%2Fv2%2Ftags&post=30376"}],"curies":[{"name":"wp","href":"https:\/\/api.w.org\/{rel}","templated":true}]}}