{"id":30374,"date":"2026-04-29T18:53:24","date_gmt":"2026-04-29T22:53:24","guid":{"rendered":"https:\/\/agromt.news\/?p=30374"},"modified":"2026-04-29T18:53:24","modified_gmt":"2026-04-29T22:53:24","slug":"encontro-mulheres-do-agro-em-acao-reune-600-produtoras-e-3-pre-candidatos-a-presidencia-da-republica","status":"publish","type":"post","link":"https:\/\/agromt.news\/?p=30374","title":{"rendered":"Encontro Mulheres do Agro em A\u00e7\u00e3o re\u00fane 600 produtoras e 3 pr\u00e9-candidatos \u00e0 Presid\u00eancia da Rep\u00fablica"},"content":{"rendered":"<p> <br \/>\n<\/p>\n<div>\n<figure><img decoding=\"async\" src=\"https:\/\/agromt.news\/wp-content\/uploads\/2026\/04\/Encontro-Mulheres-do-Agro-em-Acao-reune-600-produtoras-e.jpeg\" alt=\"Encontro Mulheres do Agro em A\u00e7\u00e3o\" \/><figcaption>Foto: reprodu\u00e7\u00e3o<\/figcaption><\/figure>\n<\/div>\n<p>A quarta edi\u00e7\u00e3o do Encontro Mulheres do Agro em A\u00e7\u00e3o reuniu cerca de 600 mulheres na 31\u00aa <strong><a href=\"http:\/\/www.canalrural.com.br\/tag\/agrishow\/\" id=\"www.canalrural.com.br\/tag\/agrishow\/\">Agrishow<\/a><\/strong>, em Ribeir\u00e3o Preto (SP), nesta quarta-feira (29), de acordo com a organiza\u00e7\u00e3o do evento.<\/p>\n<p>Al\u00e9m de produtoras rurais e de palestrantes, a a\u00e7\u00e3o promovids pelo Sistema Faesp\/Senar-SP contou com a presen\u00e7a de tr\u00eas pr\u00e9-candidatos \u00e0 Presid\u00eancia da Rep\u00fablica nas elei\u00e7\u00f5es de 2026: o ex-ministro Aldo Rebelo, do partido Democracia Crist\u00e3; o psiquiatra e escritor Augusto Cury, do Avante; e o ex-governador de Goi\u00e1s Ronaldo Caiado, do Partido Social Democr\u00e1tico (PSD).<\/p>\n<figure class=\"wp-block-image size-large\"><img fetchpriority=\"high\" decoding=\"async\" width=\"1024\" height=\"576\" src=\"https:\/\/agromt.news\/wp-content\/uploads\/2026\/04\/1777503204_916_Encontro-Mulheres-do-Agro-em-Acao-reune-600-produtoras-e.jpeg\" alt=\"\" class=\"wp-image-4168813\" \/><figcaption class=\"wp-element-caption\"><em>Foto: Canal Rural<\/em><\/figcaption><\/figure>\n<ul class=\"wp-block-list\">\n<li><em>Receba no seu celular atualiza\u00e7\u00f5es em tempo real, enquetes interativas e tudo o que impacta o dia a dia no campo:<\/em><a href=\"https:\/\/whatsapp.com\/channel\/0029Va9VnZxGk1FplZjiW43k\"><em> <\/em><strong><em>entre agora no Whatsapp do Canal Rural!<\/em><\/strong><\/a><\/li>\n<\/ul>\n<p>Os pr\u00e9-candidatos abordaram temas como a seguran\u00e7a da mulher e seu papel na produ\u00e7\u00e3o de alimentos.<\/p>\n<p>\u201cMais de 80% dos feminic\u00eddios acontecem dentro de casa. \u00c9 importante que a assistente social, que o agente comunit\u00e1rio de sa\u00fade, que a defensora p\u00fablica, que o minist\u00e9rio p\u00fablico possam tamb\u00e9m avisar as autoridade para que eles tomem provid\u00eancias. A\u00ed sim, voc\u00ea identifica o risco e a\u00ed n\u00e3o haver\u00e1 omiss\u00e3o da pol\u00edcia\u201d, declarou Caiado.<\/p>\n<p>\u201cPrecisamos dobrar a produ\u00e7\u00e3o de alimentos, at\u00e9 porque, se a FAO [Fundo das Na\u00e7\u00f5es Unidas para a Alimenta\u00e7\u00e3o e a Agricultura] estiver correta, em 2050 n\u00f3s precisaremos aumentar em 70% a produ\u00e7\u00e3o agr\u00edcola. isso vai dar mais ou menos \u2018seis Brasis\u2019, o que n\u00e3o fecha a conta. Se a FAO estiver correta, vai haver problemas grav\u00edssimos internacionais\u201d, disse Cury.<\/p>\n<p>O post <a href=\"https:\/\/www.canalrural.com.br\/agricultura\/encontro-mulheres-do-agro-em-acao-reune-600-produtoras-e-3-pre-candidatos-a-presidencia-da-republica\/\">Encontro Mulheres do Agro em A\u00e7\u00e3o re\u00fane 600 produtoras e 3 pr\u00e9-candidatos \u00e0 Presid\u00eancia da Rep\u00fablica<\/a> apareceu primeiro em <a href=\"https:\/\/www.canalrural.com.br\">Canal Rural<\/a>.<\/p>\n<p><br \/>\n<br \/><a href=\"https:\/\/www.canalrural.com.br\/agricultura\/encontro-mulheres-do-agro-em-acao-reune-600-produtoras-e-3-pre-candidatos-a-presidencia-da-republica\/\">Source link <\/a><\/p>\n","protected":false},"excerpt":{"rendered":"<p>Foto: reprodu\u00e7\u00e3o A quarta edi\u00e7\u00e3o do Encontro Mulheres do Agro em A\u00e7\u00e3o reuniu cerca de 600 mulheres na 31\u00aa Agrishow,<\/p>\n","protected":false},"author":1,"featured_media":30375,"comment_status":"open","ping_status":"open","sticky":false,"template":"","format":"standard","meta":{"_monsterinsights_skip_tracking":false,"_monsterinsights_sitenote_active":false,"_monsterinsights_sitenote_note":"","_monsterinsights_sitenote_category":0,"_uf_show_specific_survey":0,"_uf_disable_surveys":false,"footnotes":""},"categories":[1],"tags":[],"class_list":["post-30374","post","type-post","status-publish","format-standard","has-post-thumbnail","hentry","category-news"],"_links":{"self":[{"href":"https:\/\/agromt.news\/index.php?rest_route=\/wp\/v2\/posts\/30374"}],"collection":[{"href":"https:\/\/agromt.news\/index.php?rest_route=\/wp\/v2\/posts"}],"about":[{"href":"https:\/\/agromt.news\/index.php?rest_route=\/wp\/v2\/types\/post"}],"author":[{"embeddable":true,"href":"https:\/\/agromt.news\/index.php?rest_route=\/wp\/v2\/users\/1"}],"replies":[{"embeddable":true,"href":"https:\/\/agromt.news\/index.php?rest_route=%2Fwp%2Fv2%2Fcomments&post=30374"}],"version-history":[{"count":0,"href":"https:\/\/agromt.news\/index.php?rest_route=\/wp\/v2\/posts\/30374\/revisions"}],"wp:featuredmedia":[{"embeddable":true,"href":"https:\/\/agromt.news\/index.php?rest_route=\/wp\/v2\/media\/30375"}],"wp:attachment":[{"href":"https:\/\/agromt.news\/index.php?rest_route=%2Fwp%2Fv2%2Fmedia&parent=30374"}],"wp:term":[{"taxonomy":"category","embeddable":true,"href":"https:\/\/agromt.news\/index.php?rest_route=%2Fwp%2Fv2%2Fcategories&post=30374"},{"taxonomy":"post_tag","embeddable":true,"href":"https:\/\/agromt.news\/index.php?rest_route=%2Fwp%2Fv2%2Ftags&post=30374"}],"curies":[{"name":"wp","href":"https:\/\/api.w.org\/{rel}","templated":true}]}}