{"id":30371,"date":"2026-04-29T18:25:18","date_gmt":"2026-04-29T22:25:18","guid":{"rendered":"https:\/\/agromt.news\/?p=30371"},"modified":"2026-04-29T18:25:18","modified_gmt":"2026-04-29T22:25:18","slug":"baixa-umidade-do-ar-afeta-diversas-regioes-do-brasil-nesta-quarta-feira","status":"publish","type":"post","link":"https:\/\/agromt.news\/?p=30371","title":{"rendered":"Baixa umidade do ar afeta diversas regi\u00f5es do Brasil nesta quarta-feira"},"content":{"rendered":"<p> <br \/>\n<\/p>\n<div>\n<figure><img decoding=\"async\" src=\"https:\/\/agromt.news\/wp-content\/uploads\/2026\/04\/Baixa-umidade-do-ar-afeta-diversas-regioes-do-Brasil-nesta.jpg\" alt=\"\" \/><\/figure>\n<\/div>\n<p>Uma onda de ar seco atinge diversas regi\u00f5es do Brasil, incluindo \u00e1reas de S\u00e3o Paulo, Minas Gerais, Goi\u00e1s, Piau\u00ed e o interior da Bahia, onde a umidade relativa do ar pode ficar abaixo de 30% nesta quarta-feira. O meteorologista Artur Miller, do Canal Rural, alerta para os riscos associados a essa condi\u00e7\u00e3o clim\u00e1tica.<\/p>\n<h2>Impactos da baixa umidade<\/h2>\n<p>A baixa umidade do ar potencializa o risco de inc\u00eandios e aumenta o d\u00e9ficit h\u00eddrico, especialmente nas lavouras de milho da segunda safra. As manchas amarelas j\u00e1 come\u00e7am a aparecer nas planta\u00e7\u00f5es, indicando a necessidade de aten\u00e7\u00e3o redobrada.<\/p>\n<h2>Previs\u00e3o para os pr\u00f3ximos dias<\/h2>\n<ul>\n<li>Os pr\u00f3ximos 10 dias devem ser marcados por tempo quente e seco nas \u00e1reas afetadas.<\/li>\n<li>O sul do Brasil, especialmente o Rio Grande do Sul, deve receber chuvas mais volumosas, com previs\u00e3o de at\u00e9 50 mm nos pr\u00f3ximos cinco dias.<\/li>\n<li>A virada da quinzena de maio pode trazer um \u00faltimo pulso de chuvas para partes de S\u00e3o Paulo e Brasil Central.<\/li>\n<\/ul>\n<h2>Poss\u00edveis mudan\u00e7as clim\u00e1ticas<\/h2>\n<p>Ap\u00f3s o dia 10 de maio, as temperaturas devem cair, com m\u00ednimas podendo ficar abaixo dos 15\u00baC no Tri\u00e2ngulo Mineiro. A expectativa \u00e9 de que uma nova frente fria avance, trazendo riscos de geadas em v\u00e1rias regi\u00f5es, incluindo o sul de Mato Grosso do Sul e partes de S\u00e3o Paulo.<\/p>\n<p>O post <a href=\"https:\/\/www.canalrural.com.br\/videos\/baixa-umidade-do-ar-afeta-diversas-regioes-do-brasil-nesta-quarta-feira\/\">Baixa umidade do ar afeta diversas regi\u00f5es do Brasil nesta quarta-feira<\/a> apareceu primeiro em <a href=\"https:\/\/www.canalrural.com.br\">Canal Rural<\/a>.<\/p>\n<p><br \/>\n<br \/><a href=\"https:\/\/www.canalrural.com.br\/videos\/baixa-umidade-do-ar-afeta-diversas-regioes-do-brasil-nesta-quarta-feira\/\">Source link <\/a><\/p>\n","protected":false},"excerpt":{"rendered":"<p>Uma onda de ar seco atinge diversas regi\u00f5es do Brasil, incluindo \u00e1reas de S\u00e3o Paulo, Minas Gerais, Goi\u00e1s, Piau\u00ed e<\/p>\n","protected":false},"author":1,"featured_media":30372,"comment_status":"open","ping_status":"open","sticky":false,"template":"","format":"standard","meta":{"_monsterinsights_skip_tracking":false,"_monsterinsights_sitenote_active":false,"_monsterinsights_sitenote_note":"","_monsterinsights_sitenote_category":0,"_uf_show_specific_survey":0,"_uf_disable_surveys":false,"footnotes":""},"categories":[1],"tags":[],"class_list":["post-30371","post","type-post","status-publish","format-standard","has-post-thumbnail","hentry","category-news"],"_links":{"self":[{"href":"https:\/\/agromt.news\/index.php?rest_route=\/wp\/v2\/posts\/30371"}],"collection":[{"href":"https:\/\/agromt.news\/index.php?rest_route=\/wp\/v2\/posts"}],"about":[{"href":"https:\/\/agromt.news\/index.php?rest_route=\/wp\/v2\/types\/post"}],"author":[{"embeddable":true,"href":"https:\/\/agromt.news\/index.php?rest_route=\/wp\/v2\/users\/1"}],"replies":[{"embeddable":true,"href":"https:\/\/agromt.news\/index.php?rest_route=%2Fwp%2Fv2%2Fcomments&post=30371"}],"version-history":[{"count":0,"href":"https:\/\/agromt.news\/index.php?rest_route=\/wp\/v2\/posts\/30371\/revisions"}],"wp:featuredmedia":[{"embeddable":true,"href":"https:\/\/agromt.news\/index.php?rest_route=\/wp\/v2\/media\/30372"}],"wp:attachment":[{"href":"https:\/\/agromt.news\/index.php?rest_route=%2Fwp%2Fv2%2Fmedia&parent=30371"}],"wp:term":[{"taxonomy":"category","embeddable":true,"href":"https:\/\/agromt.news\/index.php?rest_route=%2Fwp%2Fv2%2Fcategories&post=30371"},{"taxonomy":"post_tag","embeddable":true,"href":"https:\/\/agromt.news\/index.php?rest_route=%2Fwp%2Fv2%2Ftags&post=30371"}],"curies":[{"name":"wp","href":"https:\/\/api.w.org\/{rel}","templated":true}]}}