{"id":30367,"date":"2026-04-29T18:02:43","date_gmt":"2026-04-29T22:02:43","guid":{"rendered":"https:\/\/agromt.news\/?p=30367"},"modified":"2026-04-29T18:02:43","modified_gmt":"2026-04-29T22:02:43","slug":"pulgao-do-milho-pode-causar-perdas-de-ate-60-da-producao","status":"publish","type":"post","link":"https:\/\/agromt.news\/?p=30367","title":{"rendered":"pulg\u00e3o-do-milho pode causar perdas de at\u00e9 60% da produ\u00e7\u00e3o"},"content":{"rendered":"<p> <br \/>\n<\/p>\n<div>\n<p style=\"text-align:justify\">O desenvolvimento inicial das lavouras de <a href=\"https:\/\/www.agrolink.com.br\/culturas\/milho?utm_source=agrolink-detalhe-noticia&amp;utm_medium=detalhe-noticia&amp;utm_campaign=links-internos&#9;\" target=\"_blank\" rel=\"noopener\">milho<\/a> tem sido acompanhado pelo surgimento de focos de pulg\u00e3o-do-milho, praga que pode comprometer a produtividade em curto prazo. Embora as plantas apresentem bom aspecto geral, a presen\u00e7a de pequenos pontos nas folhas indica o in\u00edcio da infesta\u00e7\u00e3o, que tende a evoluir rapidamente sob condi\u00e7\u00f5es de temperaturas elevadas e irregularidade de chuvas.&#13;\n<\/p>\n<p style=\"text-align:justify\">De acordo com a Empresa Brasileira de Pesquisa Agropecu\u00e1ria, o ambiente clim\u00e1tico favorece a multiplica\u00e7\u00e3o do inseto, cuja popula\u00e7\u00e3o pode crescer de forma acelerada e causar perdas de at\u00e9 60% da produ\u00e7\u00e3o, sobretudo quando o ataque ocorre na fase vegetativa da cultura.<\/p>\n<p style=\"text-align:justify\"><a href=\"https:\/\/www.agrolink.com.br\/noticias\/clima-seco-pode-reduzir-estimativas-do-milho_513605.html?utm_source=agrolink-detalhe-noticia&amp;utm_medium=detalhe-noticia&amp;utm_campaign=links-internos\">Veja tamb\u00e9m:\u00a0Clima seco pode reduzir estimativas do milho<\/a><\/p>\n<p style=\"text-align:justify\">\u201cO in\u00edcio do ataque quase n\u00e3o chama aten\u00e7\u00e3o. Os pulg\u00f5es se concentram nas folhas e passam a sugar a seiva, retirando nutrientes importantes para o crescimento da planta. Com o tempo, o milho vai perdendo for\u00e7a, o desenvolvimento desacelera e o impacto come\u00e7a a aparecer na lavoura\u201d, afirmou Bruno Vilarino, gerente de produto da OR\u00cdGEO.&#13;\n<\/p>\n<p style=\"text-align:justify\">Com a evolu\u00e7\u00e3o da infesta\u00e7\u00e3o, os sintomas tornam-se mais vis\u00edveis, incluindo clorose nas folhas, que passam a apresentar colora\u00e7\u00e3o amarelada e sinais de murcha. Tamb\u00e9m pode ocorrer a forma\u00e7\u00e3o de uma camada pegajosa, que favorece o desenvolvimento de fumagina, subst\u00e2ncia escura que recobre a folha e reduz a capacidade de absor\u00e7\u00e3o de luz pela planta.<\/p>\n<p style=\"text-align:justify\">Segundo especialistas, o monitoramento frequente das lavouras \u00e9 determinante para a identifica\u00e7\u00e3o precoce do problema. A ado\u00e7\u00e3o de medidas de controle no in\u00edcio da infesta\u00e7\u00e3o pode limitar o avan\u00e7o da praga e reduzir os impactos sobre o desenvolvimento das plantas.&#13;\n<\/p>\n<p style=\"text-align:justify\">\u201cO produtor precisa agir no in\u00edcio da infesta\u00e7\u00e3o, antes de o pulg\u00e3o comprometer o desenvolvimento da planta. Sperto, com a\u00e7\u00e3o por contato, ingest\u00e3o e efeito sist\u00eamico, controla a praga com rapidez, principalmente em regi\u00f5es de alta press\u00e3o\u201d, destacou Vilarino.<\/p>\n<\/p><\/div>\n<p><script data-cfasync=\"false\">\n    !function (f, b, e, v, n, t, s) {\n        if (f.fbq) return; n = f.fbq = function () {\n            n.callMethod ?\n                n.callMethod.apply(n, arguments) : n.queue.push(arguments)\n        };\n        if (!f._fbq) f._fbq = n; n.push = n; n.loaded = !0; n.version = '2.0';\n        n.queue = []; t = b.createElement(e); t.async = !0;\n        t.src = v; s = b.getElementsByTagName(e)[0];\n        s.parentNode.insertBefore(t, s)\n    }(window, document, 'script',\n        'https:\/\/connect.facebook.net\/en_US\/fbevents.js');\n    fbq('init', '522546078623747');\n    fbq('track', 'PageView');\n<\/script><br \/>\n<br \/><br \/>\n<br \/><a href=\"https:\/\/www.agrolink.com.br\/noticias\/alerta--pulgao-do-milho-pode-causar-perdas-de-ate-60--da-producao_513626.html\">Source link <\/a><\/p>\n","protected":false},"excerpt":{"rendered":"<p>O desenvolvimento inicial das lavouras de milho tem sido acompanhado pelo surgimento de focos de pulg\u00e3o-do-milho, praga que pode comprometer<\/p>\n","protected":false},"author":1,"featured_media":30368,"comment_status":"open","ping_status":"open","sticky":false,"template":"","format":"standard","meta":{"_monsterinsights_skip_tracking":false,"_monsterinsights_sitenote_active":false,"_monsterinsights_sitenote_note":"","_monsterinsights_sitenote_category":0,"_uf_show_specific_survey":0,"_uf_disable_surveys":false,"footnotes":""},"categories":[8,1,14],"tags":[],"class_list":["post-30367","post","type-post","status-publish","format-standard","has-post-thumbnail","hentry","category-agro","category-news","category-politica-agro"],"_links":{"self":[{"href":"https:\/\/agromt.news\/index.php?rest_route=\/wp\/v2\/posts\/30367"}],"collection":[{"href":"https:\/\/agromt.news\/index.php?rest_route=\/wp\/v2\/posts"}],"about":[{"href":"https:\/\/agromt.news\/index.php?rest_route=\/wp\/v2\/types\/post"}],"author":[{"embeddable":true,"href":"https:\/\/agromt.news\/index.php?rest_route=\/wp\/v2\/users\/1"}],"replies":[{"embeddable":true,"href":"https:\/\/agromt.news\/index.php?rest_route=%2Fwp%2Fv2%2Fcomments&post=30367"}],"version-history":[{"count":0,"href":"https:\/\/agromt.news\/index.php?rest_route=\/wp\/v2\/posts\/30367\/revisions"}],"wp:featuredmedia":[{"embeddable":true,"href":"https:\/\/agromt.news\/index.php?rest_route=\/wp\/v2\/media\/30368"}],"wp:attachment":[{"href":"https:\/\/agromt.news\/index.php?rest_route=%2Fwp%2Fv2%2Fmedia&parent=30367"}],"wp:term":[{"taxonomy":"category","embeddable":true,"href":"https:\/\/agromt.news\/index.php?rest_route=%2Fwp%2Fv2%2Fcategories&post=30367"},{"taxonomy":"post_tag","embeddable":true,"href":"https:\/\/agromt.news\/index.php?rest_route=%2Fwp%2Fv2%2Ftags&post=30367"}],"curies":[{"name":"wp","href":"https:\/\/api.w.org\/{rel}","templated":true}]}}