{"id":30365,"date":"2026-04-29T17:56:25","date_gmt":"2026-04-29T21:56:25","guid":{"rendered":"https:\/\/agromt.news\/?p=30365"},"modified":"2026-04-29T17:56:25","modified_gmt":"2026-04-29T21:56:25","slug":"milho-fora-da-janela-ideal-eleva-riscos-e-acende-alerta-no-campo-em-mt","status":"publish","type":"post","link":"https:\/\/agromt.news\/?p=30365","title":{"rendered":"Milho fora da janela ideal eleva riscos e acende alerta no campo em MT"},"content":{"rendered":"<p> <br \/>\n<\/p>\n<div>\n<figure><img decoding=\"async\" src=\"https:\/\/agromt.news\/wp-content\/uploads\/2026\/04\/Milho-fora-da-janela-ideal-eleva-riscos-e-acende-alerta.jpg\" alt=\"\" \/><figcaption>Imagem: Paulo Kurtz \/Embrapa<\/figcaption><\/figure>\n<\/div>\n<p>O&lt;a href=&quot;http:\/\/&lt;iframe width=&quot;1334&quot; height=&quot;750&quot; src=&quot;https:\/\/www.youtube.com\/embed\/m_mGnmfqfqI&quot; title=&quot;Atraso do plantio do milho em MT j\u00e1 come\u00e7a a ter reflexos no campo | Mais Milho&quot; frameborder=&quot;0&quot; allow=&quot;accelerometer; autoplay; clipboard-write; encrypted-media; gyroscope; picture-in-picture; web-share&quot; referrerpolicy=&quot;strict-origin-when-cross-origin&quot; allowfullscreen&gt; atraso no plantio do milho <\/a>em Mato Grosso j\u00e1 come\u00e7a a mostrar reflexos nas lavouras. Em diferentes regi\u00f5es do estado, a falta de chuva compromete o desenvolvimento das plantas, enquanto o aumento dos custos de produ\u00e7\u00e3o e a queda nos pre\u00e7os ampliam a preocupa\u00e7\u00e3o dos produtores. A combina\u00e7\u00e3o desses fatores acende um alerta para a produtividade e refor\u00e7a um desafio cada vez mais presente no agro, que \u00e9 produzir com efici\u00eancia, reduzir riscos e manter a sustentabilidade.<\/p>\n<p>Em \u00e1reas cultivadas fora da janela considerada ideal, o cen\u00e1rio \u00e9 preocupante. Talh\u00f5es desuniformes, falhas no estande de plantas e um grande n\u00famero de espigas mal desenvolvidas refletem a falta de umidade. Em Nova Mutum, no m\u00e9dio-norte do estado, produtores relatam que entre 35% e 40% das \u00e1reas foram plantadas fora do per\u00edodo adequado. <\/p>\n<p>\u201cTrata-se de um desafio, pois seriam necess\u00e1rios pelo menos mais 15 dias de chuva para recuperar parte dessas lavouras. H\u00e1 regi\u00f5es em que as precipita\u00e7\u00f5es ocorreram de forma irregular, com \u00e1reas onde choveu e outras onde a estiagem se antecipou\u201d, explica Paulo Zen, presidente do Sindicato Rural de Nova Mutum (MT).<\/p>\n<ul class=\"wp-block-list\">\n<li><em>Veja em primeira m\u00e3o tudo sobre agricultura, pecu\u00e1ria, economia e previs\u00e3o do tempo:<\/em><a href=\"https:\/\/news.google.com\/publications\/CAAqBwgKMPKZlQswq_mqAw?hl=pt-BR&amp;gl=BR&amp;ceid=BR%3Apt-419\"><em>siga o Canal Rural no Google News!<\/em><\/a><\/li>\n<\/ul>\n<p>As perdas j\u00e1 come\u00e7am a ser contabilizadas, embora ainda dependam das condi\u00e7\u00f5es clim\u00e1ticas nos pr\u00f3ximos dias. \u201cAs estimativas iniciais indicam perdas de seis a sete sacas por hectare em fun\u00e7\u00e3o do atraso no plantio. A evolu\u00e7\u00e3o da produtividade depender\u00e1 diretamente do volume de chuvas nas pr\u00f3ximas semanas\u201d, relata. Segundo o sindicato rural, o atraso foi provocado pelo excesso de chuvas durante a colheita de soja, o que comprometeu o calend\u00e1rio do milho.<\/p>\n<p>A irregularidade das lavouras tamb\u00e9m chama aten\u00e7\u00e3o. Em uma mesma propriedade, \u00e9 poss\u00edvel observar diferentes est\u00e1gios de desenvolvimento das plantas. \u201cH\u00e1 \u00e1reas com colheita prevista para 35 a 40 dias, enquanto outras ainda apresentam milho em est\u00e1gio inicial de desenvolvimento. Trata-se de um cen\u00e1rio bastante heterog\u00eaneo\u201d, explica Zen.<\/p>\n<p>Produtores j\u00e1 contabilizam preju\u00edzos. Em uma fazenda com 1.600 hectares, cerca de 30% a 40% da \u00e1rea foi plantada fora da janela ideal. \u201cAs perdas j\u00e1 se aproximam de 5% e podem atingir ao menos 10%, caso n\u00e3o ocorram chuvas regulares at\u00e9 oa mwel fim de abril\u201d, pontua Marcos Beber. <\/p>\n<p>Dados do Instituto Mato-grossense de Economia Agropecu\u00e1ria indicam que mais de 1 milh\u00e3o de hectares de milho foram plantados fora da janela ideal na safra 2025\/26, o que eleva o risco para o desenvolvimento da cultura. Al\u00e9m disso, o cen\u00e1rio de mercado agrava a situa\u00e7\u00e3o. Com a saca do milho em torno de R$ 43 para os pr\u00f3ximos meses, os pre\u00e7os s\u00e3o considerados pouco atrativos.<\/p>\n<\/p>\n<p>O post <a href=\"https:\/\/www.canalrural.com.br\/agricultura\/milho-fora-da-janela-ideal-eleva-riscos-e-acende-alerta-no-campo-em-mt\/\">Milho fora da janela ideal eleva riscos e acende alerta no campo em MT<\/a> apareceu primeiro em <a href=\"https:\/\/www.canalrural.com.br\">Canal Rural<\/a>.<\/p>\n<p><br \/>\n<br \/><a href=\"https:\/\/www.canalrural.com.br\/agricultura\/milho-fora-da-janela-ideal-eleva-riscos-e-acende-alerta-no-campo-em-mt\/\">Source link <\/a><\/p>\n","protected":false},"excerpt":{"rendered":"<p>Imagem: Paulo Kurtz \/Embrapa O&lt;a href=&quot;http:\/\/&lt;iframe width=&quot;1334&quot; height=&quot;750&quot; src=&quot;https:\/\/www.youtube.com\/embed\/m_mGnmfqfqI&quot; title=&quot;Atraso do plantio do milho em MT j\u00e1 come\u00e7a a ter<\/p>\n","protected":false},"author":1,"featured_media":30366,"comment_status":"open","ping_status":"open","sticky":false,"template":"","format":"standard","meta":{"_monsterinsights_skip_tracking":false,"_monsterinsights_sitenote_active":false,"_monsterinsights_sitenote_note":"","_monsterinsights_sitenote_category":0,"_uf_show_specific_survey":0,"_uf_disable_surveys":false,"footnotes":""},"categories":[1],"tags":[],"class_list":["post-30365","post","type-post","status-publish","format-standard","has-post-thumbnail","hentry","category-news"],"_links":{"self":[{"href":"https:\/\/agromt.news\/index.php?rest_route=\/wp\/v2\/posts\/30365"}],"collection":[{"href":"https:\/\/agromt.news\/index.php?rest_route=\/wp\/v2\/posts"}],"about":[{"href":"https:\/\/agromt.news\/index.php?rest_route=\/wp\/v2\/types\/post"}],"author":[{"embeddable":true,"href":"https:\/\/agromt.news\/index.php?rest_route=\/wp\/v2\/users\/1"}],"replies":[{"embeddable":true,"href":"https:\/\/agromt.news\/index.php?rest_route=%2Fwp%2Fv2%2Fcomments&post=30365"}],"version-history":[{"count":0,"href":"https:\/\/agromt.news\/index.php?rest_route=\/wp\/v2\/posts\/30365\/revisions"}],"wp:featuredmedia":[{"embeddable":true,"href":"https:\/\/agromt.news\/index.php?rest_route=\/wp\/v2\/media\/30366"}],"wp:attachment":[{"href":"https:\/\/agromt.news\/index.php?rest_route=%2Fwp%2Fv2%2Fmedia&parent=30365"}],"wp:term":[{"taxonomy":"category","embeddable":true,"href":"https:\/\/agromt.news\/index.php?rest_route=%2Fwp%2Fv2%2Fcategories&post=30365"},{"taxonomy":"post_tag","embeddable":true,"href":"https:\/\/agromt.news\/index.php?rest_route=%2Fwp%2Fv2%2Ftags&post=30365"}],"curies":[{"name":"wp","href":"https:\/\/api.w.org\/{rel}","templated":true}]}}