{"id":30353,"date":"2026-04-29T16:32:55","date_gmt":"2026-04-29T20:32:55","guid":{"rendered":"https:\/\/agromt.news\/?p=30353"},"modified":"2026-04-29T16:32:55","modified_gmt":"2026-04-29T20:32:55","slug":"comissao-da-camara-aprova-parecer-que-preve-restricao-temporaria-a-importacao-de-arroz","status":"publish","type":"post","link":"https:\/\/agromt.news\/?p=30353","title":{"rendered":"Comiss\u00e3o da C\u00e2mara aprova parecer que prev\u00ea restri\u00e7\u00e3o tempor\u00e1ria \u00e0 importa\u00e7\u00e3o de arroz"},"content":{"rendered":"<p> <br \/>\n<\/p>\n<div>\n<figure><img decoding=\"async\" src=\"https:\/\/agromt.news\/wp-content\/uploads\/2026\/04\/Comissao-da-Camara-aprova-parecer-que-preve-restricao-temporaria-a.png\" alt=\"Comiss\u00e3o da C\u00e2mara aprova parecer que prev\u00ea restri\u00e7\u00e3o tempor\u00e1ria \u00e0 importa\u00e7\u00e3o de arroz\" \/><\/figure>\n<\/div>\n<p>A Comiss\u00e3o de Desenvolvimento Econ\u00f4mico (CDE) da C\u00e2mara dos Deputados aprovou, nesta quarta-feira (29), o parecer do deputado Rodrigo da Zaeli (PL-MT) ao projeto de lei 690\/2026. A proposta autoriza restri\u00e7\u00f5es tempor\u00e1rias \u00e0 importa\u00e7\u00e3o de arroz em situa\u00e7\u00f5es nas quais o pre\u00e7o de mercado esteja abaixo do custo de produ\u00e7\u00e3o nacional. Pelo texto, a medida s\u00f3 poder\u00e1 ser adotada se houver estoque suficiente para garantir o abastecimento interno.<\/p>\n<p>De autoria da deputada Geovania de S\u00e1 (PSDB-SC), o projeto cria um instrumento de defesa comercial voltado ao setor oriz\u00edcola. A l\u00f3gica da proposta \u00e9 condicionar a suspens\u00e3o tempor\u00e1ria das importa\u00e7\u00f5es a um cen\u00e1rio de desequil\u00edbrio de mercado, com preserva\u00e7\u00e3o da oferta dom\u00e9stica.<\/p>\n<p>No parecer aprovado, Rodrigo da Zaeli afirma que o mecanismo busca assegurar condi\u00e7\u00f5es de concorr\u00eancia para o produtor brasileiro. Segundo o deputado, a proposta \u201ccontribui para a estabilidade do setor agr\u00edcola\u201d ao evitar desorganiza\u00e7\u00e3o da cadeia produtiva em momentos de pre\u00e7os abaixo do custo.<\/p>\n<p class=\"canal-rural-cta\">Acompanhe os pre\u00e7os das principais commodities do agro, como soja, milho e boi, com atualiza\u00e7\u00e3o direta das principais pra\u00e7as do Brasil: <a href=\"https:\/\/www.canalrural.com.br\/cotacoes\/\" target=\"_blank\" rel=\"noopener noreferrer\"><strong>acesse a p\u00e1gina de cota\u00e7\u00f5es do Canal Rural!<\/strong><\/a><\/p>\n<p>A tramita\u00e7\u00e3o ocorre em car\u00e1ter conclusivo nas comiss\u00f5es. Antes de seguir ao Senado, a mat\u00e9ria ainda ser\u00e1 analisada pela Comiss\u00e3o de Agricultura, Pecu\u00e1ria, Abastecimento e Desenvolvimento Rural e pela Comiss\u00e3o de Constitui\u00e7\u00e3o e Justi\u00e7a e de Cidadania (CCJC).<\/p>\n<p>O projeto j\u00e1 recebeu aval em outros colegiados. Na Comiss\u00e3o de Meio Ambiente e Desenvolvimento Sustent\u00e1vel (CMADS), o relator Junio Amaral (PL-MG) classificou a proposta como necess\u00e1ria para aperfei\u00e7oar a legisla\u00e7\u00e3o agr\u00edcola. Na Comiss\u00e3o de Ind\u00fastria, Com\u00e9rcio e Servi\u00e7os (CICS), o relator Daniel Agrobom (PL-GO) defendeu medidas de fortalecimento da produ\u00e7\u00e3o nacional e de est\u00edmulo \u00e0 competitividade do agro.<\/p>\n<p>Na pr\u00e1tica, o texto busca criar uma salvaguarda para momentos em que o arroz importado entre no mercado brasileiro com pre\u00e7os inferiores aos custos internos. O conte\u00fado apresentado, no entanto, n\u00e3o detalha crit\u00e9rios operacionais como prazo m\u00e1ximo de restri\u00e7\u00e3o, metodologia de c\u00e1lculo do custo de produ\u00e7\u00e3o ou \u00f3rg\u00e3o respons\u00e1vel pela eventual execu\u00e7\u00e3o da medida.<\/p>\n<p class=\"news-source\"><strong>Fonte:<\/strong> <a href=\"https:\/\/agencia.fpagropecuaria.org.br\/2026\/04\/29\/comissao-de-desenvolvimento-economico-aprova-mecanismo-para-proteger-producao-nacional-de-arroz\" target=\"_blank\" rel=\"noopener noreferrer\">agencia.fpagropecuaria.org.br<\/a><\/p>\n<p>O post <a href=\"https:\/\/www.canalrural.com.br\/agricultura\/arroz\/comissao-da-camara-aprova-parecer-que-preve-restricao-temporaria-a-importacao-de-arroz\/\">Comiss\u00e3o da C\u00e2mara aprova parecer que prev\u00ea restri\u00e7\u00e3o tempor\u00e1ria \u00e0 importa\u00e7\u00e3o de arroz<\/a> apareceu primeiro em <a href=\"https:\/\/www.canalrural.com.br\">Canal Rural<\/a>.<\/p>\n<p><br \/>\n<br \/><a href=\"https:\/\/www.canalrural.com.br\/agricultura\/arroz\/comissao-da-camara-aprova-parecer-que-preve-restricao-temporaria-a-importacao-de-arroz\/\">Source link <\/a><\/p>\n","protected":false},"excerpt":{"rendered":"<p>A Comiss\u00e3o de Desenvolvimento Econ\u00f4mico (CDE) da C\u00e2mara dos Deputados aprovou, nesta quarta-feira (29), o parecer do deputado Rodrigo da<\/p>\n","protected":false},"author":1,"featured_media":30354,"comment_status":"open","ping_status":"open","sticky":false,"template":"","format":"standard","meta":{"_monsterinsights_skip_tracking":false,"_monsterinsights_sitenote_active":false,"_monsterinsights_sitenote_note":"","_monsterinsights_sitenote_category":0,"_uf_show_specific_survey":0,"_uf_disable_surveys":false,"footnotes":""},"categories":[1],"tags":[],"class_list":["post-30353","post","type-post","status-publish","format-standard","has-post-thumbnail","hentry","category-news"],"_links":{"self":[{"href":"https:\/\/agromt.news\/index.php?rest_route=\/wp\/v2\/posts\/30353"}],"collection":[{"href":"https:\/\/agromt.news\/index.php?rest_route=\/wp\/v2\/posts"}],"about":[{"href":"https:\/\/agromt.news\/index.php?rest_route=\/wp\/v2\/types\/post"}],"author":[{"embeddable":true,"href":"https:\/\/agromt.news\/index.php?rest_route=\/wp\/v2\/users\/1"}],"replies":[{"embeddable":true,"href":"https:\/\/agromt.news\/index.php?rest_route=%2Fwp%2Fv2%2Fcomments&post=30353"}],"version-history":[{"count":0,"href":"https:\/\/agromt.news\/index.php?rest_route=\/wp\/v2\/posts\/30353\/revisions"}],"wp:featuredmedia":[{"embeddable":true,"href":"https:\/\/agromt.news\/index.php?rest_route=\/wp\/v2\/media\/30354"}],"wp:attachment":[{"href":"https:\/\/agromt.news\/index.php?rest_route=%2Fwp%2Fv2%2Fmedia&parent=30353"}],"wp:term":[{"taxonomy":"category","embeddable":true,"href":"https:\/\/agromt.news\/index.php?rest_route=%2Fwp%2Fv2%2Fcategories&post=30353"},{"taxonomy":"post_tag","embeddable":true,"href":"https:\/\/agromt.news\/index.php?rest_route=%2Fwp%2Fv2%2Ftags&post=30353"}],"curies":[{"name":"wp","href":"https:\/\/api.w.org\/{rel}","templated":true}]}}