{"id":30347,"date":"2026-04-29T16:04:21","date_gmt":"2026-04-29T20:04:21","guid":{"rendered":"https:\/\/agromt.news\/?p=30347"},"modified":"2026-04-29T16:04:21","modified_gmt":"2026-04-29T20:04:21","slug":"camara-instala-comissao-especial-para-analisar-pecs-sobre-jornada-de-trabalho-e-escala-6x1","status":"publish","type":"post","link":"https:\/\/agromt.news\/?p=30347","title":{"rendered":"C\u00e2mara instala comiss\u00e3o especial para analisar PECs sobre jornada de trabalho e escala 6\u00d71"},"content":{"rendered":"<p> <br \/>\n<\/p>\n<div>\n<figure><img decoding=\"async\" src=\"https:\/\/agromt.news\/wp-content\/uploads\/2026\/04\/Camara-instala-comissao-especial-para-analisar-PECs-sobre-jornada-de.png\" alt=\"C\u00e2mara instala comiss\u00e3o especial para analisar PECs sobre jornada de trabalho e escala 6x1\" \/><\/figure>\n<\/div>\n<figure class=\"wp-block-image size-full news-featured-image\"><img fetchpriority=\"high\" decoding=\"async\" width=\"1536\" height=\"1024\" src=\"https:\/\/agromt.news\/wp-content\/uploads\/2026\/04\/Camara-instala-comissao-especial-para-analisar-PECs-sobre-jornada-de.png\" alt=\"C\u00e2mara instala comiss\u00e3o especial para analisar PECs sobre jornada de trabalho e escala 6x1\" class=\"wp-image-4168676\" \/><figcaption class=\"wp-element-caption\">Imagem gerada por intelig\u00eancia artificial<\/figcaption><\/figure>\n<p>A C\u00e2mara dos Deputados instalou, na tarde desta quarta-feira (29), a comiss\u00e3o especial que vai analisar as propostas de emenda \u00e0 Constitui\u00e7\u00e3o (PECs) relacionadas \u00e0 redu\u00e7\u00e3o da jornada de trabalho e ao fim da escala 6&#215;1. A instala\u00e7\u00e3o foi declarada pelo deputado Jos\u00e9 Rocha (Uni\u00e3o Brasil-BA). Por acordo entre os parlamentares, o deputado Leo Prates (Republicanos-BA) foi indicado para a relatoria e o deputado Alencar Santana (PT-SP) para a presid\u00eancia do colegiado.<\/p>\n<p>Apesar da defini\u00e7\u00e3o por acordo, os nomes ainda precisam passar por elei\u00e7\u00e3o, conforme o regimento da C\u00e2mara. A comiss\u00e3o especial ser\u00e1 formada por 38 membros titulares e 38 suplentes.<\/p>\n<p>Nesta fase da tramita\u00e7\u00e3o, o colegiado ter\u00e1 a fun\u00e7\u00e3o de discutir o m\u00e9rito das propostas e analisar o parecer que ser\u00e1 apresentado pelo relator. Esse \u00e9 o est\u00e1gio em que os parlamentares debatem o conte\u00fado das PECs, avaliam eventuais mudan\u00e7as no texto e consolidam uma vers\u00e3o para as etapas seguintes do processo legislativo.<\/p>\n<p class=\"canal-rural-cta\">Receba no seu e-mail as not\u00edcias mais importantes do dia, an\u00e1lises de mercado e os principais fatos que movimentam o agroneg\u00f3cio: <a href=\"https:\/\/novidades.canalrural.com.br\/newsletter\" target=\"_blank\" rel=\"noopener noreferrer\"><strong>assine a newsletter do Canal Rural<\/strong><\/a><\/p>\n<p>Como se trata de proposta de emenda \u00e0 Constitui\u00e7\u00e3o, a comiss\u00e3o especial \u00e9 uma etapa relevante da tramita\u00e7\u00e3o. \u00c9 nesse espa\u00e7o que ocorre a an\u00e1lise pol\u00edtica e t\u00e9cnica do texto ap\u00f3s o avan\u00e7o inicial nas comiss\u00f5es competentes ou no rito definido pela Casa.<\/p>\n<p>O material dispon\u00edvel at\u00e9 o momento n\u00e3o detalha quais PECs espec\u00edficas ser\u00e3o analisadas em conjunto, nem informa o texto consolidado das propostas, os percentuais de redu\u00e7\u00e3o de jornada em discuss\u00e3o ou um cronograma oficial de vota\u00e7\u00e3o. Tamb\u00e9m n\u00e3o foram divulgadas, at\u00e9 agora, estimativas formais de impacto econ\u00f4mico ou trabalhista associadas \u00e0s medidas.<\/p>\n<p>Para os setores produtivos, a instala\u00e7\u00e3o da comiss\u00e3o marca o in\u00edcio da an\u00e1lise mais aprofundada de propostas que podem alterar regras de organiza\u00e7\u00e3o do trabalho. O impacto pr\u00e1tico, no entanto, depender\u00e1 do conte\u00fado final do parecer e da evolu\u00e7\u00e3o da tramita\u00e7\u00e3o no Congresso Nacional.<\/p>\n<p>Os pr\u00f3ximos passos devem incluir a elei\u00e7\u00e3o formal do presidente e a confirma\u00e7\u00e3o da relatoria, al\u00e9m da apresenta\u00e7\u00e3o do plano de trabalho da comiss\u00e3o. S\u00f3 ap\u00f3s essa etapa ser\u00e1 poss\u00edvel medir, com base no texto efetivamente debatido, o alcance regulat\u00f3rio das propostas.<\/p>\n<p class=\"news-source\">\n<p>O post <a href=\"https:\/\/www.canalrural.com.br\/politica\/camara-instala-comissao-especial-para-analisar-pecs-sobre-jornada-de-trabalho-e-escala-6x1\/\">C\u00e2mara instala comiss\u00e3o especial para analisar PECs sobre jornada de trabalho e escala 6&#215;1<\/a> apareceu primeiro em <a href=\"https:\/\/www.canalrural.com.br\">Canal Rural<\/a>.<\/p>\n<p><br \/>\n<br \/><a href=\"https:\/\/www.canalrural.com.br\/politica\/camara-instala-comissao-especial-para-analisar-pecs-sobre-jornada-de-trabalho-e-escala-6x1\/\">Source link <\/a><\/p>\n","protected":false},"excerpt":{"rendered":"<p>Imagem gerada por intelig\u00eancia artificial A C\u00e2mara dos Deputados instalou, na tarde desta quarta-feira (29), a comiss\u00e3o especial que vai<\/p>\n","protected":false},"author":1,"featured_media":30348,"comment_status":"open","ping_status":"open","sticky":false,"template":"","format":"standard","meta":{"_monsterinsights_skip_tracking":false,"_monsterinsights_sitenote_active":false,"_monsterinsights_sitenote_note":"","_monsterinsights_sitenote_category":0,"_uf_show_specific_survey":0,"_uf_disable_surveys":false,"footnotes":""},"categories":[1],"tags":[],"class_list":["post-30347","post","type-post","status-publish","format-standard","has-post-thumbnail","hentry","category-news"],"_links":{"self":[{"href":"https:\/\/agromt.news\/index.php?rest_route=\/wp\/v2\/posts\/30347"}],"collection":[{"href":"https:\/\/agromt.news\/index.php?rest_route=\/wp\/v2\/posts"}],"about":[{"href":"https:\/\/agromt.news\/index.php?rest_route=\/wp\/v2\/types\/post"}],"author":[{"embeddable":true,"href":"https:\/\/agromt.news\/index.php?rest_route=\/wp\/v2\/users\/1"}],"replies":[{"embeddable":true,"href":"https:\/\/agromt.news\/index.php?rest_route=%2Fwp%2Fv2%2Fcomments&post=30347"}],"version-history":[{"count":0,"href":"https:\/\/agromt.news\/index.php?rest_route=\/wp\/v2\/posts\/30347\/revisions"}],"wp:featuredmedia":[{"embeddable":true,"href":"https:\/\/agromt.news\/index.php?rest_route=\/wp\/v2\/media\/30348"}],"wp:attachment":[{"href":"https:\/\/agromt.news\/index.php?rest_route=%2Fwp%2Fv2%2Fmedia&parent=30347"}],"wp:term":[{"taxonomy":"category","embeddable":true,"href":"https:\/\/agromt.news\/index.php?rest_route=%2Fwp%2Fv2%2Fcategories&post=30347"},{"taxonomy":"post_tag","embeddable":true,"href":"https:\/\/agromt.news\/index.php?rest_route=%2Fwp%2Fv2%2Ftags&post=30347"}],"curies":[{"name":"wp","href":"https:\/\/api.w.org\/{rel}","templated":true}]}}