{"id":30337,"date":"2026-04-29T11:39:27","date_gmt":"2026-04-29T15:39:27","guid":{"rendered":"https:\/\/agromt.news\/?p=30337"},"modified":"2026-04-29T11:39:27","modified_gmt":"2026-04-29T15:39:27","slug":"anp-fara-reuniao-extraordinaria-para-deliberar-sobre-precos-de-referencia-do-diesel","status":"publish","type":"post","link":"https:\/\/agromt.news\/?p=30337","title":{"rendered":"ANP far\u00e1 reuni\u00e3o extraordin\u00e1ria para deliberar sobre pre\u00e7os de refer\u00eancia do diesel"},"content":{"rendered":"<p> <br \/>\n<\/p>\n<div>\n<figure><img decoding=\"async\" src=\"https:\/\/agromt.news\/wp-content\/uploads\/2026\/04\/ANP-fara-reuniao-extraordinaria-para-deliberar-sobre-precos-de-referencia.png\" alt=\"ANP far\u00e1 reuni\u00e3o extraordin\u00e1ria para deliberar sobre pre\u00e7os de refer\u00eancia do diesel\" \/><\/figure>\n<\/div>\n<p>A Ag\u00eancia Nacional do Petr\u00f3leo, G\u00e1s Natural e Biocombust\u00edveis (ANP) realizar\u00e1 nesta quinta-feira (30), \u00e0s 9h, a Reuni\u00e3o de Diretoria Extraordin\u00e1ria n\u00ba 69. Segundo a ag\u00eancia, o encontro vai deliberar sobre pre\u00e7os de refer\u00eancia no \u00e2mbito da subven\u00e7\u00e3o econ\u00f4mica \u00e0 comercializa\u00e7\u00e3o de \u00f3leo diesel. A sess\u00e3o ser\u00e1 transmitida pela plataforma Teams, e a grava\u00e7\u00e3o dever\u00e1 ser publicada no site da ANP em at\u00e9 24 horas.<\/p>\n<p>De acordo com a convoca\u00e7\u00e3o divulgada pela ANP nesta quarta-feira (29), a pauta da reuni\u00e3o est\u00e1 dispon\u00edvel na p\u00e1gina \u201cPautas, atas e calend\u00e1rio de Reuni\u00f5es da Diretoria Colegiada\u201d, junto com o link de acesso remoto.<\/p>\n<p>O ponto central da reuni\u00e3o \u00e9 a delibera\u00e7\u00e3o sobre pre\u00e7os de refer\u00eancia relacionados \u00e0 subven\u00e7\u00e3o econ\u00f4mica para a comercializa\u00e7\u00e3o de \u00f3leo diesel. Esses pre\u00e7os funcionam como par\u00e2metro em pol\u00edticas de compensa\u00e7\u00e3o ou apoio econ\u00f4mico vinculadas ao combust\u00edvel. At\u00e9 o momento, a ANP n\u00e3o detalhou, no comunicado enviado \u00e0 imprensa, os valores em an\u00e1lise nem o alcance da eventual decis\u00e3o.<\/p>\n<ul class=\"wp-block-list\">\n<li><em>Veja em primeira m\u00e3o tudo sobre agricultura, pecu\u00e1ria, economia e previs\u00e3o do tempo: <a href=\"https:\/\/news.google.com\/publications\/CAAqBwgKMPKZlQswq_mqAw?hl=pt-BR&amp;gl=BR&amp;ceid=BR%3Apt-419\" target=\"_blank\" rel=\"noopener noreferrer\"><strong>siga o Canal Rural no Google News!<\/strong><\/a><\/em><\/li>\n<\/ul>\n<p>Na pr\u00e1tica, a defini\u00e7\u00e3o desses pre\u00e7os pode afetar a operacionaliza\u00e7\u00e3o da subven\u00e7\u00e3o, mas o impacto sobre agentes do setor depender\u00e1 do conte\u00fado aprovado pela diretoria. Como a ag\u00eancia ainda n\u00e3o divulgou informa\u00e7\u00f5es complementares sobre crit\u00e9rios, valores ou vig\u00eancia, n\u00e3o \u00e9 poss\u00edvel antecipar efeitos econ\u00f4micos espec\u00edficos.<\/p>\n<p>A reuni\u00e3o ser\u00e1 p\u00fablica por transmiss\u00e3o online. A grava\u00e7\u00e3o, segundo a ANP, ficar\u00e1 dispon\u00edvel em at\u00e9 24 horas ap\u00f3s o encerramento.<\/p>\n<p>O acompanhamento da decis\u00e3o ser\u00e1 relevante para distribuidoras, revendedores e demais agentes ligados ao mercado de combust\u00edveis, uma vez que os pre\u00e7os de refer\u00eancia integram a base t\u00e9cnica da subven\u00e7\u00e3o ao \u00f3leo diesel. Novos desdobramentos dependem da publica\u00e7\u00e3o formal do resultado da delibera\u00e7\u00e3o.<\/p>\n<p class=\"news-source\"><strong>Fonte:<\/strong> <a href=\"https:\/\/www.gov.br\/anp\/pt-br\/canais_atendimento\/imprensa\/noticias-comunicados\/anp-realizara-reuniao-de-diretoria-extraordinaria-amanha-30-4\" target=\"_blank\" rel=\"noopener noreferrer\">gov.br<\/a><\/p>\n<p>O post <a href=\"https:\/\/www.canalrural.com.br\/economia\/anp-fara-reuniao-extraordinaria-para-deliberar-sobre-precos-de-referencia-do-diesel\/\">ANP far\u00e1 reuni\u00e3o extraordin\u00e1ria para deliberar sobre pre\u00e7os de refer\u00eancia do diesel<\/a> apareceu primeiro em <a href=\"https:\/\/www.canalrural.com.br\">Canal Rural<\/a>.<\/p>\n<p><br \/>\n<br \/><a href=\"https:\/\/www.canalrural.com.br\/economia\/anp-fara-reuniao-extraordinaria-para-deliberar-sobre-precos-de-referencia-do-diesel\/\">Source link <\/a><\/p>\n","protected":false},"excerpt":{"rendered":"<p>A Ag\u00eancia Nacional do Petr\u00f3leo, G\u00e1s Natural e Biocombust\u00edveis (ANP) realizar\u00e1 nesta quinta-feira (30), \u00e0s 9h, a Reuni\u00e3o de Diretoria<\/p>\n","protected":false},"author":1,"featured_media":30338,"comment_status":"open","ping_status":"open","sticky":false,"template":"","format":"standard","meta":{"_monsterinsights_skip_tracking":false,"_monsterinsights_sitenote_active":false,"_monsterinsights_sitenote_note":"","_monsterinsights_sitenote_category":0,"_uf_show_specific_survey":0,"_uf_disable_surveys":false,"footnotes":""},"categories":[1],"tags":[],"class_list":["post-30337","post","type-post","status-publish","format-standard","has-post-thumbnail","hentry","category-news"],"_links":{"self":[{"href":"https:\/\/agromt.news\/index.php?rest_route=\/wp\/v2\/posts\/30337"}],"collection":[{"href":"https:\/\/agromt.news\/index.php?rest_route=\/wp\/v2\/posts"}],"about":[{"href":"https:\/\/agromt.news\/index.php?rest_route=\/wp\/v2\/types\/post"}],"author":[{"embeddable":true,"href":"https:\/\/agromt.news\/index.php?rest_route=\/wp\/v2\/users\/1"}],"replies":[{"embeddable":true,"href":"https:\/\/agromt.news\/index.php?rest_route=%2Fwp%2Fv2%2Fcomments&post=30337"}],"version-history":[{"count":0,"href":"https:\/\/agromt.news\/index.php?rest_route=\/wp\/v2\/posts\/30337\/revisions"}],"wp:featuredmedia":[{"embeddable":true,"href":"https:\/\/agromt.news\/index.php?rest_route=\/wp\/v2\/media\/30338"}],"wp:attachment":[{"href":"https:\/\/agromt.news\/index.php?rest_route=%2Fwp%2Fv2%2Fmedia&parent=30337"}],"wp:term":[{"taxonomy":"category","embeddable":true,"href":"https:\/\/agromt.news\/index.php?rest_route=%2Fwp%2Fv2%2Fcategories&post=30337"},{"taxonomy":"post_tag","embeddable":true,"href":"https:\/\/agromt.news\/index.php?rest_route=%2Fwp%2Fv2%2Ftags&post=30337"}],"curies":[{"name":"wp","href":"https:\/\/api.w.org\/{rel}","templated":true}]}}