{"id":30330,"date":"2026-04-29T10:43:31","date_gmt":"2026-04-29T14:43:31","guid":{"rendered":"https:\/\/agromt.news\/?p=30330"},"modified":"2026-04-29T10:43:31","modified_gmt":"2026-04-29T14:43:31","slug":"diretor-geral-do-cecafe-recebe-premio-100-mais-influentes-do-agro-2026","status":"publish","type":"post","link":"https:\/\/agromt.news\/?p=30330","title":{"rendered":"Diretor-geral do Cecaf\u00e9 recebe pr\u00eamio \u2018100 Mais Influentes do Agro 2026\u2019"},"content":{"rendered":"<p> <br \/>\n<\/p>\n<div>\n<figure><img decoding=\"async\" src=\"https:\/\/agromt.news\/wp-content\/uploads\/2026\/04\/Diretor-geral-do-Cecafe-recebe-premio-\u2018100-Mais-Influentes-do-Agro.png\" alt=\"Diretor-geral do Cecaf\u00e9 recebe pr\u00eamio \u201c100 Mais Influentes do Agro 2026\u201d\" \/><\/figure>\n<\/div>\n<p>O diretor-geral do Conselho dos Exportadores de Caf\u00e9 do Brasil (Cecaf\u00e9), Marcos Matos, recebeu o pr\u00eamio \u201c100 Mais Influentes do Agroneg\u00f3cio 2026\u201d na categoria \u201cEntidades Setoriais\u201d. A condecora\u00e7\u00e3o foi entregue nesta segunda-feira (28), em Ribeir\u00e3o Preto (SP), em iniciativa promovida pelo Grupo M\u00eddia para reconhecer lideran\u00e7as com atua\u00e7\u00e3o em diferentes \u00e1reas da cadeia do agroneg\u00f3cio.<\/p>\n<p>Segundo o Cecaf\u00e9, o reconhecimento considera trajet\u00f3rias e contribui\u00e7\u00f5es de personalidades com influ\u00eancia sobre decis\u00f5es, transforma\u00e7\u00f5es e direcionamentos estrat\u00e9gicos do setor. Em manifesta\u00e7\u00e3o divulgada pela entidade, Matos afirmou que recebe a premia\u00e7\u00e3o \u201ccom imensa satisfa\u00e7\u00e3o, senso de responsabilidade e o entendimento que nosso trabalho est\u00e1 no caminho certo\u201d.<\/p>\n<p>Na mesma declara\u00e7\u00e3o, o diretor-geral atribuiu o resultado ao trabalho coletivo da institui\u00e7\u00e3o e dos associados. De acordo com ele, o reconhecimento tamb\u00e9m refor\u00e7a a atua\u00e7\u00e3o institucional e t\u00e9cnica do Cecaf\u00e9 na defesa do caf\u00e9 brasileiro no mercado interno e externo.<\/p>\n<p class=\"canal-rural-cta\">Receba no seu celular atualiza\u00e7\u00f5es em tempo real, enquetes interativas e tudo o que impacta o dia a dia no campo: <a href=\"https:\/\/whatsapp.com\/channel\/0029Va9VnZxGk1FplZjiW43k\" target=\"_blank\" rel=\"noopener noreferrer\"><strong>entre agora no Whatsapp do Canal Rural!<\/strong><\/a><\/p>\n<p>Esta foi a segunda vez que o Cecaf\u00e9 esteve entre os homenageados da premia\u00e7\u00e3o. Em 2025, o presidente do Conselho Deliberativo da entidade, M\u00e1rcio Ferreira, foi inclu\u00eddo entre os \u201c100 Mais Influentes do Agroneg\u00f3cio\u201d na categoria \u201cEmpres\u00e1rio\u201d.<\/p>\n<p>Criado em 2023, o pr\u00eamio \u00e9 organizado pelo Grupo M\u00eddia e re\u00fane representantes de \u00e1reas como tecnologia agr\u00edcola, gest\u00e3o empresarial, ind\u00fastria, produ\u00e7\u00e3o rural, entidades setoriais e inova\u00e7\u00e3o. Segundo a organiza\u00e7\u00e3o, a edi\u00e7\u00e3o de 2026 buscou refletir a diversidade de fun\u00e7\u00f5es que comp\u00f5em o agroneg\u00f3cio brasileiro.<\/p>\n<p>No caso do caf\u00e9, o reconhecimento ocorre em um segmento com peso relevante nas exporta\u00e7\u00f5es do agro brasileiro. O texto divulgado sobre a premia\u00e7\u00e3o, no entanto, n\u00e3o detalha os crit\u00e9rios quantitativos de sele\u00e7\u00e3o nem informa o n\u00famero total de indicados em cada categoria.<\/p>\n<p>A premia\u00e7\u00e3o amplia a visibilidade institucional do Cecaf\u00e9 em um momento de aten\u00e7\u00e3o do setor \u00e0 competitividade, \u00e0 sustentabilidade e \u00e0 presen\u00e7a do caf\u00e9 brasileiro no mercado internacional, temas que v\u00eam sendo destacados pela entidade em sua atua\u00e7\u00e3o t\u00e9cnica.<\/p>\n<p class=\"news-source\"><strong>Fonte:<\/strong> <a href=\"https:\/\/www.cecafe.com.br\/publicacoes\/noticias\/diretor-cecafe-100-mais-influentes-agro-20260429\/\" target=\"_blank\" rel=\"noopener noreferrer\">cecafe.com.br<\/a><\/p>\n<p>O post <a href=\"https:\/\/www.canalrural.com.br\/agricultura\/cafe\/diretor-geral-do-cecafe-recebe-premio-100-mais-influentes-do-agro-2026\/\">Diretor-geral do Cecaf\u00e9 recebe pr\u00eamio &#8216;100 Mais Influentes do Agro 2026&#8217;<\/a> apareceu primeiro em <a href=\"https:\/\/www.canalrural.com.br\">Canal Rural<\/a>.<\/p>\n<p><br \/>\n<br \/><a href=\"https:\/\/www.canalrural.com.br\/agricultura\/cafe\/diretor-geral-do-cecafe-recebe-premio-100-mais-influentes-do-agro-2026\/\">Source link <\/a><\/p>\n","protected":false},"excerpt":{"rendered":"<p>O diretor-geral do Conselho dos Exportadores de Caf\u00e9 do Brasil (Cecaf\u00e9), Marcos Matos, recebeu o pr\u00eamio \u201c100 Mais Influentes do<\/p>\n","protected":false},"author":1,"featured_media":30331,"comment_status":"open","ping_status":"open","sticky":false,"template":"","format":"standard","meta":{"_monsterinsights_skip_tracking":false,"_monsterinsights_sitenote_active":false,"_monsterinsights_sitenote_note":"","_monsterinsights_sitenote_category":0,"_uf_show_specific_survey":0,"_uf_disable_surveys":false,"footnotes":""},"categories":[1],"tags":[],"class_list":["post-30330","post","type-post","status-publish","format-standard","has-post-thumbnail","hentry","category-news"],"_links":{"self":[{"href":"https:\/\/agromt.news\/index.php?rest_route=\/wp\/v2\/posts\/30330"}],"collection":[{"href":"https:\/\/agromt.news\/index.php?rest_route=\/wp\/v2\/posts"}],"about":[{"href":"https:\/\/agromt.news\/index.php?rest_route=\/wp\/v2\/types\/post"}],"author":[{"embeddable":true,"href":"https:\/\/agromt.news\/index.php?rest_route=\/wp\/v2\/users\/1"}],"replies":[{"embeddable":true,"href":"https:\/\/agromt.news\/index.php?rest_route=%2Fwp%2Fv2%2Fcomments&post=30330"}],"version-history":[{"count":0,"href":"https:\/\/agromt.news\/index.php?rest_route=\/wp\/v2\/posts\/30330\/revisions"}],"wp:featuredmedia":[{"embeddable":true,"href":"https:\/\/agromt.news\/index.php?rest_route=\/wp\/v2\/media\/30331"}],"wp:attachment":[{"href":"https:\/\/agromt.news\/index.php?rest_route=%2Fwp%2Fv2%2Fmedia&parent=30330"}],"wp:term":[{"taxonomy":"category","embeddable":true,"href":"https:\/\/agromt.news\/index.php?rest_route=%2Fwp%2Fv2%2Fcategories&post=30330"},{"taxonomy":"post_tag","embeddable":true,"href":"https:\/\/agromt.news\/index.php?rest_route=%2Fwp%2Fv2%2Ftags&post=30330"}],"curies":[{"name":"wp","href":"https:\/\/api.w.org\/{rel}","templated":true}]}}