{"id":30321,"date":"2026-04-29T09:33:32","date_gmt":"2026-04-29T13:33:32","guid":{"rendered":"https:\/\/agromt.news\/?p=30321"},"modified":"2026-04-29T09:33:32","modified_gmt":"2026-04-29T13:33:32","slug":"colheita-de-cafe-arabica-avanca-lentamente-mas-deve-ganhar-ritmo-em-maio","status":"publish","type":"post","link":"https:\/\/agromt.news\/?p=30321","title":{"rendered":"Colheita de caf\u00e9 ar\u00e1bica avan\u00e7a lentamente, mas deve ganhar ritmo em maio"},"content":{"rendered":"<p> <br \/>\n<\/p>\n<div>\n<figure><img decoding=\"async\" src=\"https:\/\/agromt.news\/wp-content\/uploads\/2024\/11\/precos-do-arabica-voltam-a-subir-com-forca.jpg\" alt=\"caf\u00e9 ar\u00e1bica, funcaf\u00e9, temperatura\" \/><figcaption>Foto: Marcelo Camargo\/ABr<\/figcaption><\/figure>\n<\/div>\n<p>A colheita da safra 2026\/27 de caf\u00e9 ar\u00e1bica no Brasil segue em ritmo lento na maior parte das regi\u00f5es produtoras, segundo levantamento do Cepea divulgado nesta ter\u00e7a-feira (29).<\/p>\n<p>De acordo com o centro de pesquisas, os trabalhos de campo come\u00e7aram de forma mais efetiva apenas na Zona da Mata de Minas Gerais. No Sul de Minas, principal polo produtor, a maior parte dos produtores ainda n\u00e3o iniciou a colheita, com expectativa de avan\u00e7o a partir da segunda quinzena de maio.<\/p>\n<ul class=\"wp-block-list\">\n<li><em>Veja em primeira m\u00e3o tudo sobre agricultura, pecu\u00e1ria, economia e previs\u00e3o do tempo:<\/em><a href=\"https:\/\/news.google.com\/publications\/CAAqBwgKMPKZlQswq_mqAw?hl=pt-BR&amp;gl=BR&amp;ceid=BR%3Apt-419\" target=\"_blank\" rel=\"noreferrer noopener\"><em>\u00a0siga o Canal Rural no Google News!<\/em><\/a><\/li>\n<\/ul>\n<p>No Cerrado mineiro, outra importante regi\u00e3o cafeeira, o in\u00edcio mais consistente da colheita deve ocorrer apenas no fim de maio, comportamento considerado t\u00edpico para a \u00e1rea.<\/p>\n<h2 class=\"wp-block-heading\" id=\"h-avanco-pontual-em-outras-regioes\">Avan\u00e7o pontual em outras regi\u00f5es<\/h2>\n<p>Em S\u00e3o Paulo, na regi\u00e3o de Gar\u00e7a, parte dos produtores j\u00e1 come\u00e7ou os trabalhos, mas o volume colhido ainda \u00e9 reduzido. Na Mogiana paulista, a previs\u00e3o \u00e9 de in\u00edcio das atividades entre meados e o fim de maio.<\/p>\n<p>No Noroeste do Paran\u00e1, a colheita tamb\u00e9m come\u00e7a de forma gradual, mas pode sofrer atrasos devido \u00e0s chuvas recentes. A expectativa \u00e9 de normaliza\u00e7\u00e3o com a melhora das condi\u00e7\u00f5es clim\u00e1ticas.<\/p>\n<h2 class=\"wp-block-heading\" id=\"h-safra-pode-ser-robusta\">Safra pode ser robusta<\/h2>\n<p>Apesar do in\u00edcio mais lento, agentes consultados pelo Cepea destacam o bom desenvolvimento das lavouras, tanto de ar\u00e1bica quanto de robusta.<\/p>\n<p>A avalia\u00e7\u00e3o \u00e9 de que a safra est\u00e1 bem conduzida, o que pode resultar em um volume expressivo de produ\u00e7\u00e3o. A Conab projeta, inclusive, uma colheita recorde de caf\u00e9 no Brasil nesta temporada.<\/p>\n<p>O post <a href=\"https:\/\/www.canalrural.com.br\/agricultura\/cafe\/colheita-de-cafe-arabica-avanca-lentamente-mas-deve-ganhar-ritmo-em-maio\/\">Colheita de caf\u00e9 ar\u00e1bica avan\u00e7a lentamente, mas deve ganhar ritmo em maio<\/a> apareceu primeiro em <a href=\"https:\/\/www.canalrural.com.br\">Canal Rural<\/a>.<\/p>\n<p><br \/>\n<br \/><a href=\"https:\/\/www.canalrural.com.br\/agricultura\/cafe\/colheita-de-cafe-arabica-avanca-lentamente-mas-deve-ganhar-ritmo-em-maio\/\">Source link <\/a><\/p>\n","protected":false},"excerpt":{"rendered":"<p>Foto: Marcelo Camargo\/ABr A colheita da safra 2026\/27 de caf\u00e9 ar\u00e1bica no Brasil segue em ritmo lento na maior parte<\/p>\n","protected":false},"author":1,"featured_media":30322,"comment_status":"open","ping_status":"open","sticky":false,"template":"","format":"standard","meta":{"_monsterinsights_skip_tracking":false,"_monsterinsights_sitenote_active":false,"_monsterinsights_sitenote_note":"","_monsterinsights_sitenote_category":0,"_uf_show_specific_survey":0,"_uf_disable_surveys":false,"footnotes":""},"categories":[1],"tags":[],"class_list":["post-30321","post","type-post","status-publish","format-standard","has-post-thumbnail","hentry","category-news"],"_links":{"self":[{"href":"https:\/\/agromt.news\/index.php?rest_route=\/wp\/v2\/posts\/30321"}],"collection":[{"href":"https:\/\/agromt.news\/index.php?rest_route=\/wp\/v2\/posts"}],"about":[{"href":"https:\/\/agromt.news\/index.php?rest_route=\/wp\/v2\/types\/post"}],"author":[{"embeddable":true,"href":"https:\/\/agromt.news\/index.php?rest_route=\/wp\/v2\/users\/1"}],"replies":[{"embeddable":true,"href":"https:\/\/agromt.news\/index.php?rest_route=%2Fwp%2Fv2%2Fcomments&post=30321"}],"version-history":[{"count":0,"href":"https:\/\/agromt.news\/index.php?rest_route=\/wp\/v2\/posts\/30321\/revisions"}],"wp:featuredmedia":[{"embeddable":true,"href":"https:\/\/agromt.news\/index.php?rest_route=\/wp\/v2\/media\/30322"}],"wp:attachment":[{"href":"https:\/\/agromt.news\/index.php?rest_route=%2Fwp%2Fv2%2Fmedia&parent=30321"}],"wp:term":[{"taxonomy":"category","embeddable":true,"href":"https:\/\/agromt.news\/index.php?rest_route=%2Fwp%2Fv2%2Fcategories&post=30321"},{"taxonomy":"post_tag","embeddable":true,"href":"https:\/\/agromt.news\/index.php?rest_route=%2Fwp%2Fv2%2Ftags&post=30321"}],"curies":[{"name":"wp","href":"https:\/\/api.w.org\/{rel}","templated":true}]}}