{"id":30317,"date":"2026-04-29T07:26:33","date_gmt":"2026-04-29T11:26:33","guid":{"rendered":"https:\/\/agromt.news\/?p=30317"},"modified":"2026-04-29T07:26:33","modified_gmt":"2026-04-29T11:26:33","slug":"acordo-mercosul-uniao-europeia-e-promulgado-e-entra-em-vigor-em-1o-de-maio","status":"publish","type":"post","link":"https:\/\/agromt.news\/?p=30317","title":{"rendered":"Acordo Mercosul-Uni\u00e3o Europeia \u00e9 promulgado e entra em vigor em 1\u00ba de maio"},"content":{"rendered":"<p> <br \/>\n<\/p>\n<div>\n<figure><img decoding=\"async\" src=\"https:\/\/agromt.news\/wp-content\/uploads\/2026\/04\/Acordo-Mercosul-Uniao-Europeia-e-promulgado-e-entra-em-vigor-em.jpg\" alt=\"Foto criada por IA.\" \/><figcaption>Foto criada por IA.<\/figcaption><\/figure>\n<\/div>\n<p>O presidente Luiz In\u00e1cio Lula da Silva assinou, nesta ter\u00e7a-feira (28), o decreto que permite a aplica\u00e7\u00e3o imediata do acordo de com\u00e9rcio entre o Mercosul e a Uni\u00e3o Europeia no Brasil, viabilizando sua entrada em vigor na sexta-feira (1\u00ba de maio).<\/p>\n<ul class=\"wp-block-list\">\n<li><em>Veja em primeira m\u00e3o tudo sobre agricultura, pecu\u00e1ria, economia e previs\u00e3o do tempo:<\/em><a href=\"https:\/\/news.google.com\/publications\/CAAqBwgKMPKZlQswq_mqAw?hl=pt-BR&amp;gl=BR&amp;ceid=BR%3Apt-419\" target=\"_blank\" rel=\"noreferrer noopener\"><em>\u00a0siga o Canal Rural no Google News!<\/em><\/a><\/li>\n<\/ul>\n<p>Na pr\u00e1tica, o tratado estabelece uma das maiores zonas de livre com\u00e9rcio do mundo, envolvendo mais de 720 milh\u00f5es de pessoas e conectando economias da Am\u00e9rica do Sul e da Europa.<\/p>\n<p>A entrada em vigor inicia um processo gradual de abertura comercial entre os blocos. O Mercosul, formado por Argentina, Brasil, Paraguai e Uruguai, dever\u00e1 zerar tarifas sobre 91% dos produtos europeus em at\u00e9 15 anos. J\u00e1 a Uni\u00e3o Europeia prev\u00ea eliminar tarifas sobre 95% dos bens exportados pelo bloco sul-americano em at\u00e9 12 anos.<\/p>\n<p>Com o acordo, haver\u00e1 amplia\u00e7\u00e3o do acesso ao mercado europeu, especialmente para produtos agropecu\u00e1rios. O texto tamb\u00e9m prev\u00ea redu\u00e7\u00e3o de barreiras comerciais, padroniza\u00e7\u00e3o de regras sanit\u00e1rias e facilita\u00e7\u00e3o de processos aduaneiros. Al\u00e9m disso, empresas passam a ter maior acesso a compras governamentais nos pa\u00edses dos dois blocos.<\/p>\n<h3 class=\"wp-block-heading\" id=\"h-impactos-esperados\">Impactos esperados<\/h3>\n<p>A ApexBrasil estima que o acordo pode elevar as exporta\u00e7\u00f5es brasileiras em cerca de US$ 7 bilh\u00f5es, al\u00e9m de ampliar a diversifica\u00e7\u00e3o dos produtos vendidos ao exterior.<\/p>\n<p>O agroneg\u00f3cio tende a ser um dos principais beneficiados, com maior competitividade para itens como carnes, a\u00e7\u00facar e etanol. Ao mesmo tempo, setores industriais devem enfrentar maior concorr\u00eancia de produtos europeus no mercado interno.<\/p>\n<p>O post <a href=\"https:\/\/www.canalrural.com.br\/economia\/acordo-mercosul-uniao-europeia-e-promulgado-e-entra-em-vigor-em-1o-de-maio\/\">Acordo Mercosul-Uni\u00e3o Europeia \u00e9 promulgado e entra em vigor em 1\u00ba de maio<\/a> apareceu primeiro em <a href=\"https:\/\/www.canalrural.com.br\">Canal Rural<\/a>.<\/p>\n<p><br \/>\n<br \/><a href=\"https:\/\/www.canalrural.com.br\/economia\/acordo-mercosul-uniao-europeia-e-promulgado-e-entra-em-vigor-em-1o-de-maio\/\">Source link <\/a><\/p>\n","protected":false},"excerpt":{"rendered":"<p>Foto criada por IA. O presidente Luiz In\u00e1cio Lula da Silva assinou, nesta ter\u00e7a-feira (28), o decreto que permite a<\/p>\n","protected":false},"author":1,"featured_media":30318,"comment_status":"open","ping_status":"open","sticky":false,"template":"","format":"standard","meta":{"_monsterinsights_skip_tracking":false,"_monsterinsights_sitenote_active":false,"_monsterinsights_sitenote_note":"","_monsterinsights_sitenote_category":0,"_uf_show_specific_survey":0,"_uf_disable_surveys":false,"footnotes":""},"categories":[1],"tags":[],"class_list":["post-30317","post","type-post","status-publish","format-standard","has-post-thumbnail","hentry","category-news"],"_links":{"self":[{"href":"https:\/\/agromt.news\/index.php?rest_route=\/wp\/v2\/posts\/30317"}],"collection":[{"href":"https:\/\/agromt.news\/index.php?rest_route=\/wp\/v2\/posts"}],"about":[{"href":"https:\/\/agromt.news\/index.php?rest_route=\/wp\/v2\/types\/post"}],"author":[{"embeddable":true,"href":"https:\/\/agromt.news\/index.php?rest_route=\/wp\/v2\/users\/1"}],"replies":[{"embeddable":true,"href":"https:\/\/agromt.news\/index.php?rest_route=%2Fwp%2Fv2%2Fcomments&post=30317"}],"version-history":[{"count":0,"href":"https:\/\/agromt.news\/index.php?rest_route=\/wp\/v2\/posts\/30317\/revisions"}],"wp:featuredmedia":[{"embeddable":true,"href":"https:\/\/agromt.news\/index.php?rest_route=\/wp\/v2\/media\/30318"}],"wp:attachment":[{"href":"https:\/\/agromt.news\/index.php?rest_route=%2Fwp%2Fv2%2Fmedia&parent=30317"}],"wp:term":[{"taxonomy":"category","embeddable":true,"href":"https:\/\/agromt.news\/index.php?rest_route=%2Fwp%2Fv2%2Fcategories&post=30317"},{"taxonomy":"post_tag","embeddable":true,"href":"https:\/\/agromt.news\/index.php?rest_route=%2Fwp%2Fv2%2Ftags&post=30317"}],"curies":[{"name":"wp","href":"https:\/\/api.w.org\/{rel}","templated":true}]}}