{"id":30314,"date":"2026-04-29T06:30:55","date_gmt":"2026-04-29T10:30:55","guid":{"rendered":"https:\/\/agromt.news\/?p=30314"},"modified":"2026-04-29T06:30:55","modified_gmt":"2026-04-29T10:30:55","slug":"nova-frente-fria-traz-chuva-forte-e-muda-o-tempo-em-algumas-regioes-do-pais","status":"publish","type":"post","link":"https:\/\/agromt.news\/?p=30314","title":{"rendered":"Nova frente fria traz chuva forte e muda o tempo em algumas regi\u00f5es do pa\u00eds"},"content":{"rendered":"<p> <br \/>\n<\/p>\n<div>\n<figure><img decoding=\"async\" src=\"https:\/\/agromt.news\/wp-content\/uploads\/2026\/04\/Frente-fria-chega-no-feriadao-de-Pascoa-e-provoca-virada.jpg\" alt=\"\" \/><\/figure>\n<\/div>\n<p>Uma nova frente fria come\u00e7a a se formar na costa do Sudeste e deve reorganizar o tempo no Brasil nos pr\u00f3ximos dias.<\/p>\n<p>O sistema, associado a uma \u00e1rea de baixa press\u00e3o pr\u00f3xima ao litoral de S\u00e3o Paulo, refor\u00e7a as instabilidades no Sul e amplia as condi\u00e7\u00f5es para chuva moderada a forte em \u00e1reas do Sudeste, especialmente no estado paulista.<\/p>\n<p>Enquanto isso, temporais seguem atuando no Sul e avan\u00e7am de forma irregular por outras regi\u00f5es, mantendo o contraste entre excesso de chuva e baixa umidade no interior do pa\u00eds.<\/p>\n<h2 class=\"wp-block-heading\" id=\"h-sul\">Sul<\/h2>\n<p>No Sul do pa\u00eds, a chuva j\u00e1 ocorre desde cedo entre o Paran\u00e1 e Santa Catarina. As instabilidades atingem principalmente a metade sul paranaense e o norte catarinense, com potencial para temporais e acumulados elevados.<\/p>\n<p>Ao longo do dia, a chuva avan\u00e7a por \u00e1reas do Paran\u00e1, metade oeste de Santa Catarina e chega ao extremo norte do Rio Grande do Sul. J\u00e1 no restante do territ\u00f3rio ga\u00facho, o tempo permanece firme.<\/p>\n<p>As temperaturas seguem mais baixas pela manh\u00e3 no Rio Grande do Sul, com eleva\u00e7\u00e3o \u00e0 tarde. H\u00e1 chance de geada no sudeste do estado. O mar fica agitado no litoral ga\u00facho e catarinense.<\/p>\n<h2 class=\"wp-block-heading\" id=\"h-sudeste\">Sudeste<\/h2>\n<p>No Sudeste, a frente fria se afasta para o oceano, mas um novo sistema de baixa press\u00e3o se forma pr\u00f3ximo \u00e0 costa de S\u00e3o Paulo, favorecendo a chuva.<\/p>\n<p>H\u00e1 previs\u00e3o de pancadas moderadas a fortes no sul e litoral paulista, com trovoadas. A chuva tamb\u00e9m atinge o litoral norte do Esp\u00edrito Santo e pontos do sudoeste de S\u00e3o Paulo, por\u00e9m com menor intensidade.<\/p>\n<p>Nas demais \u00e1reas da regi\u00e3o, o tempo segue est\u00e1vel. As temperaturas permanecem elevadas, mas caem no sul paulista devido \u00e0 nebulosidade.<\/p>\n<p>A umidade do ar entra em alerta em \u00e1reas do interior, com \u00edndices abaixo de 30% no norte de S\u00e3o Paulo, Tri\u00e2ngulo Mineiro e interior de Minas Gerais. Rajadas de vento podem chegar a 50 km\/h entre o Rio de Janeiro e o Esp\u00edrito Santo.<\/p>\n<h2 class=\"wp-block-heading\" id=\"h-centro-oeste\">Centro-Oeste<\/h2>\n<p>No Centro-Oeste, a previs\u00e3o \u00e9 de pancadas de chuva desde cedo no norte, nordeste e interior de Mato Grosso. No sul e sudoeste de Mato Grosso do Sul, h\u00e1 risco de temporais.<\/p>\n<p>Durante a tarde, as instabilidades se intensificam em grande parte de Mato Grosso e em \u00e1reas do oeste e sul de Mato Grosso do Sul.<\/p>\n<p>J\u00e1 em Goi\u00e1s, o tempo permanece firme na maior parte do estado, com destaque para a baixa umidade do ar, que pode ficar abaixo dos 30%, especialmente no sudeste e entorno de Goi\u00e2nia.<\/p>\n<h2 class=\"wp-block-heading\" id=\"h-nordeste\">Nordeste<\/h2>\n<p>No Nordeste, a chuva se concentra na faixa litor\u00e2nea, entre o Rio Grande do Norte e a Bahia, influenciada pela umidade mar\u00edtima.<\/p>\n<p>H\u00e1 previs\u00e3o de pancadas mais intensas entre o Cear\u00e1, Maranh\u00e3o e norte do Piau\u00ed, com risco de temporais isolados. No interior da regi\u00e3o, o tempo segue seco e quente.<\/p>\n<p>A umidade relativa do ar tamb\u00e9m preocupa em \u00e1reas do interior, especialmente no sul do Piau\u00ed e na Bahia.<\/p>\n<h2 class=\"wp-block-heading\" id=\"h-norte\">Norte<\/h2>\n<p>Na regi\u00e3o Norte, a presen\u00e7a de umidade mant\u00e9m o tempo inst\u00e1vel. Pancadas de chuva ocorrem desde cedo em estados como Amazonas, Par\u00e1, Rond\u00f4nia e Acre.<\/p>\n<p>Ao longo do dia, as instabilidades se intensificam, com risco de temporais em grande parte da regi\u00e3o, especialmente no Amazonas, Par\u00e1, Amap\u00e1 e Rond\u00f4nia.<\/p>\n<p>No Tocantins, a chuva \u00e9 mais irregular, com tempo firme em parte do estado.<\/p>\n<p>O post <a href=\"https:\/\/www.canalrural.com.br\/previsao-do-tempo\/nova-frente-fria-traz-chuva-forte-e-muda-o-tempo-em-algumas-regioes-do-pais\/\">Nova frente fria traz chuva forte e muda o tempo em algumas regi\u00f5es do pa\u00eds<\/a> apareceu primeiro em <a href=\"https:\/\/www.canalrural.com.br\">Canal Rural<\/a>.<\/p>\n<p><br \/>\n<br \/><a href=\"https:\/\/www.canalrural.com.br\/previsao-do-tempo\/nova-frente-fria-traz-chuva-forte-e-muda-o-tempo-em-algumas-regioes-do-pais\/\">Source link <\/a><\/p>\n","protected":false},"excerpt":{"rendered":"<p>Uma nova frente fria come\u00e7a a se formar na costa do Sudeste e deve reorganizar o tempo no Brasil nos<\/p>\n","protected":false},"author":1,"featured_media":28689,"comment_status":"open","ping_status":"open","sticky":false,"template":"","format":"standard","meta":{"_monsterinsights_skip_tracking":false,"_monsterinsights_sitenote_active":false,"_monsterinsights_sitenote_note":"","_monsterinsights_sitenote_category":0,"_uf_show_specific_survey":0,"_uf_disable_surveys":false,"footnotes":""},"categories":[1],"tags":[],"class_list":["post-30314","post","type-post","status-publish","format-standard","has-post-thumbnail","hentry","category-news"],"_links":{"self":[{"href":"https:\/\/agromt.news\/index.php?rest_route=\/wp\/v2\/posts\/30314"}],"collection":[{"href":"https:\/\/agromt.news\/index.php?rest_route=\/wp\/v2\/posts"}],"about":[{"href":"https:\/\/agromt.news\/index.php?rest_route=\/wp\/v2\/types\/post"}],"author":[{"embeddable":true,"href":"https:\/\/agromt.news\/index.php?rest_route=\/wp\/v2\/users\/1"}],"replies":[{"embeddable":true,"href":"https:\/\/agromt.news\/index.php?rest_route=%2Fwp%2Fv2%2Fcomments&post=30314"}],"version-history":[{"count":0,"href":"https:\/\/agromt.news\/index.php?rest_route=\/wp\/v2\/posts\/30314\/revisions"}],"wp:featuredmedia":[{"embeddable":true,"href":"https:\/\/agromt.news\/index.php?rest_route=\/wp\/v2\/media\/28689"}],"wp:attachment":[{"href":"https:\/\/agromt.news\/index.php?rest_route=%2Fwp%2Fv2%2Fmedia&parent=30314"}],"wp:term":[{"taxonomy":"category","embeddable":true,"href":"https:\/\/agromt.news\/index.php?rest_route=%2Fwp%2Fv2%2Fcategories&post=30314"},{"taxonomy":"post_tag","embeddable":true,"href":"https:\/\/agromt.news\/index.php?rest_route=%2Fwp%2Fv2%2Ftags&post=30314"}],"curies":[{"name":"wp","href":"https:\/\/api.w.org\/{rel}","templated":true}]}}