{"id":30307,"date":"2026-04-29T00:36:34","date_gmt":"2026-04-29T04:36:34","guid":{"rendered":"https:\/\/agromt.news\/?p=30307"},"modified":"2026-04-29T00:36:34","modified_gmt":"2026-04-29T04:36:34","slug":"brasil-e-uruguai-ampliam-cooperacao-no-agronegocio","status":"publish","type":"post","link":"https:\/\/agromt.news\/?p=30307","title":{"rendered":"Brasil e Uruguai ampliam coopera\u00e7\u00e3o no agroneg\u00f3cio"},"content":{"rendered":"<p> <br \/>\n<\/p>\n<div>\n<p style=\"text-align:justify\">O ministro da Agricultura e Pecu\u00e1ria, Andr\u00e9 de Paula, recebeu nesta ter\u00e7a-feira (28), em Bras\u00edlia, o ministro da Pecu\u00e1ria, Agricultura e Pesca do Uruguai, Alfredo Fratti, para tratar de temas priorit\u00e1rios do agroneg\u00f3cio regional. O encontro ocorreu na sede do Minist\u00e9rio da Agricultura e Pecu\u00e1ria.&#13;\n<\/p>\n<p style=\"text-align:justify\">Durante a reuni\u00e3o, os ministros reafirmaram a import\u00e2ncia da rela\u00e7\u00e3o bilateral entre Brasil e Uruguai, marcada pela coopera\u00e7\u00e3o e pelo interc\u00e2mbio comercial. Andr\u00e9 de Paula destacou o papel do Uruguai como parceiro nas \u00e1reas comercial, t\u00e9cnica e institucional, enquanto Alfredo Fratti ressaltou a relev\u00e2ncia do di\u00e1logo cont\u00ednuo para a constru\u00e7\u00e3o de solu\u00e7\u00f5es conjuntas no agroneg\u00f3cio.<\/p>\n<p style=\"text-align:justify\">Entre os temas discutidos estiveram o setor leiteiro, o acordo entre Mercosul e Uni\u00e3o Europeia e a\u00e7\u00f5es para ampliar oportunidades comerciais. Segundo Andr\u00e9 de Paula, o governo brasileiro acompanha as pautas com aten\u00e7\u00e3o, considerando aspectos t\u00e9cnicos e legais para fortalecer a parceria entre os pa\u00edses.&#13;\n<\/p>\n<p style=\"text-align:justify\">Outro ponto abordado foi a coopera\u00e7\u00e3o em ci\u00eancia, tecnologia e inova\u00e7\u00e3o, com a implanta\u00e7\u00e3o da primeira Unidade Mista de Pesquisa e Inova\u00e7\u00e3o internacional. A iniciativa envolve a Empresa Brasileira de Pesquisa Agropecu\u00e1ria, o Instituto Nacional de Investigaci\u00f3n Agropecuaria e os minist\u00e9rios da Agricultura de ambos os pa\u00edses.<\/p>\n<p style=\"text-align:justify\">Tamb\u00e9m foi discutido o Memorando de Entendimento firmado em dezembro de 2025, voltado ao desenvolvimento de pol\u00edticas, produtos e tecnologias de origem biol\u00f3gica para a produ\u00e7\u00e3o agropecu\u00e1ria. Alfredo Fratti destacou o interesse na agenda de bioinsumos, enquanto o Brasil reiterou a disposi\u00e7\u00e3o de ampliar o interc\u00e2mbio t\u00e9cnico nessa \u00e1rea.&#13;\n<\/p>\n<p style=\"text-align:justify\">Brasil e Uruguai mant\u00eam parceria no \u00e2mbito do Mercosul, do Conselho Agropecu\u00e1rio do Sul e de outros f\u00f3runs regionais. Em 2025, o com\u00e9rcio bilateral entre os dois pa\u00edses somou cerca de US$ 2,22 bilh\u00f5es, com exporta\u00e7\u00f5es brasileiras de aproximadamente US$ 989,9 milh\u00f5es e importa\u00e7\u00f5es de US$ 1,23 bilh\u00e3o provenientes do Uruguai.<\/p>\n<p>\u00a0<\/p>\n<\/p><\/div>\n<p><script data-cfasync=\"false\">\n    !function (f, b, e, v, n, t, s) {\n        if (f.fbq) return; n = f.fbq = function () {\n            n.callMethod ?\n                n.callMethod.apply(n, arguments) : n.queue.push(arguments)\n        };\n        if (!f._fbq) f._fbq = n; n.push = n; n.loaded = !0; n.version = '2.0';\n        n.queue = []; t = b.createElement(e); t.async = !0;\n        t.src = v; s = b.getElementsByTagName(e)[0];\n        s.parentNode.insertBefore(t, s)\n    }(window, document, 'script',\n        'https:\/\/connect.facebook.net\/en_US\/fbevents.js');\n    fbq('init', '522546078623747');\n    fbq('track', 'PageView');\n<\/script><br \/>\n<br \/><br \/>\n<br \/><a href=\"https:\/\/www.agrolink.com.br\/noticias\/ministros-da-agricultura-do-brasil-e-do-uruguai-discutem-pautas-prioritarias-para-o-agronegocio_513636.html\">Source link <\/a><\/p>\n","protected":false},"excerpt":{"rendered":"<p>O ministro da Agricultura e Pecu\u00e1ria, Andr\u00e9 de Paula, recebeu nesta ter\u00e7a-feira (28), em Bras\u00edlia, o ministro da Pecu\u00e1ria, Agricultura<\/p>\n","protected":false},"author":1,"featured_media":850,"comment_status":"open","ping_status":"open","sticky":false,"template":"","format":"standard","meta":{"_monsterinsights_skip_tracking":false,"_monsterinsights_sitenote_active":false,"_monsterinsights_sitenote_note":"","_monsterinsights_sitenote_category":0,"_uf_show_specific_survey":0,"_uf_disable_surveys":false,"footnotes":""},"categories":[8,1,14],"tags":[],"class_list":["post-30307","post","type-post","status-publish","format-standard","has-post-thumbnail","hentry","category-agro","category-news","category-politica-agro"],"_links":{"self":[{"href":"https:\/\/agromt.news\/index.php?rest_route=\/wp\/v2\/posts\/30307"}],"collection":[{"href":"https:\/\/agromt.news\/index.php?rest_route=\/wp\/v2\/posts"}],"about":[{"href":"https:\/\/agromt.news\/index.php?rest_route=\/wp\/v2\/types\/post"}],"author":[{"embeddable":true,"href":"https:\/\/agromt.news\/index.php?rest_route=\/wp\/v2\/users\/1"}],"replies":[{"embeddable":true,"href":"https:\/\/agromt.news\/index.php?rest_route=%2Fwp%2Fv2%2Fcomments&post=30307"}],"version-history":[{"count":0,"href":"https:\/\/agromt.news\/index.php?rest_route=\/wp\/v2\/posts\/30307\/revisions"}],"wp:featuredmedia":[{"embeddable":true,"href":"https:\/\/agromt.news\/index.php?rest_route=\/wp\/v2\/media\/850"}],"wp:attachment":[{"href":"https:\/\/agromt.news\/index.php?rest_route=%2Fwp%2Fv2%2Fmedia&parent=30307"}],"wp:term":[{"taxonomy":"category","embeddable":true,"href":"https:\/\/agromt.news\/index.php?rest_route=%2Fwp%2Fv2%2Fcategories&post=30307"},{"taxonomy":"post_tag","embeddable":true,"href":"https:\/\/agromt.news\/index.php?rest_route=%2Fwp%2Fv2%2Ftags&post=30307"}],"curies":[{"name":"wp","href":"https:\/\/api.w.org\/{rel}","templated":true}]}}