{"id":30301,"date":"2026-04-28T20:41:28","date_gmt":"2026-04-29T00:41:28","guid":{"rendered":"https:\/\/agromt.news\/?p=30301"},"modified":"2026-04-28T20:41:28","modified_gmt":"2026-04-29T00:41:28","slug":"brasil-abre-mercado-inedito-para-exportacao-de-uvas-ao-azerbaijao-2","status":"publish","type":"post","link":"https:\/\/agromt.news\/?p=30301","title":{"rendered":"Brasil abre mercado in\u00e9dito para exporta\u00e7\u00e3o de uvas ao Azerbaij\u00e3o"},"content":{"rendered":"<p> <br \/>\n<\/p>\n<div>\n<figure><img decoding=\"async\" src=\"https:\/\/agromt.news\/wp-content\/uploads\/2026\/04\/1777423288_488_Brasil-abre-mercado-inedito-para-exportacao-de-uvas-ao-Azerbaijao.jpg\" alt=\"\" \/><\/figure>\n<\/div>\n<p>O setor vit\u00edcola brasileiro comemora a abertura de um novo mercado para a exporta\u00e7\u00e3o de uvas ao Azerbaij\u00e3o, um destino in\u00e9dito para a fruta nacional. O acordo foi firmado ap\u00f3s negocia\u00e7\u00f5es entre autoridades competentes dos dois pa\u00edses.<\/p>\n<h2>Interc\u00e2mbio comercial<\/h2>\n<p>Em 2025, o interc\u00e2mbio comercial entre Brasil e Azerbaij\u00e3o alcan\u00e7ou a marca de 24 milh\u00f5es de d\u00f3lares. Embora esse volume seja considerado modesto, a abertura do mercado de uvas sinaliza um potencial de crescimento significativo nas rela\u00e7\u00f5es comerciais entre as na\u00e7\u00f5es.<\/p>\n<h2>Impacto no setor vit\u00edcola<\/h2>\n<ul>\n<li>A abertura do mercado representa uma conquista hist\u00f3rica para o setor vit\u00edcola brasileiro.<\/li>\n<li>As negocia\u00e7\u00f5es foram realizadas entre autoridades competentes dos dois pa\u00edses.<\/li>\n<li>O novo mercado pode impulsionar as exporta\u00e7\u00f5es e fortalecer a presen\u00e7a brasileira no exterior.<\/li>\n<\/ul>\n<p>O post <a href=\"https:\/\/www.canalrural.com.br\/videos\/brasil-abre-mercado-inedito-para-exportacao-de-uvas-ao-azerbaijao-2\/\">Brasil abre mercado in\u00e9dito para exporta\u00e7\u00e3o de uvas ao Azerbaij\u00e3o<\/a> apareceu primeiro em <a href=\"https:\/\/www.canalrural.com.br\">Canal Rural<\/a>.<\/p>\n<p><br \/>\n<br \/><a href=\"https:\/\/www.canalrural.com.br\/videos\/brasil-abre-mercado-inedito-para-exportacao-de-uvas-ao-azerbaijao-2\/\">Source link <\/a><\/p>\n","protected":false},"excerpt":{"rendered":"<p>O setor vit\u00edcola brasileiro comemora a abertura de um novo mercado para a exporta\u00e7\u00e3o de uvas ao Azerbaij\u00e3o, um destino<\/p>\n","protected":false},"author":1,"featured_media":30302,"comment_status":"open","ping_status":"open","sticky":false,"template":"","format":"standard","meta":{"_monsterinsights_skip_tracking":false,"_monsterinsights_sitenote_active":false,"_monsterinsights_sitenote_note":"","_monsterinsights_sitenote_category":0,"_uf_show_specific_survey":0,"_uf_disable_surveys":false,"footnotes":""},"categories":[1],"tags":[],"class_list":["post-30301","post","type-post","status-publish","format-standard","has-post-thumbnail","hentry","category-news"],"_links":{"self":[{"href":"https:\/\/agromt.news\/index.php?rest_route=\/wp\/v2\/posts\/30301"}],"collection":[{"href":"https:\/\/agromt.news\/index.php?rest_route=\/wp\/v2\/posts"}],"about":[{"href":"https:\/\/agromt.news\/index.php?rest_route=\/wp\/v2\/types\/post"}],"author":[{"embeddable":true,"href":"https:\/\/agromt.news\/index.php?rest_route=\/wp\/v2\/users\/1"}],"replies":[{"embeddable":true,"href":"https:\/\/agromt.news\/index.php?rest_route=%2Fwp%2Fv2%2Fcomments&post=30301"}],"version-history":[{"count":0,"href":"https:\/\/agromt.news\/index.php?rest_route=\/wp\/v2\/posts\/30301\/revisions"}],"wp:featuredmedia":[{"embeddable":true,"href":"https:\/\/agromt.news\/index.php?rest_route=\/wp\/v2\/media\/30302"}],"wp:attachment":[{"href":"https:\/\/agromt.news\/index.php?rest_route=%2Fwp%2Fv2%2Fmedia&parent=30301"}],"wp:term":[{"taxonomy":"category","embeddable":true,"href":"https:\/\/agromt.news\/index.php?rest_route=%2Fwp%2Fv2%2Fcategories&post=30301"},{"taxonomy":"post_tag","embeddable":true,"href":"https:\/\/agromt.news\/index.php?rest_route=%2Fwp%2Fv2%2Ftags&post=30301"}],"curies":[{"name":"wp","href":"https:\/\/api.w.org\/{rel}","templated":true}]}}