{"id":30295,"date":"2026-04-28T19:59:26","date_gmt":"2026-04-28T23:59:26","guid":{"rendered":"https:\/\/agromt.news\/?p=30295"},"modified":"2026-04-28T19:59:26","modified_gmt":"2026-04-28T23:59:26","slug":"serra-catarinense-registra-33oc-e-e-a-menor-temperatura-do-brasil-em-2026","status":"publish","type":"post","link":"https:\/\/agromt.news\/?p=30295","title":{"rendered":"Serra catarinense registra -3,3\u00baC e \u00e9 a menor temperatura do Brasil em 2026"},"content":{"rendered":"<p> <br \/>\n<\/p>\n<div>\n<figure><img decoding=\"async\" src=\"https:\/\/agromt.news\/wp-content\/uploads\/2026\/04\/Serra-catarinense-registra-33oC-e-e-a-menor-temperatura-do.jpg\" alt=\"\" \/><\/figure>\n<\/div>\n<p>A Serra Catarinense registrou a menor temperatura do Brasil em 2026, com a marca de -3,3\u00baC, na madrugada desta ter\u00e7a-feira, 28 de abril. O frio intenso foi observado em S\u00e3o Joaquim, na regi\u00e3o conhecida como Caminhos da Neve, conforme registro da prefeitura local.<\/p>\n<h2>Impacto da massa de ar polar<\/h2>\n<p>A forte massa de ar polar que entrou no sul do Brasil causou temperaturas muito baixas tamb\u00e9m em outras regi\u00f5es:<\/p>\n<ul>\n<li>No Rio Grande do Sul, a menor temperatura foi de 0,4\u00baC, registrada em Santana do Livramento.<\/li>\n<li>No Paran\u00e1, a m\u00ednima foi de 2,5\u00baC em General Carneiro.<\/li>\n<\/ul>\n<h2>Previs\u00e3o do tempo<\/h2>\n<p>De acordo com meteorologistas, a frente fria que trouxe essa massa de ar polar continuar\u00e1 a influenciar o clima na regi\u00e3o sul do pa\u00eds nos pr\u00f3ximos dias, mas perder\u00e1 intensidade gradualmente:<\/p>\n<ul>\n<li>As m\u00ednimas no Rio Grande do Sul devem ficar abaixo de 10\u00baC.<\/li>\n<li>A chance de geada permanece apenas para \u00e1reas da serra ga\u00facha e catarinense.<\/li>\n<li>No Paran\u00e1, as m\u00ednimas devem atingir cerca de 16\u00baC.<\/li>\n<\/ul>\n<h2>Condi\u00e7\u00f5es clim\u00e1ticas gerais<\/h2>\n<p>Nos pr\u00f3ximos dias, a previs\u00e3o \u00e9 de que o frio se mantenha na regi\u00e3o sul, enquanto a frente fria avan\u00e7a para o Centro-Oeste e Sudeste do Brasil, trazendo chuvas para o Paran\u00e1 e sul de S\u00e3o Paulo, o que pode beneficiar o milho da segunda safra em fase de desenvolvimento.<\/p>\n<p>O post <a href=\"https:\/\/www.canalrural.com.br\/videos\/serra-catarinense-registra-33oc-e-e-a-menor-temperatura-do-brasil-em-2026\/\">Serra catarinense registra -3,3\u00baC e \u00e9 a menor temperatura do Brasil em 2026<\/a> apareceu primeiro em <a href=\"https:\/\/www.canalrural.com.br\">Canal Rural<\/a>.<\/p>\n<p><br \/>\n<br \/><a href=\"https:\/\/www.canalrural.com.br\/videos\/serra-catarinense-registra-33oc-e-e-a-menor-temperatura-do-brasil-em-2026\/\">Source link <\/a><\/p>\n","protected":false},"excerpt":{"rendered":"<p>A Serra Catarinense registrou a menor temperatura do Brasil em 2026, com a marca de -3,3\u00baC, na madrugada desta ter\u00e7a-feira,<\/p>\n","protected":false},"author":1,"featured_media":30296,"comment_status":"open","ping_status":"open","sticky":false,"template":"","format":"standard","meta":{"_monsterinsights_skip_tracking":false,"_monsterinsights_sitenote_active":false,"_monsterinsights_sitenote_note":"","_monsterinsights_sitenote_category":0,"_uf_show_specific_survey":0,"_uf_disable_surveys":false,"footnotes":""},"categories":[1],"tags":[],"class_list":["post-30295","post","type-post","status-publish","format-standard","has-post-thumbnail","hentry","category-news"],"_links":{"self":[{"href":"https:\/\/agromt.news\/index.php?rest_route=\/wp\/v2\/posts\/30295"}],"collection":[{"href":"https:\/\/agromt.news\/index.php?rest_route=\/wp\/v2\/posts"}],"about":[{"href":"https:\/\/agromt.news\/index.php?rest_route=\/wp\/v2\/types\/post"}],"author":[{"embeddable":true,"href":"https:\/\/agromt.news\/index.php?rest_route=\/wp\/v2\/users\/1"}],"replies":[{"embeddable":true,"href":"https:\/\/agromt.news\/index.php?rest_route=%2Fwp%2Fv2%2Fcomments&post=30295"}],"version-history":[{"count":0,"href":"https:\/\/agromt.news\/index.php?rest_route=\/wp\/v2\/posts\/30295\/revisions"}],"wp:featuredmedia":[{"embeddable":true,"href":"https:\/\/agromt.news\/index.php?rest_route=\/wp\/v2\/media\/30296"}],"wp:attachment":[{"href":"https:\/\/agromt.news\/index.php?rest_route=%2Fwp%2Fv2%2Fmedia&parent=30295"}],"wp:term":[{"taxonomy":"category","embeddable":true,"href":"https:\/\/agromt.news\/index.php?rest_route=%2Fwp%2Fv2%2Fcategories&post=30295"},{"taxonomy":"post_tag","embeddable":true,"href":"https:\/\/agromt.news\/index.php?rest_route=%2Fwp%2Fv2%2Ftags&post=30295"}],"curies":[{"name":"wp","href":"https:\/\/api.w.org\/{rel}","templated":true}]}}