{"id":30293,"date":"2026-04-28T19:45:23","date_gmt":"2026-04-28T23:45:23","guid":{"rendered":"https:\/\/agromt.news\/?p=30293"},"modified":"2026-04-28T19:45:23","modified_gmt":"2026-04-28T23:45:23","slug":"brasil-abre-mercado-inedito-para-exportacao-de-uvas-ao-azerbaijao","status":"publish","type":"post","link":"https:\/\/agromt.news\/?p=30293","title":{"rendered":"Brasil abre mercado in\u00e9dito para exporta\u00e7\u00e3o de uvas ao Azerbaij\u00e3o"},"content":{"rendered":"<p> <br \/>\n<\/p>\n<div>\n<figure><img decoding=\"async\" src=\"https:\/\/agromt.news\/wp-content\/uploads\/2026\/04\/Brasil-abre-mercado-inedito-para-exportacao-de-uvas-ao-Azerbaijao.jpg\" alt=\"\" \/><\/figure>\n<\/div>\n<p>O setor vit\u00edcola brasileiro comemora a abertura de um novo mercado para a exporta\u00e7\u00e3o de uvas ao Azerbaij\u00e3o, um destino in\u00e9dito para a fruta nacional. O acordo foi firmado ap\u00f3s negocia\u00e7\u00f5es entre autoridades competentes dos dois pa\u00edses, representando uma conquista significativa para os produtores brasileiros.<\/p>\n<h2>Interc\u00e2mbio comercial<\/h2>\n<p>Em 2025, o interc\u00e2mbio comercial entre Brasil e Azerbaij\u00e3o alcan\u00e7ou 24 milh\u00f5es de d\u00f3lares. Embora esse volume ainda seja considerado modesto, a abertura do mercado de uvas sinaliza um potencial de crescimento nas rela\u00e7\u00f5es comerciais entre as na\u00e7\u00f5es.<\/p>\n<h2>Impacto no setor vit\u00edcola<\/h2>\n<ul>\n<li>Abertura de mercado para uvas no Azerbaij\u00e3o \u00e9 um marco para o setor.<\/li>\n<li>Negocia\u00e7\u00f5es foram realizadas entre autoridades dos dois pa\u00edses.<\/li>\n<li>Expectativa de aumento nas exporta\u00e7\u00f5es e fortalecimento das rela\u00e7\u00f5es comerciais.<\/li>\n<\/ul>\n<p>O post <a href=\"https:\/\/www.canalrural.com.br\/videos\/brasil-abre-mercado-inedito-para-exportacao-de-uvas-ao-azerbaijao\/\">Brasil abre mercado in\u00e9dito para exporta\u00e7\u00e3o de uvas ao Azerbaij\u00e3o<\/a> apareceu primeiro em <a href=\"https:\/\/www.canalrural.com.br\">Canal Rural<\/a>.<\/p>\n<p><br \/>\n<br \/><a href=\"https:\/\/www.canalrural.com.br\/videos\/brasil-abre-mercado-inedito-para-exportacao-de-uvas-ao-azerbaijao\/\">Source link <\/a><\/p>\n","protected":false},"excerpt":{"rendered":"<p>O setor vit\u00edcola brasileiro comemora a abertura de um novo mercado para a exporta\u00e7\u00e3o de uvas ao Azerbaij\u00e3o, um destino<\/p>\n","protected":false},"author":1,"featured_media":30294,"comment_status":"open","ping_status":"open","sticky":false,"template":"","format":"standard","meta":{"_monsterinsights_skip_tracking":false,"_monsterinsights_sitenote_active":false,"_monsterinsights_sitenote_note":"","_monsterinsights_sitenote_category":0,"_uf_show_specific_survey":0,"_uf_disable_surveys":false,"footnotes":""},"categories":[1],"tags":[],"class_list":["post-30293","post","type-post","status-publish","format-standard","has-post-thumbnail","hentry","category-news"],"_links":{"self":[{"href":"https:\/\/agromt.news\/index.php?rest_route=\/wp\/v2\/posts\/30293"}],"collection":[{"href":"https:\/\/agromt.news\/index.php?rest_route=\/wp\/v2\/posts"}],"about":[{"href":"https:\/\/agromt.news\/index.php?rest_route=\/wp\/v2\/types\/post"}],"author":[{"embeddable":true,"href":"https:\/\/agromt.news\/index.php?rest_route=\/wp\/v2\/users\/1"}],"replies":[{"embeddable":true,"href":"https:\/\/agromt.news\/index.php?rest_route=%2Fwp%2Fv2%2Fcomments&post=30293"}],"version-history":[{"count":0,"href":"https:\/\/agromt.news\/index.php?rest_route=\/wp\/v2\/posts\/30293\/revisions"}],"wp:featuredmedia":[{"embeddable":true,"href":"https:\/\/agromt.news\/index.php?rest_route=\/wp\/v2\/media\/30294"}],"wp:attachment":[{"href":"https:\/\/agromt.news\/index.php?rest_route=%2Fwp%2Fv2%2Fmedia&parent=30293"}],"wp:term":[{"taxonomy":"category","embeddable":true,"href":"https:\/\/agromt.news\/index.php?rest_route=%2Fwp%2Fv2%2Fcategories&post=30293"},{"taxonomy":"post_tag","embeddable":true,"href":"https:\/\/agromt.news\/index.php?rest_route=%2Fwp%2Fv2%2Ftags&post=30293"}],"curies":[{"name":"wp","href":"https:\/\/api.w.org\/{rel}","templated":true}]}}