{"id":30289,"date":"2026-04-28T19:03:26","date_gmt":"2026-04-28T23:03:26","guid":{"rendered":"https:\/\/agromt.news\/?p=30289"},"modified":"2026-04-28T19:03:26","modified_gmt":"2026-04-28T23:03:26","slug":"boi-gordo-recua-nas-principais-pracas-com-pressao-maior-em-goias-e-minas-gerais","status":"publish","type":"post","link":"https:\/\/agromt.news\/?p=30289","title":{"rendered":"Boi gordo recua nas principais pra\u00e7as, com press\u00e3o maior em Goi\u00e1s e Minas Gerais"},"content":{"rendered":"<p> <br \/>\n<\/p>\n<div>\n<figure><img decoding=\"async\" src=\"https:\/\/agromt.news\/wp-content\/uploads\/2026\/03\/Oferta-restrita-mantem-escalas-curtas-e-precos-do-boi-gordo.jpg\" alt=\"boi gordo mercado\" \/><figcaption>Foto: Secretaria de Agricultura e Abastecimento do Estado de S\u00e3o Paulo<\/figcaption><\/figure>\n<\/div>\n<p>O mercado f\u00edsico do boi gordo volta a registrar tentativas de compra em n\u00edveis mais baixos. Ao longo da semana, o movimento ganha car\u00e1ter uniforme, com recuos sendo observados nas principais pra\u00e7as pecu\u00e1rias do pa\u00eds<\/p>\n<p>Em estados como Goi\u00e1s e Minas Gerais o movimento pode ser mais intenso, dada a pior<br \/>condi\u00e7\u00e3o das pastagens ap\u00f3s um m\u00eas de abril de estresse h\u00eddrico, acelerando o desgaste.<\/p>\n<ul class=\"wp-block-list\">\n<li><em>Veja em primeira m\u00e3o tudo sobre agricultura, pecu\u00e1ria, economia e previs\u00e3o do tempo:<\/em><a href=\"https:\/\/news.google.com\/publications\/CAAqBwgKMPKZlQswq_mqAw?hl=pt-BR&amp;gl=BR&amp;ceid=BR%3Apt-419\"><strong><em>siga o Canal Rural no Google News!<\/em><\/strong><\/a><\/li>\n<\/ul>\n<p>As pastagens est\u00e3o mais vigorosas no Mato Grosso e no restante da regi\u00e3o Norte, o que oferece uma expectativa de quedas menos acentuadas em um primeiro momento, considerando a maior capacidade de reten\u00e7\u00e3o entre os pecuaristas. <\/p>\n<p>O mercado tamb\u00e9m est\u00e1 atento em rela\u00e7\u00e3o a progress\u00e3o da cota chinesa, com expectativa de esgotamento em meados de junho, o que tem sido precificado de maneira contundente no mercado futuro, disse o analista da Consultoria Safras &amp; Mercado, Fernando Henrique Iglesias.<\/p>\n<h2 class=\"wp-block-heading\" id=\"h-referencia-media-da-arroba-do-boi-gordo\">Refer\u00eancia m\u00e9dia da arroba do boi gordo<\/h2>\n<p>Em S\u00e3o Paulo, a refer\u00eancia m\u00e9dia para a arroba do boi ficou em R$ 357,83, na modalidade \u00e0 prazo. Em Goi\u00e1s, a indica\u00e7\u00e3o m\u00e9dia foi de R$ 341,43 para a arroba do boi gordo. Em Minas Gerais, a arroba teve pre\u00e7o m\u00e9dio de R$ 340,29. No Mato Grosso do Sul, a arroba foi indicada em R$ 350,80 No Mato Grosso, a arroba ficou indicada em R$ 356,42.<\/p>\n<h2 class=\"wp-block-heading\" id=\"h-atacado\">Atacado<\/h2>\n<p>O mercado atacadista ainda se depara com pre\u00e7os em predominante acomoda\u00e7\u00e3o ao longo desta ter\u00e7a-feira. O ambiente de neg\u00f3cios ainda sugere por menor espa\u00e7o para reajustes no decorrer do restante do m\u00eas, considerando o menor apelo ao consumo durante a segunda quinzena do m\u00eas. <\/p>\n<p>Al\u00e9m disso, os pre\u00e7os da carne bovina ainda perdem competitividade na compara\u00e7\u00e3o com as prote\u00ednas concorrentes, em especial na compara\u00e7\u00e3o com os pre\u00e7os da carne de frango.<\/p>\n<ul class=\"wp-block-list\">\n<li><strong>Quarto traseiro:<\/strong> R$ 28,50 por quilo;<\/li>\n<li><strong>Quarto dianteiro: <\/strong>R$ 23,50 por quilo;<\/li>\n<li><strong>Ponta de agulha:<\/strong> R$ 21,50 por quilo.<\/li>\n<\/ul>\n<h2 class=\"wp-block-heading\" id=\"h-cambio\">C\u00e2mbio<\/h2>\n<p>O d\u00f3lar comercial encerrou a sess\u00e3o com baixa de 0,01%, sendo negociado a R$ 4,9815 para venda e a R$ 4,9795 para compra. Durante o dia, a moeda norte-americana oscilou entre a m\u00ednima de R$ 4,9728 e a m\u00e1xima de R$ 5,0158<\/p>\n<p>O post <a href=\"https:\/\/www.canalrural.com.br\/pecuaria\/boi-gordo-recua-nas-principais-pracas-com-pressao-maior-em-goias-e-minas-gerais\/\">Boi gordo recua nas principais pra\u00e7as, com press\u00e3o maior em Goi\u00e1s e Minas Gerais<\/a> apareceu primeiro em <a href=\"https:\/\/www.canalrural.com.br\">Canal Rural<\/a>.<\/p>\n<p><br \/>\n<br \/><a href=\"https:\/\/www.canalrural.com.br\/pecuaria\/boi-gordo-recua-nas-principais-pracas-com-pressao-maior-em-goias-e-minas-gerais\/\">Source link <\/a><\/p>\n","protected":false},"excerpt":{"rendered":"<p>Foto: Secretaria de Agricultura e Abastecimento do Estado de S\u00e3o Paulo O mercado f\u00edsico do boi gordo volta a registrar<\/p>\n","protected":false},"author":1,"featured_media":28226,"comment_status":"open","ping_status":"open","sticky":false,"template":"","format":"standard","meta":{"_monsterinsights_skip_tracking":false,"_monsterinsights_sitenote_active":false,"_monsterinsights_sitenote_note":"","_monsterinsights_sitenote_category":0,"_uf_show_specific_survey":0,"_uf_disable_surveys":false,"footnotes":""},"categories":[1],"tags":[],"class_list":["post-30289","post","type-post","status-publish","format-standard","has-post-thumbnail","hentry","category-news"],"_links":{"self":[{"href":"https:\/\/agromt.news\/index.php?rest_route=\/wp\/v2\/posts\/30289"}],"collection":[{"href":"https:\/\/agromt.news\/index.php?rest_route=\/wp\/v2\/posts"}],"about":[{"href":"https:\/\/agromt.news\/index.php?rest_route=\/wp\/v2\/types\/post"}],"author":[{"embeddable":true,"href":"https:\/\/agromt.news\/index.php?rest_route=\/wp\/v2\/users\/1"}],"replies":[{"embeddable":true,"href":"https:\/\/agromt.news\/index.php?rest_route=%2Fwp%2Fv2%2Fcomments&post=30289"}],"version-history":[{"count":0,"href":"https:\/\/agromt.news\/index.php?rest_route=\/wp\/v2\/posts\/30289\/revisions"}],"wp:featuredmedia":[{"embeddable":true,"href":"https:\/\/agromt.news\/index.php?rest_route=\/wp\/v2\/media\/28226"}],"wp:attachment":[{"href":"https:\/\/agromt.news\/index.php?rest_route=%2Fwp%2Fv2%2Fmedia&parent=30289"}],"wp:term":[{"taxonomy":"category","embeddable":true,"href":"https:\/\/agromt.news\/index.php?rest_route=%2Fwp%2Fv2%2Fcategories&post=30289"},{"taxonomy":"post_tag","embeddable":true,"href":"https:\/\/agromt.news\/index.php?rest_route=%2Fwp%2Fv2%2Ftags&post=30289"}],"curies":[{"name":"wp","href":"https:\/\/api.w.org\/{rel}","templated":true}]}}