{"id":30283,"date":"2026-04-28T18:20:31","date_gmt":"2026-04-28T22:20:31","guid":{"rendered":"https:\/\/agromt.news\/?p=30283"},"modified":"2026-04-28T18:20:31","modified_gmt":"2026-04-28T22:20:31","slug":"carga-de-larvas-de-camarao-avaliada-em-r-33-mil-e-retida-por-fiscais","status":"publish","type":"post","link":"https:\/\/agromt.news\/?p=30283","title":{"rendered":"Carga de larvas de camar\u00e3o avaliada em R$ 33 mil \u00e9 retida por fiscais"},"content":{"rendered":"<p> <br \/>\n<\/p>\n<div>\n<figure><img decoding=\"async\" src=\"https:\/\/agromt.news\/wp-content\/uploads\/2026\/04\/Carga-de-larvas-de-camarao-avaliada-em-R-33-mil.webp.webp\" alt=\"larvas de camar\u00e3o\" \/><figcaption>Foto: divulga\u00e7\u00e3o\/Sefa<\/figcaption><\/figure>\n<\/div>\n<p>Uma carga de 5 toneladas de larvas de camar\u00e3o, avaliada em mais de R$ 33.264,00, foi apreendida nesta segunda-feira (27) durante fiscaliza\u00e7\u00e3o no nordeste do Par\u00e1, levantando suspeitas sobre a regularidade da opera\u00e7\u00e3o e o destino final do produto. <\/p>\n<p>A abordagem ocorreu na Coordena\u00e7\u00e3o de Controle de Mercadorias em Tr\u00e2nsito do Gurupi, em Cachoeira do Piri\u00e1, regi\u00e3o de divisa com o Maranh\u00e3o.<\/p>\n<ul class=\"wp-block-list\">\n<li><em>Veja em primeira m\u00e3o tudo sobre agricultura, pecu\u00e1ria, economia e previs\u00e3o do tempo:<\/em><a href=\"https:\/\/news.google.com\/publications\/CAAqBwgKMPKZlQswq_mqAw?hl=pt-BR&amp;gl=BR&amp;ceid=BR%3Apt-419\"><em> <\/em><strong><em>siga o Canal Rural no Google News!<\/em><\/strong><\/a><\/li>\n<\/ul>\n<p>\u201cNa an\u00e1lise da opera\u00e7\u00e3o, foi feita a verifica\u00e7\u00e3o em sistemas, sendo encontradas v\u00e1rias inscri\u00e7\u00f5es estaduais vinculadas ao CPF do destinat\u00e1rio, v\u00e1rias delas suspensas, outras inaptas e somente uma ativa com atividade de cultivo de a\u00e7a\u00ed, que n\u00e3o corresponde ao produto transportado\u201d, relatou o coordenador Gustavo Bozola.<\/p>\n<p>A carga foi retida e lavrado o Termo de Apreens\u00e3o e Dep\u00f3sito (TAD), no valor de R$ 11.376,29 correspondente ao ICMS e multa.<\/p>\n<p>O post <a href=\"https:\/\/www.canalrural.com.br\/seguranca\/carga-de-larvas-de-camarao-avaliada-em-r-33-mil-e-retida-por-fiscais\/\">Carga de larvas de camar\u00e3o avaliada em R$ 33 mil \u00e9 retida por fiscais<\/a> apareceu primeiro em <a href=\"https:\/\/www.canalrural.com.br\">Canal Rural<\/a>.<\/p>\n<p><br \/>\n<br \/><a href=\"https:\/\/www.canalrural.com.br\/seguranca\/carga-de-larvas-de-camarao-avaliada-em-r-33-mil-e-retida-por-fiscais\/\">Source link <\/a><\/p>\n","protected":false},"excerpt":{"rendered":"<p>Foto: divulga\u00e7\u00e3o\/Sefa Uma carga de 5 toneladas de larvas de camar\u00e3o, avaliada em mais de R$ 33.264,00, foi apreendida nesta<\/p>\n","protected":false},"author":1,"featured_media":30284,"comment_status":"open","ping_status":"open","sticky":false,"template":"","format":"standard","meta":{"_monsterinsights_skip_tracking":false,"_monsterinsights_sitenote_active":false,"_monsterinsights_sitenote_note":"","_monsterinsights_sitenote_category":0,"_uf_show_specific_survey":0,"_uf_disable_surveys":false,"footnotes":""},"categories":[1],"tags":[],"class_list":["post-30283","post","type-post","status-publish","format-standard","has-post-thumbnail","hentry","category-news"],"_links":{"self":[{"href":"https:\/\/agromt.news\/index.php?rest_route=\/wp\/v2\/posts\/30283"}],"collection":[{"href":"https:\/\/agromt.news\/index.php?rest_route=\/wp\/v2\/posts"}],"about":[{"href":"https:\/\/agromt.news\/index.php?rest_route=\/wp\/v2\/types\/post"}],"author":[{"embeddable":true,"href":"https:\/\/agromt.news\/index.php?rest_route=\/wp\/v2\/users\/1"}],"replies":[{"embeddable":true,"href":"https:\/\/agromt.news\/index.php?rest_route=%2Fwp%2Fv2%2Fcomments&post=30283"}],"version-history":[{"count":0,"href":"https:\/\/agromt.news\/index.php?rest_route=\/wp\/v2\/posts\/30283\/revisions"}],"wp:featuredmedia":[{"embeddable":true,"href":"https:\/\/agromt.news\/index.php?rest_route=\/wp\/v2\/media\/30284"}],"wp:attachment":[{"href":"https:\/\/agromt.news\/index.php?rest_route=%2Fwp%2Fv2%2Fmedia&parent=30283"}],"wp:term":[{"taxonomy":"category","embeddable":true,"href":"https:\/\/agromt.news\/index.php?rest_route=%2Fwp%2Fv2%2Fcategories&post=30283"},{"taxonomy":"post_tag","embeddable":true,"href":"https:\/\/agromt.news\/index.php?rest_route=%2Fwp%2Fv2%2Ftags&post=30283"}],"curies":[{"name":"wp","href":"https:\/\/api.w.org\/{rel}","templated":true}]}}