{"id":30281,"date":"2026-04-28T18:06:29","date_gmt":"2026-04-28T22:06:29","guid":{"rendered":"https:\/\/agromt.news\/?p=30281"},"modified":"2026-04-28T18:06:29","modified_gmt":"2026-04-28T22:06:29","slug":"sem-emocao-nao-se-e-fazendeiro-diz-ze-luiz-niemeyer-ao-falar-de-60-anos-com-o-nelore","status":"publish","type":"post","link":"https:\/\/agromt.news\/?p=30281","title":{"rendered":"\u2018Sem emo\u00e7\u00e3o, n\u00e3o se \u00e9 fazendeiro\u2019, diz Z\u00e9 Luiz Niemeyer ao falar de 60 anos com o nelore"},"content":{"rendered":"<p> <br \/>\n<\/p>\n<div>\n<figure><img decoding=\"async\" src=\"https:\/\/agromt.news\/wp-content\/uploads\/2026\/04\/\u2018Sem-emocao-nao-se-e-fazendeiro-diz-Ze-Luiz-Niemeyer.jpg\" alt=\"Foto: Divulga\u00e7\u00e3o.\" \/><figcaption>Foto: Divulga\u00e7\u00e3o. <\/figcaption><\/figure>\n<\/div>\n<p>O <em>Giro do Boi<\/em> prestou homenagens a Z\u00e9 Luiz Niemeyer, reconhecido como uma lenda do agroneg\u00f3cio brasileiro. Titular da Fazenda Terra Boa, localizada em Guararapes (SP), Niemeyer \u00e9 considerado um dos pilares do melhoramento gen\u00e9tico no pa\u00eds, dedicando mais de sessenta anos de sua vida \u00e0 sele\u00e7\u00e3o da ra\u00e7a nelore.<\/p>\n<p>Para Niemeyer, a pecu\u00e1ria vai al\u00e9m de n\u00fameros e planilhas. Ele afirma que o sucesso no campo exige uma conex\u00e3o profunda com a terra e os ciclos da vida, resumindo sua vis\u00e3o em sua frase ic\u00f4nica: \u201cSem emo\u00e7\u00e3o, n\u00e3o se \u00e9 fazendeiro\u201d.<\/p>\n<p>Confira:<\/p>\n<h2 class=\"wp-block-heading\" id=\"h-a-trajetoria-de-niemeyer\">A trajet\u00f3ria de Niemeyer<\/h2>\n<p>A trajet\u00f3ria de Z\u00e9 Luiz Niemeyer est\u00e1 entrela\u00e7ada com a hist\u00f3ria da profissionaliza\u00e7\u00e3o do nelore no Brasil. Sua vis\u00e3o transformou uma fazenda de gado comercial em uma refer\u00eancia global em gen\u00e9tica. Sob sua lideran\u00e7a, a Fazenda Terra Boa se destacou como a primeira do Brasil a conquistar os tr\u00eas selos de excel\u00eancia da Associa\u00e7\u00e3o Nacional de Criadores de Zebu (ANCP), incluindo o selo de Sustentabilidade.<\/p>\n<p>Niemeyer destaca que a preserva\u00e7\u00e3o da natureza \u00e9 um ato de intelig\u00eancia estrat\u00e9gica e n\u00e3o apenas uma obriga\u00e7\u00e3o. Ele defende que o lucro real prov\u00e9m da longevidade da terra, enfatizando a import\u00e2ncia de selecionar animais adaptados ao clima do Brasil Central.<\/p>\n<ul class=\"wp-block-list\">\n<li><em>Veja em primeira m\u00e3o tudo sobre agricultura, pecu\u00e1ria, economia e previs\u00e3o do tempo:<\/em><a href=\"https:\/\/news.google.com\/publications\/CAAqBwgKMPKZlQswq_mqAw?hl=pt-BR&amp;gl=BR&amp;ceid=BR%3Apt-419\"> <em>siga o Canal Rural no Google News!<\/em><\/a><\/li>\n<\/ul>\n<h2 class=\"wp-block-heading\" id=\"h-legado-e-visao-do-futuro\">Legado e vis\u00e3o do futuro<\/h2>\n<p>Aos 87 anos, o pecuarista celebra a evolu\u00e7\u00e3o do Brasil, que se transformou no maior exportador de carne do mundo. Ele acredita que o nelore \u00e9 a \u201cra\u00e7a m\u00e3e\u201d do pa\u00eds e aconselha os jovens a manterem a sensibilidade necess\u00e1ria para apreciar o nascimento de um bezerro ou o vigor de uma lavoura, pois essa sensibilidade \u00e9 crucial para a efici\u00eancia na pecu\u00e1ria.<\/p>\n<p>O Brasil progrediu na pecu\u00e1ria porque os fazendeiros aprenderam a ouvir a ci\u00eancia, mantendo a ess\u00eancia do neg\u00f3cio. O legado de Z\u00e9 Luiz Niemeyer reafirma que a pecu\u00e1ria de alta performance se constr\u00f3i com t\u00e9cnica rigorosa, mas sobrevive e prospera atrav\u00e9s da emo\u00e7\u00e3o e do compromisso com a evolu\u00e7\u00e3o da ra\u00e7a nelore.<\/p>\n<p>Com informa\u00e7\u00f5es de: <a href=\"https:\/\/girodoboi.canalrural.com.br\/pecuaria\/sem-emocao-nao-se-e-fazendeiro-o-legado-de-ze-luiz-niemeyer-para-o-nelore-brasileiro\/\" rel=\"nofollow\">girodoboi.canalrural.com.br<\/a>.<\/p>\n<p>Publicado com aux\u00edlio de intelig\u00eancia artificial e revis\u00e3o da Reda\u00e7\u00e3o Canal Rural.<\/p>\n<p>O post <a href=\"https:\/\/www.canalrural.com.br\/pecuaria\/sem-emocao-nao-se-e-fazendeiro-diz-ze-luiz-niemeyer-ao-falar-de-60-anos-com-o-nelore\/\">&#8216;Sem emo\u00e7\u00e3o, n\u00e3o se \u00e9 fazendeiro&#8217;, diz Z\u00e9 Luiz Niemeyer ao falar de 60 anos com o nelore<\/a> apareceu primeiro em <a href=\"https:\/\/www.canalrural.com.br\">Canal Rural<\/a>.<\/p>\n<p><br \/>\n<br \/><a href=\"https:\/\/www.canalrural.com.br\/pecuaria\/sem-emocao-nao-se-e-fazendeiro-diz-ze-luiz-niemeyer-ao-falar-de-60-anos-com-o-nelore\/\">Source link <\/a><\/p>\n","protected":false},"excerpt":{"rendered":"<p>Foto: Divulga\u00e7\u00e3o. O Giro do Boi prestou homenagens a Z\u00e9 Luiz Niemeyer, reconhecido como uma lenda do agroneg\u00f3cio brasileiro. Titular<\/p>\n","protected":false},"author":1,"featured_media":30282,"comment_status":"open","ping_status":"open","sticky":false,"template":"","format":"standard","meta":{"_monsterinsights_skip_tracking":false,"_monsterinsights_sitenote_active":false,"_monsterinsights_sitenote_note":"","_monsterinsights_sitenote_category":0,"_uf_show_specific_survey":0,"_uf_disable_surveys":false,"footnotes":""},"categories":[1],"tags":[],"class_list":["post-30281","post","type-post","status-publish","format-standard","has-post-thumbnail","hentry","category-news"],"_links":{"self":[{"href":"https:\/\/agromt.news\/index.php?rest_route=\/wp\/v2\/posts\/30281"}],"collection":[{"href":"https:\/\/agromt.news\/index.php?rest_route=\/wp\/v2\/posts"}],"about":[{"href":"https:\/\/agromt.news\/index.php?rest_route=\/wp\/v2\/types\/post"}],"author":[{"embeddable":true,"href":"https:\/\/agromt.news\/index.php?rest_route=\/wp\/v2\/users\/1"}],"replies":[{"embeddable":true,"href":"https:\/\/agromt.news\/index.php?rest_route=%2Fwp%2Fv2%2Fcomments&post=30281"}],"version-history":[{"count":0,"href":"https:\/\/agromt.news\/index.php?rest_route=\/wp\/v2\/posts\/30281\/revisions"}],"wp:featuredmedia":[{"embeddable":true,"href":"https:\/\/agromt.news\/index.php?rest_route=\/wp\/v2\/media\/30282"}],"wp:attachment":[{"href":"https:\/\/agromt.news\/index.php?rest_route=%2Fwp%2Fv2%2Fmedia&parent=30281"}],"wp:term":[{"taxonomy":"category","embeddable":true,"href":"https:\/\/agromt.news\/index.php?rest_route=%2Fwp%2Fv2%2Fcategories&post=30281"},{"taxonomy":"post_tag","embeddable":true,"href":"https:\/\/agromt.news\/index.php?rest_route=%2Fwp%2Fv2%2Ftags&post=30281"}],"curies":[{"name":"wp","href":"https:\/\/api.w.org\/{rel}","templated":true}]}}