{"id":30280,"date":"2026-04-28T17:52:26","date_gmt":"2026-04-28T21:52:26","guid":{"rendered":"https:\/\/agromt.news\/?p=30280"},"modified":"2026-04-28T17:52:26","modified_gmt":"2026-04-28T21:52:26","slug":"o-campo-acumula-dividas-e-ascende-como-ponto-relevante-na-disputa-eleitoral","status":"publish","type":"post","link":"https:\/\/agromt.news\/?p=30280","title":{"rendered":"O campo acumula d\u00edvidas e ascende como ponto relevante na disputa eleitoral"},"content":{"rendered":"<p> <br \/>\n<\/p>\n<div>\n<figure><img decoding=\"async\" src=\"https:\/\/agromt.news\/wp-content\/uploads\/2025\/02\/Desenrola-Rural-deve-alcancar-um-milhao-de-pequenos-produtores.jpg\" alt=\"Calculadora ao lado de notas em reais\" \/><figcaption>Foto: Pixabay<\/figcaption><\/figure>\n<\/div>\n<p>Enquanto os produtores enfrentam uma \u201ctempestade perfeita\u201d com financiamentos elevados e commodities em queda, o campo pol\u00edtico entra em cena para angariar apoio para as elei\u00e7\u00f5es de outubro.<\/p>\n<p>O agroneg\u00f3cio responde por 25% do PIB brasileiro e quase metade das exporta\u00e7\u00f5es nacionais, no entanto, sofre com o crescente endividamento e outros problemas estruturais ao longo dos \u00faltimos anos. \u00c9 claro que, em ano de elei\u00e7\u00e3o, essas quest\u00f5es come\u00e7am a ser capitalizadas em uma batalha eleitoral.<\/p>\n<ul class=\"wp-block-list\">\n<li><em>Receba no seu celular atualiza\u00e7\u00f5es em tempo real, enquetes interativas e tudo o que impacta o dia a dia no campo:<\/em><a href=\"https:\/\/whatsapp.com\/channel\/0029Va9VnZxGk1FplZjiW43k\"><em> <\/em><strong><em>entre agora no Whatsapp do Canal Rural!<\/em><\/strong><\/a>\u00a0<\/li>\n<\/ul>\n<p>Um momento emblem\u00e1tico dessa disputa aconteceu recentemente em Ribeir\u00e3o Preto, na abertura da 31\u00aa edi\u00e7\u00e3o da <strong><a href=\"http:\/\/www.canalrural.com.br\/tag\/agrishow\/\">Agrishow<\/a><\/strong>. O vice-presidente Geraldo Alckmin subiu ao palco para representar o governo federal, anunciou R$ 10 bilh\u00f5es em cr\u00e9dito para m\u00e1quinas agr\u00edcolas e prometeu avan\u00e7os no seguro rural e na renegocia\u00e7\u00e3o de d\u00edvidas para inadimplentes e adimplentes.<\/p>\n<p>Do outro lado, representantes da Frente Parlamentar da Agropecu\u00e1ria (FPA) e o secret\u00e1rio de Agricultura de S\u00e3o Paulo demonstram insatisfa\u00e7\u00e3o com a lentid\u00e3o para avan\u00e7ar com propostas concretas. Alguns nomearam o dia como \u201cn\u00e3o an\u00fancio\u201d, alus\u00e3o ao fato de que o Move Agr\u00edcola chegou sem detalhamento suficiente sobre a taxa de juros e os prazos.<\/p>\n<p>O presidente Lula n\u00e3o compareceu ao evento, aus\u00eancia que pode ser relacionada ao hist\u00f3rico de rusgas entre a organiza\u00e7\u00e3o e o governo federal nos anos anteriores. Com isso, deixou espa\u00e7o livre para os opositores, que j\u00e1 possuem maior aceita\u00e7\u00e3o no meio.<\/p>\n<p>O secret\u00e1rio de S\u00e3o Paulo, Geraldo Melo Filho, foi direto ao tecer cr\u00edticas e apontar que o produtor opera com margem m\u00ednima, quando n\u00e3o negativa, e que os juros cobrados &#8220;beiram a extors\u00e3o&#8221;. Sua conclus\u00e3o mais grave aponta para uma esp\u00e9cie de reforma agr\u00e1ria silenciosa e \u00e0s avessas, por expuls\u00e3o financeira, onde os produtores endividados poderiam perder suas propriedades para bancos e credores.<\/p>\n<p>Esse quadro chega com for\u00e7a total para o cen\u00e1rio das elei\u00e7\u00f5es. Afinal, o agro n\u00e3o \u00e9 apenas um setor econ\u00f4mico, \u00e9 representativo de um eleitorado forte.<\/p>\n<p>Concentrado justamente onde Lula tem maior dificuldade de conquistar votos, esse p\u00fablico possui poder econ\u00f4mico e capacidade de mobiliza\u00e7\u00e3o, al\u00e9m de historicamente estar distante do PT.<\/p>\n<p>Enquanto o Executivo busca equacionar um caminho entre as demandas, a FPA tem pressionado dentro do Congresso o avan\u00e7o de pautas vistas como esfor\u00e7o concreto para apaziguar o cen\u00e1rio dos produtores.<\/p>\n<p> PL 5122\/2023 prop\u00f5e o uso do Fundo Social para criar uma linha de cr\u00e9dito emergencial de renegocia\u00e7\u00e3o de d\u00edvidas rurais, com potencial de mobilizar cerca de R$ 30 bilh\u00f5es. Nas  reuni\u00f5es da frente, esse valor j\u00e1 \u00e9 tido como insuficiente, mas representaria um primeiro alento para produtores em dificuldade.<\/p>\n<p>O PL 2951\/2024, por sua vez, atualiza o marco do seguro rural com a cria\u00e7\u00e3o de um fundo de cat\u00e1strofes e tramita em regime de urg\u00eancia na C\u00e2mara.<\/p>\n<p>Para a quest\u00e3o do cr\u00e9dito, os PLs 2564\/2025 e 205\/2025, buscam garantir o devido processo legal antes de qualquer bloqueio por raz\u00f5es ambientais, preservando o combate ao desmatamento ilegal sem punir quem est\u00e1 regular, j\u00e1 que se tem levantado bastante o debate acerca das resolu\u00e7\u00f5es do Conselho Monet\u00e1rio Nacional, que passaram a condicionar o cr\u00e9dito rural \u00e0 consulta ao sistema Prodes de monitoramento de desmatamento.<\/p>\n<p>Fato \u00e9 que a crise de endividamento rural n\u00e3o ser\u00e1 um problema que se resolver\u00e1 com os discursos na disputa eleitoral. Exige medidas estruturantes, cr\u00e9dito com juros compat\u00edveis, seguro rural com cobertura real e renegocia\u00e7\u00e3o de d\u00edvidas com regras claras. Mas, em meio ao ano eleitoral, o agroneg\u00f3cio se torna um campo de batalha pol\u00edtica relevante e elevar\u00e1 as discuss\u00f5es acerca do tema.<\/p>\n<div class=\"wp-block-media-text is-stacked-on-mobile\">\n<figure class=\"wp-block-media-text__media\"><img fetchpriority=\"high\" decoding=\"async\" width=\"1024\" height=\"645\" src=\"https:\/\/agromt.news\/wp-content\/uploads\/2026\/03\/Soberania-alimentar-geopolitica-e-novas-barreiras-comerciais-ao-agro-brasileiro.jpg\" alt=\"Fernanda C\u00e9sar, cosultora da BMJ\" class=\"wp-image-4160679 size-full\" \/><\/figure>\n<div class=\"wp-block-media-text__content\">\n<p><strong>*<em>Fernanda C\u00e9sar<\/em><\/strong><em> \u00e9 gerente de An\u00e1lise Pol\u00edtica Federal e de Bens de Consumo. Atua desde 2017 na BMJ Consultores Associados. \u00c9 bacharel em Ci\u00eancia Pol\u00edtica pela Universidade de Bras\u00edlia (UnB) e p\u00f3s-graduada em Direito e Rela\u00e7\u00f5es Governamentais pelo Centro Universit\u00e1rio de Bras\u00edlia (UniCEUB).<\/em><\/p>\n<\/div>\n<\/div>\n<hr class=\"wp-block-separator has-alpha-channel-opacity\" \/>\n<p><em>O&nbsp;<strong>Canal Rural<\/strong>&nbsp;n\u00e3o se responsabiliza pelas opini\u00f5es e conceitos emitidos nos textos desta sess\u00e3o, sendo os conte\u00fados de inteira responsabilidade de seus autores. A empresa se reserva o direito de fazer ajustes no texto para adequa\u00e7\u00e3o \u00e0s normas de publica\u00e7\u00e3o.<\/em><\/p>\n<\/p>\n<\/p>\n<p>O post <a href=\"https:\/\/www.canalrural.com.br\/opiniao-noticias\/o-campo-acumula-dividas-e-ascende-como-ponto-relevante-na-disputa-eleitoral\/\">O campo acumula d\u00edvidas e ascende como ponto relevante na disputa eleitoral<\/a> apareceu primeiro em <a href=\"https:\/\/www.canalrural.com.br\">Canal Rural<\/a>.<\/p>\n<p><br \/>\n<br \/><a href=\"https:\/\/www.canalrural.com.br\/opiniao-noticias\/o-campo-acumula-dividas-e-ascende-como-ponto-relevante-na-disputa-eleitoral\/\">Source link <\/a><\/p>\n","protected":false},"excerpt":{"rendered":"<p>Foto: Pixabay Enquanto os produtores enfrentam uma \u201ctempestade perfeita\u201d com financiamentos elevados e commodities em queda, o campo pol\u00edtico entra<\/p>\n","protected":false},"author":1,"featured_media":29048,"comment_status":"open","ping_status":"open","sticky":false,"template":"","format":"standard","meta":{"_monsterinsights_skip_tracking":false,"_monsterinsights_sitenote_active":false,"_monsterinsights_sitenote_note":"","_monsterinsights_sitenote_category":0,"_uf_show_specific_survey":0,"_uf_disable_surveys":false,"footnotes":""},"categories":[1],"tags":[],"class_list":["post-30280","post","type-post","status-publish","format-standard","has-post-thumbnail","hentry","category-news"],"_links":{"self":[{"href":"https:\/\/agromt.news\/index.php?rest_route=\/wp\/v2\/posts\/30280"}],"collection":[{"href":"https:\/\/agromt.news\/index.php?rest_route=\/wp\/v2\/posts"}],"about":[{"href":"https:\/\/agromt.news\/index.php?rest_route=\/wp\/v2\/types\/post"}],"author":[{"embeddable":true,"href":"https:\/\/agromt.news\/index.php?rest_route=\/wp\/v2\/users\/1"}],"replies":[{"embeddable":true,"href":"https:\/\/agromt.news\/index.php?rest_route=%2Fwp%2Fv2%2Fcomments&post=30280"}],"version-history":[{"count":0,"href":"https:\/\/agromt.news\/index.php?rest_route=\/wp\/v2\/posts\/30280\/revisions"}],"wp:featuredmedia":[{"embeddable":true,"href":"https:\/\/agromt.news\/index.php?rest_route=\/wp\/v2\/media\/29048"}],"wp:attachment":[{"href":"https:\/\/agromt.news\/index.php?rest_route=%2Fwp%2Fv2%2Fmedia&parent=30280"}],"wp:term":[{"taxonomy":"category","embeddable":true,"href":"https:\/\/agromt.news\/index.php?rest_route=%2Fwp%2Fv2%2Fcategories&post=30280"},{"taxonomy":"post_tag","embeddable":true,"href":"https:\/\/agromt.news\/index.php?rest_route=%2Fwp%2Fv2%2Ftags&post=30280"}],"curies":[{"name":"wp","href":"https:\/\/api.w.org\/{rel}","templated":true}]}}