{"id":30274,"date":"2026-04-28T17:10:31","date_gmt":"2026-04-28T21:10:31","guid":{"rendered":"https:\/\/agromt.news\/?p=30274"},"modified":"2026-04-28T17:10:31","modified_gmt":"2026-04-28T21:10:31","slug":"divida-rural-passa-de-r-100-bilhoes-afirma-fpa-que-articula-plano-de-renegociacao-no-senado","status":"publish","type":"post","link":"https:\/\/agromt.news\/?p=30274","title":{"rendered":"\u2018D\u00edvida rural passa de R$ 100 bilh\u00f5es\u2019, afirma FPA, que articula plano de renegocia\u00e7\u00e3o no Senado"},"content":{"rendered":"<p> <br \/>\n<\/p>\n<div>\n<figure><img decoding=\"async\" src=\"https:\/\/agromt.news\/wp-content\/uploads\/2026\/04\/\u2018Divida-rural-passa-de-R-100-bilhoes-afirma-FPA-que.jpg\" alt=\"d\u00edvida do produtor rural\" \/><figcaption>Imagem gerada por intelig\u00eancia aritifical<\/figcaption><\/figure>\n<\/div>\n<p>A Frente Parlamentar da Agropecu\u00e1ria <strong><a href=\"http:\/\/www.canalrural.com.br\/tag\/fpa\/\">(FPA)<\/a><\/strong> definiu nesta ter\u00e7a-feira (28), em reuni\u00e3o na Comiss\u00e3o de Assuntos Econ\u00f4micos (CAE) do Senado, uma estrat\u00e9gia para viabilizar a renegocia\u00e7\u00e3o de d\u00edvidas de produtores rurais. O eixo central da proposta \u00e9 o projeto de lei 5.122\/2023, com previs\u00e3o de uso de fundos constitucionais, recursos do Fundo Social do Pr\u00e9-Sal e eventual aporte do governo federal.<\/p>\n<p>Segundo o presidente da FPA, deputado Pedro Lupion (Republicanos-PR), o passivo do setor superou o patamar inicialmente estimado. \u201cHoje, infelizmente, a nossa d\u00edvida j\u00e1 n\u00e3o \u00e9 mais de R$ 30 bilh\u00f5es. A d\u00edvida do produtor passa dos R$ 100 bilh\u00f5es\u201d, afirmou.<\/p>\n<p>O texto em tramita\u00e7\u00e3o no Senado prev\u00ea cerca de R$ 30 bilh\u00f5es do Fundo Social para uma linha especial de renegocia\u00e7\u00e3o, com juros entre 3,5% e 7,5%. J\u00e1 a proposta em discuss\u00e3o no governo, de acordo com parlamentares da bancada, gira em torno de R$ 80 bilh\u00f5es, mas com taxas entre 6% e 12% e parcela relevante dos recursos a juros livres.<\/p>\n<ul class=\"wp-block-list\">\n<li><em>Receba no seu celular atualiza\u00e7\u00f5es em tempo real, enquetes interativas e tudo o que impacta o dia a dia no campo:<\/em><a href=\"https:\/\/whatsapp.com\/channel\/0029Va9VnZxGk1FplZjiW43k\"><em> <\/em><strong><em>entre agora no Whatsapp do Canal Rural!<\/em><\/strong><\/a>\u00a0<\/li>\n<\/ul>\n<p>Na avalia\u00e7\u00e3o da FPA, a diferen\u00e7a entre as duas modelagens est\u00e1 no custo final, no prazo de pagamento e no alcance regional. Os fundos constitucionais tendem a atender produtores do Norte, Nordeste e Centro-Oeste, mas n\u00e3o resolvem, sozinhos, a situa\u00e7\u00e3o de estados do Sul e Sudeste. Parlamentares tamb\u00e9m citaram que a medida provis\u00f3ria editada em 2025, com R$ 12 bilh\u00f5es para renegocia\u00e7\u00f5es, teve acesso restrito por exig\u00eancias elevadas de enquadramento.<\/p>\n<p>O coordenador institucional da FPA, deputado Alceu Moreira (MDB-RS), afirmou que a prioridade \u00e9 restabelecer a capacidade de financiamento do produtor. \u201cN\u00e3o h\u00e1 por que lan\u00e7ar Plano Safra se o produtor rural n\u00e3o tem como acessar cr\u00e9dito\u201d, disse. Segundo ele, h\u00e1 casos em que o prazo necess\u00e1rio para quita\u00e7\u00e3o pode chegar a 15 ou 20 anos, o que exigiria fundo garantidor e regras compat\u00edveis com a renda da atividade.<\/p>\n<p>As conclus\u00f5es da reuni\u00e3o ser\u00e3o apresentadas ao ministro da Fazenda, Dario Durigan, ainda nesta ter\u00e7a-feira (28), em Bras\u00edlia. A bancada pretende discutir se haver\u00e1 apoio do governo \u00e0 inclus\u00e3o do Fundo Social na solu\u00e7\u00e3o. Sem esse mecanismo, segundo os parlamentares, a renegocia\u00e7\u00e3o pode ter alcance menor e manter parte dos produtores fora do cr\u00e9dito oficial.<\/p>\n<p class=\"news-source\"><strong>Fonte:<\/strong> <a href=\"https:\/\/agencia.fpagropecuaria.org.br\/2026\/04\/28\/nao-ha-porque-lancar-plano-safra-se-o-produtor-rural-nao-tem-como-acessar-credito-destaca-alceu-moreira-sobre-endividamento\" target=\"_blank\" rel=\"noopener noreferrer\">agencia.fpagropecuaria.org.br<\/a><\/p>\n<p>O post <a href=\"https:\/\/www.canalrural.com.br\/agricultura\/divida-rural-passa-de-r-100-bilhoes-afirma-fpa-que-articula-plano-de-renegociacao-no-senado\/\">&#8216;D\u00edvida rural passa de R$ 100 bilh\u00f5es&#8217;, afirma FPA, que articula plano de renegocia\u00e7\u00e3o no Senado<\/a> apareceu primeiro em <a href=\"https:\/\/www.canalrural.com.br\">Canal Rural<\/a>.<\/p>\n<p><br \/>\n<br \/><a href=\"https:\/\/www.canalrural.com.br\/agricultura\/divida-rural-passa-de-r-100-bilhoes-afirma-fpa-que-articula-plano-de-renegociacao-no-senado\/\">Source link <\/a><\/p>\n","protected":false},"excerpt":{"rendered":"<p>Imagem gerada por intelig\u00eancia aritifical A Frente Parlamentar da Agropecu\u00e1ria (FPA) definiu nesta ter\u00e7a-feira (28), em reuni\u00e3o na Comiss\u00e3o de<\/p>\n","protected":false},"author":1,"featured_media":30275,"comment_status":"open","ping_status":"open","sticky":false,"template":"","format":"standard","meta":{"_monsterinsights_skip_tracking":false,"_monsterinsights_sitenote_active":false,"_monsterinsights_sitenote_note":"","_monsterinsights_sitenote_category":0,"_uf_show_specific_survey":0,"_uf_disable_surveys":false,"footnotes":""},"categories":[1],"tags":[],"class_list":["post-30274","post","type-post","status-publish","format-standard","has-post-thumbnail","hentry","category-news"],"_links":{"self":[{"href":"https:\/\/agromt.news\/index.php?rest_route=\/wp\/v2\/posts\/30274"}],"collection":[{"href":"https:\/\/agromt.news\/index.php?rest_route=\/wp\/v2\/posts"}],"about":[{"href":"https:\/\/agromt.news\/index.php?rest_route=\/wp\/v2\/types\/post"}],"author":[{"embeddable":true,"href":"https:\/\/agromt.news\/index.php?rest_route=\/wp\/v2\/users\/1"}],"replies":[{"embeddable":true,"href":"https:\/\/agromt.news\/index.php?rest_route=%2Fwp%2Fv2%2Fcomments&post=30274"}],"version-history":[{"count":0,"href":"https:\/\/agromt.news\/index.php?rest_route=\/wp\/v2\/posts\/30274\/revisions"}],"wp:featuredmedia":[{"embeddable":true,"href":"https:\/\/agromt.news\/index.php?rest_route=\/wp\/v2\/media\/30275"}],"wp:attachment":[{"href":"https:\/\/agromt.news\/index.php?rest_route=%2Fwp%2Fv2%2Fmedia&parent=30274"}],"wp:term":[{"taxonomy":"category","embeddable":true,"href":"https:\/\/agromt.news\/index.php?rest_route=%2Fwp%2Fv2%2Fcategories&post=30274"},{"taxonomy":"post_tag","embeddable":true,"href":"https:\/\/agromt.news\/index.php?rest_route=%2Fwp%2Fv2%2Ftags&post=30274"}],"curies":[{"name":"wp","href":"https:\/\/api.w.org\/{rel}","templated":true}]}}