{"id":30269,"date":"2026-04-28T16:42:22","date_gmt":"2026-04-28T20:42:22","guid":{"rendered":"https:\/\/agromt.news\/?p=30269"},"modified":"2026-04-28T16:42:22","modified_gmt":"2026-04-28T20:42:22","slug":"fpa-discute-impactos-da-alta-do-diesel-e-reforma-da-lei-do-agro","status":"publish","type":"post","link":"https:\/\/agromt.news\/?p=30269","title":{"rendered":"FPA discute impactos da alta do diesel e reforma da Lei do Agro"},"content":{"rendered":"<p> <br \/>\n<\/p>\n<div>\n<figure><img decoding=\"async\" src=\"https:\/\/agromt.news\/wp-content\/uploads\/2026\/04\/FPA-discute-impactos-da-alta-do-diesel-e-reforma-da.jpg\" alt=\"\" \/><\/figure>\n<\/div>\n<p>A Frente Parlamentar da Agropecu\u00e1ria (FPA) est\u00e1 em reuni\u00e3o para discutir os impactos da alta do pre\u00e7o do diesel no agroneg\u00f3cio brasileiro e a moderniza\u00e7\u00e3o da Lei do Agro. A alta do combust\u00edvel, que j\u00e1 ultrapassa 23% em pouco mais de um m\u00eas, tem gerado um impacto adicional de bilh\u00f5es de reais no setor.<\/p>\n<h2>Impactos da alta do diesel<\/h2>\n<p>Um estudo da Federa\u00e7\u00e3o da Agricultura do Rio Grande do Sul (Farsul) revela como o aumento do pre\u00e7o do diesel afeta diversas culturas. O combust\u00edvel \u00e9 essencial para a mecaniza\u00e7\u00e3o agr\u00edcola, o que torna sua alta um fator cr\u00edtico para o custo de produ\u00e7\u00e3o.<\/p>\n<h2>Moderniza\u00e7\u00e3o da Lei do Agro<\/h2>\n<p>Durante a reuni\u00e3o, especialistas discutem a necessidade de modernizar a legisla\u00e7\u00e3o que regula o financiamento no setor. Jos\u00e9 \u00c2ngelo Mazilo J\u00fanior, especialista em finan\u00e7as do agro, destacou que a proposta visa:<\/p>\n<ul>\n<li>Reduzir a burocracia no acesso ao cr\u00e9dito<\/li>\n<li>Garantir seguran\u00e7a jur\u00eddica para os produtores<\/li>\n<li>Facilitar a conex\u00e3o entre tomadores de cr\u00e9dito e investidores<\/li>\n<\/ul>\n<p>A nova legisla\u00e7\u00e3o, que pode ser chamada de Lei do Agro 3, busca aprimorar o sistema de financiamento, promovendo maior transpar\u00eancia e competitividade no mercado.<\/p>\n<h2>Desdobramentos e pr\u00f3ximos passos<\/h2>\n<p>A Confedera\u00e7\u00e3o da Agricultura e Pecu\u00e1ria do Brasil (CNA) tamb\u00e9m deve apresentar suas demandas ao Minist\u00e9rio da Agricultura, contribuindo para o plano safra 2026-2027. A expectativa \u00e9 que as reformas tragam melhorias significativas para o setor, especialmente em tempos de instabilidade econ\u00f4mica.<\/p>\n<p>O post <a href=\"https:\/\/www.canalrural.com.br\/videos\/fpa-discute-impactos-da-alta-do-diesel-e-reforma-da-lei-do-agro\/\">FPA discute impactos da alta do diesel e reforma da Lei do Agro<\/a> apareceu primeiro em <a href=\"https:\/\/www.canalrural.com.br\">Canal Rural<\/a>.<\/p>\n<p><br \/>\n<br \/><a href=\"https:\/\/www.canalrural.com.br\/videos\/fpa-discute-impactos-da-alta-do-diesel-e-reforma-da-lei-do-agro\/\">Source link <\/a><\/p>\n","protected":false},"excerpt":{"rendered":"<p>A Frente Parlamentar da Agropecu\u00e1ria (FPA) est\u00e1 em reuni\u00e3o para discutir os impactos da alta do pre\u00e7o do diesel no<\/p>\n","protected":false},"author":1,"featured_media":30270,"comment_status":"open","ping_status":"open","sticky":false,"template":"","format":"standard","meta":{"_monsterinsights_skip_tracking":false,"_monsterinsights_sitenote_active":false,"_monsterinsights_sitenote_note":"","_monsterinsights_sitenote_category":0,"_uf_show_specific_survey":0,"_uf_disable_surveys":false,"footnotes":""},"categories":[1],"tags":[],"class_list":["post-30269","post","type-post","status-publish","format-standard","has-post-thumbnail","hentry","category-news"],"_links":{"self":[{"href":"https:\/\/agromt.news\/index.php?rest_route=\/wp\/v2\/posts\/30269"}],"collection":[{"href":"https:\/\/agromt.news\/index.php?rest_route=\/wp\/v2\/posts"}],"about":[{"href":"https:\/\/agromt.news\/index.php?rest_route=\/wp\/v2\/types\/post"}],"author":[{"embeddable":true,"href":"https:\/\/agromt.news\/index.php?rest_route=\/wp\/v2\/users\/1"}],"replies":[{"embeddable":true,"href":"https:\/\/agromt.news\/index.php?rest_route=%2Fwp%2Fv2%2Fcomments&post=30269"}],"version-history":[{"count":0,"href":"https:\/\/agromt.news\/index.php?rest_route=\/wp\/v2\/posts\/30269\/revisions"}],"wp:featuredmedia":[{"embeddable":true,"href":"https:\/\/agromt.news\/index.php?rest_route=\/wp\/v2\/media\/30270"}],"wp:attachment":[{"href":"https:\/\/agromt.news\/index.php?rest_route=%2Fwp%2Fv2%2Fmedia&parent=30269"}],"wp:term":[{"taxonomy":"category","embeddable":true,"href":"https:\/\/agromt.news\/index.php?rest_route=%2Fwp%2Fv2%2Fcategories&post=30269"},{"taxonomy":"post_tag","embeddable":true,"href":"https:\/\/agromt.news\/index.php?rest_route=%2Fwp%2Fv2%2Ftags&post=30269"}],"curies":[{"name":"wp","href":"https:\/\/api.w.org\/{rel}","templated":true}]}}