{"id":30265,"date":"2026-04-28T16:13:31","date_gmt":"2026-04-28T20:13:31","guid":{"rendered":"https:\/\/agromt.news\/?p=30265"},"modified":"2026-04-28T16:13:31","modified_gmt":"2026-04-28T20:13:31","slug":"serra-catarinense-registra-a-menor-temperatura-do-brasil-em-2026","status":"publish","type":"post","link":"https:\/\/agromt.news\/?p=30265","title":{"rendered":"Serra Catarinense registra a menor temperatura do Brasil em 2026"},"content":{"rendered":"<p> <br \/>\n<\/p>\n<div>\n<figure><img decoding=\"async\" src=\"https:\/\/agromt.news\/wp-content\/uploads\/2026\/04\/Serra-Catarinense-registra-a-menor-temperatura-do-Brasil-em-2026.jpg\" alt=\"\" \/><\/figure>\n<\/div>\n<p>A Serra Catarinense registrou a menor temperatura do Brasil em 2026 at\u00e9 agora, com m\u00ednima de 3,3\u00ba negativos em S\u00e3o Joaquim, regi\u00e3o conhecida como Caminhos da Neve. O frio intenso ocorreu na madrugada de ter\u00e7a-feira, 28 de abril, conforme registro da prefeitura local.<\/p>\n<h2>Impactos do frio intenso<\/h2>\n<p>A forte massa de ar polar que entrou no sul do Brasil deixou as temperaturas muito baixas, afetando tamb\u00e9m o Rio Grande do Sul e o sul do Paran\u00e1. Confira os dados das temperaturas m\u00ednimas:<\/p>\n<ul>\n<li>S\u00e3o Joaquim (SC): -3,3\u00ba<\/li>\n<li>Santana do Livramento (RS): -0\u00ba<\/li>\n<li>General Carneiro (PR): 2,5\u00ba<\/li>\n<\/ul>\n<h2>Previs\u00e3o do tempo<\/h2>\n<p>O meteorologista Artur Miller informou que o frio deve continuar, mas com tend\u00eancia de eleva\u00e7\u00e3o gradual das temperaturas. A partir de quarta-feira, a m\u00ednima em \u00e1reas de baixada do Rio Grande do Sul deve ficar entre 8\u00ba e 10\u00ba, enquanto a Serra Catarinense pode registrar m\u00ednimas de 3\u00ba a 4\u00ba.<\/p>\n<h2>Chuvas e clima em outras regi\u00f5es<\/h2>\n<p>No Centro-Oeste e Sudeste, o tempo permanece quente e seco, com algumas chuvas previstas para Santa Catarina, Paran\u00e1 e sul de S\u00e3o Paulo. As chuvas s\u00e3o consideradas ben\u00e9ficas, especialmente para a safra de milho, que enfrenta d\u00e9ficit h\u00eddrico em boa parte do Brasil central.<\/p>\n<p>Os maiores volumes de chuva s\u00e3o esperados em Santa Catarina e parte do Paran\u00e1, onde os acumulados podem ultrapassar 100 mm em cinco dias. Uma nova frente fria deve avan\u00e7ar na sexta-feira, trazendo mais chuva e frio para a regi\u00e3o.<\/p>\n<p>O post <a href=\"https:\/\/www.canalrural.com.br\/videos\/serra-catarinense-registra-a-menor-temperatura-do-brasil-em-2026\/\">Serra Catarinense registra a menor temperatura do Brasil em 2026<\/a> apareceu primeiro em <a href=\"https:\/\/www.canalrural.com.br\">Canal Rural<\/a>.<\/p>\n<p><br \/>\n<br \/><a href=\"https:\/\/www.canalrural.com.br\/videos\/serra-catarinense-registra-a-menor-temperatura-do-brasil-em-2026\/\">Source link <\/a><\/p>\n","protected":false},"excerpt":{"rendered":"<p>A Serra Catarinense registrou a menor temperatura do Brasil em 2026 at\u00e9 agora, com m\u00ednima de 3,3\u00ba negativos em S\u00e3o<\/p>\n","protected":false},"author":1,"featured_media":30266,"comment_status":"open","ping_status":"open","sticky":false,"template":"","format":"standard","meta":{"_monsterinsights_skip_tracking":false,"_monsterinsights_sitenote_active":false,"_monsterinsights_sitenote_note":"","_monsterinsights_sitenote_category":0,"_uf_show_specific_survey":0,"_uf_disable_surveys":false,"footnotes":""},"categories":[1],"tags":[],"class_list":["post-30265","post","type-post","status-publish","format-standard","has-post-thumbnail","hentry","category-news"],"_links":{"self":[{"href":"https:\/\/agromt.news\/index.php?rest_route=\/wp\/v2\/posts\/30265"}],"collection":[{"href":"https:\/\/agromt.news\/index.php?rest_route=\/wp\/v2\/posts"}],"about":[{"href":"https:\/\/agromt.news\/index.php?rest_route=\/wp\/v2\/types\/post"}],"author":[{"embeddable":true,"href":"https:\/\/agromt.news\/index.php?rest_route=\/wp\/v2\/users\/1"}],"replies":[{"embeddable":true,"href":"https:\/\/agromt.news\/index.php?rest_route=%2Fwp%2Fv2%2Fcomments&post=30265"}],"version-history":[{"count":0,"href":"https:\/\/agromt.news\/index.php?rest_route=\/wp\/v2\/posts\/30265\/revisions"}],"wp:featuredmedia":[{"embeddable":true,"href":"https:\/\/agromt.news\/index.php?rest_route=\/wp\/v2\/media\/30266"}],"wp:attachment":[{"href":"https:\/\/agromt.news\/index.php?rest_route=%2Fwp%2Fv2%2Fmedia&parent=30265"}],"wp:term":[{"taxonomy":"category","embeddable":true,"href":"https:\/\/agromt.news\/index.php?rest_route=%2Fwp%2Fv2%2Fcategories&post=30265"},{"taxonomy":"post_tag","embeddable":true,"href":"https:\/\/agromt.news\/index.php?rest_route=%2Fwp%2Fv2%2Ftags&post=30265"}],"curies":[{"name":"wp","href":"https:\/\/api.w.org\/{rel}","templated":true}]}}