{"id":30259,"date":"2026-04-28T15:31:21","date_gmt":"2026-04-28T19:31:21","guid":{"rendered":"https:\/\/agromt.news\/?p=30259"},"modified":"2026-04-28T15:31:21","modified_gmt":"2026-04-28T19:31:21","slug":"andre-de-paula-recebe-presidente-da-abiec-no-mapa-para-tratar-da-cadeia-da-carne-bovina","status":"publish","type":"post","link":"https:\/\/agromt.news\/?p=30259","title":{"rendered":"Andr\u00e9 de Paula recebe presidente da Abiec no Mapa para tratar da cadeia da carne bovina"},"content":{"rendered":"<p> <br \/>\n<\/p>\n<div>\n<figure><img decoding=\"async\" src=\"https:\/\/agromt.news\/wp-content\/uploads\/2026\/04\/Andre-de-Paula-recebe-presidente-da-Abiec-no-Mapa-para.jpg\" alt=\"reuni\u00e3o no Mapa\" \/><figcaption>Foto: Percio Campos\/Mapa<\/figcaption><\/figure>\n<\/div>\n<p>O ministro da Agricultura e Pecu\u00e1ria, Andr\u00e9 de Paula, recebeu nesta ter\u00e7a-feira (28), em Bras\u00edlia, o presidente da Associa\u00e7\u00e3o Brasileira das Ind\u00fastrias Exportadoras de Carnes (Abiec), Roberto Perosa, e representantes da entidade. Segundo o Minist\u00e9rio da Agricultura e Pecu\u00e1ria (Mapa), o encontro tratou da cadeia produtiva da carne bovina e da presen\u00e7a do produto brasileiro no mercado internacional.<\/p>\n<p>Durante a reuni\u00e3o, o ministro afirmou que o Mapa mant\u00e9m di\u00e1logo permanente com os representantes do setor e destacou a articula\u00e7\u00e3o entre governo e cadeia produtiva. Em declara\u00e7\u00e3o divulgada pela assessoria da pasta, Andr\u00e9 de Paula afirmou que o minist\u00e9rio est\u00e1 aberto \u00e0s demandas do segmento e que a atua\u00e7\u00e3o conjunta \u00e9 relevante para o fortalecimento da agropecu\u00e1ria brasileira.<\/p>\n<p>No encontro, a Abiec apresentou um panorama de sua estrutura e de sua atua\u00e7\u00e3o institucional. De acordo com Roberto Perosa, a entidade re\u00fane cerca de 50 empresas associadas e mais de 130 plantas frigor\u00edficas no pa\u00eds. Ainda segundo o presidente da associa\u00e7\u00e3o, o setor gera aproximadamente 7 milh\u00f5es de empregos em cidades do interior e a pecu\u00e1ria est\u00e1 presente em mais de 5 mil munic\u00edpios brasileiros.<\/p>\n<ul class=\"wp-block-list\">\n<li><i><span style=\"font-weight: 400\">Receba no seu celular atualiza\u00e7\u00f5es em tempo real, enquetes interativas e tudo o que impacta o dia a dia no campo:<\/span><\/i><a href=\"https:\/\/whatsapp.com\/channel\/0029Va9VnZxGk1FplZjiW43k\"><b><i>entre agora no Whatsapp do Canal Rural!<\/i><\/b><\/a><span style=\"font-weight: 400\">\u00a0<\/span><\/li>\n<\/ul>\n<p>Perosa tamb\u00e9m informou que a entidade mant\u00e9m agenda de promo\u00e7\u00e3o comercial da carne bovina brasileira no exterior, com cerca de 20 eventos internacionais por ano. Segundo ele, a Abiec mant\u00e9m interlocu\u00e7\u00e3o com o Mapa, com secretarias do governo federal e com o Minist\u00e9rio das Rela\u00e7\u00f5es Exteriores.<\/p>\n<p>A partir desses dados, a reuni\u00e3o refor\u00e7a o peso econ\u00f4mico e territorial da cadeia da carne bovina e sua depend\u00eancia de articula\u00e7\u00e3o institucional para temas ligados \u00e0 abertura de mercados, promo\u00e7\u00e3o comercial e encaminhamento de demandas t\u00e9cnicas. O Mapa, por\u00e9m, n\u00e3o detalhou medidas novas, metas ou decis\u00f5es operacionais resultantes do encontro.<\/p>\n<p>Ao fim da reuni\u00e3o, Roberto Perosa afirmou que o setor tem encontrado apoio t\u00e9cnico nas equipes do minist\u00e9rio. At\u00e9 o momento, n\u00e3o foram divulgados cronograma, a\u00e7\u00f5es adicionais ou desdobramentos formais da agenda.<\/p>\n<p class=\"news-source\"><strong>Fonte:<\/strong> <a href=\"https:\/\/abiec.com.br\/ministro-andre-de-paula-recebe-presidente-da-abiec-no-mapa\/\" target=\"_blank\" rel=\"noopener noreferrer\">abiec.com.br<\/a><\/p>\n<p>O post <a href=\"https:\/\/www.canalrural.com.br\/pecuaria\/andre-de-paula-recebe-presidente-da-abiec-no-mapa-para-tratar-da-cadeia-da-carne-bovina\/\">Andr\u00e9 de Paula recebe presidente da Abiec no Mapa para tratar da cadeia da carne bovina<\/a> apareceu primeiro em <a href=\"https:\/\/www.canalrural.com.br\">Canal Rural<\/a>.<\/p>\n<p><br \/>\n<br \/><a href=\"https:\/\/www.canalrural.com.br\/pecuaria\/andre-de-paula-recebe-presidente-da-abiec-no-mapa-para-tratar-da-cadeia-da-carne-bovina\/\">Source link <\/a><\/p>\n","protected":false},"excerpt":{"rendered":"<p>Foto: Percio Campos\/Mapa O ministro da Agricultura e Pecu\u00e1ria, Andr\u00e9 de Paula, recebeu nesta ter\u00e7a-feira (28), em Bras\u00edlia, o presidente<\/p>\n","protected":false},"author":1,"featured_media":30260,"comment_status":"open","ping_status":"open","sticky":false,"template":"","format":"standard","meta":{"_monsterinsights_skip_tracking":false,"_monsterinsights_sitenote_active":false,"_monsterinsights_sitenote_note":"","_monsterinsights_sitenote_category":0,"_uf_show_specific_survey":0,"_uf_disable_surveys":false,"footnotes":""},"categories":[1],"tags":[],"class_list":["post-30259","post","type-post","status-publish","format-standard","has-post-thumbnail","hentry","category-news"],"_links":{"self":[{"href":"https:\/\/agromt.news\/index.php?rest_route=\/wp\/v2\/posts\/30259"}],"collection":[{"href":"https:\/\/agromt.news\/index.php?rest_route=\/wp\/v2\/posts"}],"about":[{"href":"https:\/\/agromt.news\/index.php?rest_route=\/wp\/v2\/types\/post"}],"author":[{"embeddable":true,"href":"https:\/\/agromt.news\/index.php?rest_route=\/wp\/v2\/users\/1"}],"replies":[{"embeddable":true,"href":"https:\/\/agromt.news\/index.php?rest_route=%2Fwp%2Fv2%2Fcomments&post=30259"}],"version-history":[{"count":0,"href":"https:\/\/agromt.news\/index.php?rest_route=\/wp\/v2\/posts\/30259\/revisions"}],"wp:featuredmedia":[{"embeddable":true,"href":"https:\/\/agromt.news\/index.php?rest_route=\/wp\/v2\/media\/30260"}],"wp:attachment":[{"href":"https:\/\/agromt.news\/index.php?rest_route=%2Fwp%2Fv2%2Fmedia&parent=30259"}],"wp:term":[{"taxonomy":"category","embeddable":true,"href":"https:\/\/agromt.news\/index.php?rest_route=%2Fwp%2Fv2%2Fcategories&post=30259"},{"taxonomy":"post_tag","embeddable":true,"href":"https:\/\/agromt.news\/index.php?rest_route=%2Fwp%2Fv2%2Ftags&post=30259"}],"curies":[{"name":"wp","href":"https:\/\/api.w.org\/{rel}","templated":true}]}}