{"id":30258,"date":"2026-04-28T15:17:32","date_gmt":"2026-04-28T19:17:32","guid":{"rendered":"https:\/\/agromt.news\/?p=30258"},"modified":"2026-04-28T15:17:32","modified_gmt":"2026-04-28T19:17:32","slug":"ciclone-e-frente-fria-provocam-chuva-e-queda-de-temperaturas-no-feriado-de-1o-de-maio","status":"publish","type":"post","link":"https:\/\/agromt.news\/?p=30258","title":{"rendered":"Ciclone e frente fria provocam chuva e queda de temperaturas no feriado de 1\u00ba de maio"},"content":{"rendered":"<p> <br \/>\n<\/p>\n<div>\n<figure><img decoding=\"async\" src=\"https:\/\/agromt.news\/wp-content\/uploads\/2026\/04\/Ciclone-extratropical-traz-temporais-e-chuvas-de-mais-de-100.jpg\" alt=\"ciclone chuva tempestade\" \/><figcaption>Foto: Motion Array<\/figcaption><\/figure>\n<\/div>\n<p>O feriado prolongado de 1\u00ba de maio deve ser marcado por contrastes clim\u00e1ticos no Brasil. A passagem de uma frente fria com caracter\u00edsticas de inverno, associada a um ciclone extratropical e a uma massa de ar polar, deve provocar mudan\u00e7as no tempo no Sul e em parte do Sudeste e do Centro-Oeste.<\/p>\n<p>Enquanto isso, Norte e Nordeste continuam com calor, alta umidade e pancadas de chuva frequentes.<\/p>\n<h2 class=\"wp-block-heading\" id=\"h-sul\">Sul<\/h2>\n<p>Na regi\u00e3o Sul, a frente fria avan\u00e7a com for\u00e7a e provoca temporais, rajadas de vento e queda significativa de temperatura.<\/p>\n<p>No Rio Grande do Sul, a chuva come\u00e7a j\u00e1 na madrugada de sexta-feira (1\u00ba) e se espalha rapidamente pelo estado, com risco de tempestades, raios e volumes elevados, inclusive na Grande Porto Alegre. No s\u00e1bado (2), ainda h\u00e1 chuva em v\u00e1rias \u00e1reas, mas com tend\u00eancia de enfraquecimento ao longo do dia.<\/p>\n<ul class=\"wp-block-list\">\n<li><em>Veja em primeira m\u00e3o tudo sobre agricultura, pecu\u00e1ria, economia e previs\u00e3o do tempo:<\/em><a href=\"https:\/\/news.google.com\/publications\/CAAqBwgKMPKZlQswq_mqAw?hl=pt-BR&amp;gl=BR&amp;ceid=BR%3Apt-419\" target=\"_blank\" rel=\"noreferrer noopener\"><em>\u00a0siga o Canal Rural no Google News!<\/em><\/a><\/li>\n<\/ul>\n<p>A partir de domingo (3), o ar polar predomina e derruba as temperaturas, com possibilidade de geada em \u00e1reas pr\u00f3ximas \u00e0 fronteira com o Uruguai. Tamb\u00e9m h\u00e1 previs\u00e3o de nevoeiros ao amanhecer e mar agitado, com risco de ressaca.<\/p>\n<p>Em Santa Catarina, a chuva avan\u00e7a ao longo da sexta-feira e se intensifica no s\u00e1bado, com queda de temperatura. No domingo, o tempo fica mais frio, com varia\u00e7\u00e3o de nuvens e chance de chuva fraca em algumas \u00e1reas. O litoral deve ter vento forte e mar agitado.<\/p>\n<p>No Paran\u00e1, o feriado come\u00e7a com sol e calor acima da m\u00e9dia, mas a chuva avan\u00e7a no s\u00e1bado em parte do estado. No domingo, o tempo fica inst\u00e1vel, com muitas nuvens, pancadas de chuva e temperaturas mais amenas.<\/p>\n<h2 class=\"wp-block-heading\" id=\"h-sudeste\">Sudeste<\/h2>\n<p>No Sudeste, o feriado ser\u00e1 marcado por predom\u00ednio de sol e temperaturas acima da m\u00e9dia at\u00e9 s\u00e1bado.<\/p>\n<p>A atua\u00e7\u00e3o de um sistema de alta press\u00e3o mant\u00e9m o tempo firme, mas com baixa umidade do ar, que pode ficar entre 20% e 30% em \u00e1reas do interior de S\u00e3o Paulo e de Minas Gerais.<\/p>\n<p>A mudan\u00e7a ocorre no domingo (3), com a chegada da frente fria. No sul e leste paulista, incluindo a Grande S\u00e3o Paulo, h\u00e1 previs\u00e3o de chuva frequente e temperaturas mais amenas.<\/p>\n<p>O litoral de S\u00e3o Paulo pode registrar chuva persistente e volumosa, com risco de alagamentos, al\u00e9m de ventos moderados a fortes e mar agitado.<\/p>\n<p>No Rio de Janeiro, a chuva come\u00e7a no domingo pela manh\u00e3 no centro-sul do estado e se intensifica ao longo do dia, com risco de volumes elevados, especialmente na Costa Verde.<\/p>\n<p>No Esp\u00edrito Santo e em Minas Gerais, a chuva aparece de forma mais isolada no domingo, enquanto o restante do feriado segue com tempo firme e calor.<\/p>\n<h2 class=\"wp-block-heading\" id=\"h-centro-oeste\">Centro-Oeste<\/h2>\n<p>No Centro-Oeste, o tempo permanece firme na maior parte da regi\u00e3o durante o feriado prolongado.<\/p>\n<p>Em Goi\u00e1s, no Distrito Federal e em grande parte de Mato Grosso, o predom\u00ednio \u00e9 de sol, calor e baixa umidade do ar, com \u00edndices entre 20% e 30%.<\/p>\n<p>Em Mato Grosso do Sul, a frente fria provoca mudan\u00e7as no tempo no fim de semana. H\u00e1 aumento de nuvens e possibilidade de pancadas de chuva no s\u00e1bado em \u00e1reas pr\u00f3ximas ao Paraguai. No domingo, ventos mais frios amenizam o calor, mas sem queda acentuada de temperatura.<\/p>\n<h2 class=\"wp-block-heading\" id=\"h-nordeste\">Nordeste<\/h2>\n<p>No Nordeste, a chuva continua frequente no litoral e na faixa norte da regi\u00e3o.<\/p>\n<p>A atua\u00e7\u00e3o da Zona de Converg\u00eancia Intertropical (ZCIT) mant\u00e9m pancadas intensas no Maranh\u00e3o, Piau\u00ed, Cear\u00e1, Rio Grande do Norte e Para\u00edba, com risco de volumes elevados, inclusive nas capitais.<\/p>\n<p>No litoral leste, a circula\u00e7\u00e3o de ventos favorece chuva frequente em Pernambuco, Alagoas e Bahia, com possibilidade de acumulados mais altos no litoral pernambucano.<\/p>\n<p>J\u00e1 no interior, como no sert\u00e3o e no Vale do S\u00e3o Francisco, o tempo segue mais seco, com predom\u00ednio de sol.<\/p>\n<h2 class=\"wp-block-heading\" id=\"h-norte\">Norte<\/h2>\n<p>Na regi\u00e3o Norte, o padr\u00e3o segue t\u00edpico, com calor, alta umidade e pancadas de chuva frequentes.<\/p>\n<p>Os maiores volumes s\u00e3o esperados no Amazonas, Roraima, norte do Par\u00e1, Amap\u00e1 e no Acre. Capitais como Manaus, Boa Vista, Bel\u00e9m e Macap\u00e1 t\u00eam risco de chuva forte.<\/p>\n<p>Em \u00e1reas do sul do Par\u00e1, Rond\u00f4nia e Tocantins, a chuva ocorre de forma mais irregular, com per\u00edodos de sol.<\/p>\n<p>O cen\u00e1rio refor\u00e7a a manuten\u00e7\u00e3o de temperaturas elevadas e sensa\u00e7\u00e3o de abafamento na maior parte da regi\u00e3o.<\/p>\n<p>O post <a href=\"https:\/\/www.canalrural.com.br\/previsao-do-tempo\/ciclone-e-frente-fria-provocam-chuva-e-queda-de-temperaturas-no-feriado-de-1o-de-maio\/\">Ciclone e frente fria provocam chuva e queda de temperaturas no feriado de 1\u00ba de maio<\/a> apareceu primeiro em <a href=\"https:\/\/www.canalrural.com.br\">Canal Rural<\/a>.<\/p>\n<p><br \/>\n<br \/><a href=\"https:\/\/www.canalrural.com.br\/previsao-do-tempo\/ciclone-e-frente-fria-provocam-chuva-e-queda-de-temperaturas-no-feriado-de-1o-de-maio\/\">Source link <\/a><\/p>\n","protected":false},"excerpt":{"rendered":"<p>Foto: Motion Array O feriado prolongado de 1\u00ba de maio deve ser marcado por contrastes clim\u00e1ticos no Brasil. A passagem<\/p>\n","protected":false},"author":1,"featured_media":28755,"comment_status":"open","ping_status":"open","sticky":false,"template":"","format":"standard","meta":{"_monsterinsights_skip_tracking":false,"_monsterinsights_sitenote_active":false,"_monsterinsights_sitenote_note":"","_monsterinsights_sitenote_category":0,"_uf_show_specific_survey":0,"_uf_disable_surveys":false,"footnotes":""},"categories":[1],"tags":[],"class_list":["post-30258","post","type-post","status-publish","format-standard","has-post-thumbnail","hentry","category-news"],"_links":{"self":[{"href":"https:\/\/agromt.news\/index.php?rest_route=\/wp\/v2\/posts\/30258"}],"collection":[{"href":"https:\/\/agromt.news\/index.php?rest_route=\/wp\/v2\/posts"}],"about":[{"href":"https:\/\/agromt.news\/index.php?rest_route=\/wp\/v2\/types\/post"}],"author":[{"embeddable":true,"href":"https:\/\/agromt.news\/index.php?rest_route=\/wp\/v2\/users\/1"}],"replies":[{"embeddable":true,"href":"https:\/\/agromt.news\/index.php?rest_route=%2Fwp%2Fv2%2Fcomments&post=30258"}],"version-history":[{"count":0,"href":"https:\/\/agromt.news\/index.php?rest_route=\/wp\/v2\/posts\/30258\/revisions"}],"wp:featuredmedia":[{"embeddable":true,"href":"https:\/\/agromt.news\/index.php?rest_route=\/wp\/v2\/media\/28755"}],"wp:attachment":[{"href":"https:\/\/agromt.news\/index.php?rest_route=%2Fwp%2Fv2%2Fmedia&parent=30258"}],"wp:term":[{"taxonomy":"category","embeddable":true,"href":"https:\/\/agromt.news\/index.php?rest_route=%2Fwp%2Fv2%2Fcategories&post=30258"},{"taxonomy":"post_tag","embeddable":true,"href":"https:\/\/agromt.news\/index.php?rest_route=%2Fwp%2Fv2%2Ftags&post=30258"}],"curies":[{"name":"wp","href":"https:\/\/api.w.org\/{rel}","templated":true}]}}