{"id":30257,"date":"2026-04-28T15:03:20","date_gmt":"2026-04-28T19:03:20","guid":{"rendered":"https:\/\/agromt.news\/?p=30257"},"modified":"2026-04-28T15:03:20","modified_gmt":"2026-04-28T19:03:20","slug":"producao-de-cana-da-safra-2026-27-deve-atingir-7091-mi-t-aponta-conab","status":"publish","type":"post","link":"https:\/\/agromt.news\/?p=30257","title":{"rendered":"Produ\u00e7\u00e3o de cana da safra 2026\/27 deve atingir 709,1 mi\/t, aponta Conab"},"content":{"rendered":"<p> <br \/>\n<\/p>\n<div>\n<figure><img decoding=\"async\" src=\"https:\/\/agromt.news\/wp-content\/uploads\/2024\/10\/Cana-Centro-Sul-processa-33832-mi-de-t-na-1a-quinzena.jpg\" alt=\"cana-de-a\u00e7\u00facar, produ\u00e7\u00e3o, etanol, biocombust\u00edvel\" \/><figcaption>Foto: CNA<\/figcaption><\/figure>\n<\/div>\n<p>A produ\u00e7\u00e3o brasileira de cana-de-a\u00e7\u00facar na safra 2026\/27 pode atingir em 709,1 milh\u00f5es de toneladas, de acordo com a Companhia Nacional de Abastecimento (Conab), que divulgou nesta ter\u00e7a-feira (28), o 1\u00ba levantamento sobre a safra 2026\/27, cuja colheita come\u00e7ou oficialmente neste m\u00eas no Centro-Sul. <\/p>\n<ul class=\"wp-block-list\">\n<li><em>Veja em primeira m\u00e3o tudo sobre agricultura, pecu\u00e1ria, economia e previs\u00e3o do tempo:<\/em><a href=\"https:\/\/news.google.com\/publications\/CAAqBwgKMPKZlQswq_mqAw?hl=pt-BR&amp;gl=BR&amp;ceid=BR%3Apt-419\" target=\"_blank\" rel=\"noreferrer noopener\"><em>\u00a0siga o Canal Rural no Google News!<\/em><\/a><\/li>\n<\/ul>\n<p>Caso se confirme, o resultado representa um aumento de 5,3% em rela\u00e7\u00e3o \u00e0 temporada anterior e a segunda maior da s\u00e9rie hist\u00f3rica da Companhia, atr\u00e1s apenas do volume colhido no ciclo 2023\/24, favorecido pela melhora na produtividade e pela expectativa de uma maior \u00e1rea a ser colhida.<\/p>\n<p>Segundo a Conab, as condi\u00e7\u00f5es clim\u00e1ticas observadas em 2025 devem se refletir de maneira positiva nas lavouras desta safra. De maneira geral, a cultura foi beneficiada pelo clima, o que traz uma recupera\u00e7\u00e3o de 3,4% no desempenho, com uma produtividade m\u00e9dia nacional estimada em 77.753 quilos por hectare. A \u00e1rea destinada \u00e0 colheita tamb\u00e9m deve apresentar eleva\u00e7\u00e3o de 1,9%, sendo projetada em 9,1 milh\u00f5es de hectares, e, se confirmada, ser\u00e1 a maior \u00e1rea colhida da s\u00e9rie hist\u00f3rica da Conab<\/p>\n<p>A maior produ\u00e7\u00e3o de cana se reflete em uma eleva\u00e7\u00e3o na fabrica\u00e7\u00e3o do etanol. Nesta primeira estimativa, a Conab traz uma proje\u00e7\u00e3o de produ\u00e7\u00e3o de 40,69 bilh\u00f5es de litros. Com o mercado mais favor\u00e1vel ao etanol, o volume representa uma alta de 8,5% em rela\u00e7\u00e3o \u00e0 \u00faltima temporada diante da maior fabrica\u00e7\u00e3o do combust\u00edvel tanto de origem da cana como de milho, e pode ser um novo recorde na s\u00e9rie hist\u00f3rica da Companhia.<\/p>\n<p>De acordo com o levantamento, a estimativa \u00e9 de produ\u00e7\u00e3o de 29,26 bilh\u00f5es de litros de etanol oriundo de cana-de-a\u00e7\u00facar, aumento de 7,1%. A maior parte do etanol produzido a partir da cana \u00e9 hidratado, projetado em 18,29 bilh\u00f5es de litros, aumento de 6,3% em rela\u00e7\u00e3o \u00e0 safra anterior. J\u00e1 a fabrica\u00e7\u00e3o de etanol anidro, utilizado na mistura com a gasolina, \u00e9 estimada em 10,97 bilh\u00f5es de litros, crescimento de 8,4%.<\/p>\n<p>A estimativa de produ\u00e7\u00e3o de etanol de milho tamb\u00e9m deve crescer, com o Centro-Oeste se mantendo como a principal regi\u00e3o produtora do combust\u00edvel oriundo do cereal. Mas o Nordeste vem ganhando destaque com novas unidades de produ\u00e7\u00e3o. <\/p>\n<p>A estimativa \u00e9 de uma produ\u00e7\u00e3o de 11,43 bilh\u00f5es de litros, crescimento de 12,3% para esta safra, sendo que o etanol hidratado corresponde pela maior parte da produ\u00e7\u00e3o, com 7,15 bilh\u00f5es de litros, enquanto o etanol anidro dever\u00e1 ter uma produ\u00e7\u00e3o de 4,28 bilh\u00f5es de litros.<\/p>\n<p>Em contrapartida, a produ\u00e7\u00e3o de a\u00e7\u00facar deve apresentar uma leve redu\u00e7\u00e3o de 0,5% em rela\u00e7\u00e3o \u00e0 safra anterior, projetada em 43,95 milh\u00f5es de toneladas.<\/p>\n<h2 class=\"wp-block-heading\" id=\"h-regioes\"><b>Regi\u00f5es<\/b><\/h2>\n<p>Na regi\u00e3o Sudeste, a Conab prev\u00ea uma produ\u00e7\u00e3o de 459,1 milh\u00f5es de toneladas de cana-de-a\u00e7\u00facar, 6,8% acima da safra de 2025\/26. A principal regi\u00e3o produtora de cana-de-a\u00e7\u00facar dever\u00e1 ter crescimento de 2,1% na \u00e1rea colhida, estimada em 5,7 milh\u00f5es de hectares, e produtividade m\u00e9dia de 80.852 kg\/ha, 4,6% acima do que foi registrado na safra passada, reflexo das condi\u00e7\u00f5es clim\u00e1ticas melhores do que as observadas na \u00faltima temporada.<\/p>\n<p>No Centro-Oeste, segunda principal regi\u00e3o produtora, h\u00e1 expectativa de aumento na \u00e1rea colhida de 1,8%, estimada em 2 milh\u00f5es de hectares. A produtividade m\u00e9dia na regi\u00e3o tamb\u00e9m dever\u00e1 crescer 1%, chegando a 77.595 quilos por hectare. Neste cen\u00e1rio, a Conab espera uma produ\u00e7\u00e3o de 154,5 milh\u00f5es de toneladas de cana-de-a\u00e7\u00facar.<\/p>\n<p>A Companhia tamb\u00e9m espera incremento tanto na \u00e1rea colhida como na produtividade nas lavouras do Nordeste nesta safra, chegando a 901,3 mil hectares e 61.248 kg\/ha, respectivamente. A produ\u00e7\u00e3o estimada para a regi\u00e3o est\u00e1 em 55,2 milh\u00f5es de toneladas, uma alta de 3,7% em compara\u00e7\u00e3o com o ciclo passado. Panorama semelhante \u00e9 verificado para o Sul do Pa\u00eds, com uma colheita estimada em 36,2 milh\u00f5es de toneladas, aumento de 0,6%, se comparada com 2025\/26.<\/p>\n<p>Apenas na regi\u00e3o Norte h\u00e1 expectativa de uma leve redu\u00e7\u00e3o de 0,5% na \u00e1rea colhida, totalizando 52,7 mil hectares. A queda \u00e9 compensada pela melhora em 10,2% na produtividade m\u00e9dia das lavouras da regi\u00e3o, prevista em 78.763 kg\/ha, resultando em uma produ\u00e7\u00e3o estimada de 4,2 milh\u00f5es de toneladas de cana-de-a\u00e7\u00facar, crescimento de 9,7% em rela\u00e7\u00e3o \u00e0 temporada anterior.<\/p>\n<p>O post <a href=\"https:\/\/www.canalrural.com.br\/agricultura\/cana\/conab-1a-pesquisa-da-safra-2026-27-de-cana-indica-producao-de-7091-mi-t\/\">Produ\u00e7\u00e3o de cana da safra 2026\/27 deve atingir 709,1 mi\/t, aponta Conab<\/a> apareceu primeiro em <a href=\"https:\/\/www.canalrural.com.br\">Canal Rural<\/a>.<\/p>\n<p><br \/>\n<br \/><a href=\"https:\/\/www.canalrural.com.br\/agricultura\/cana\/conab-1a-pesquisa-da-safra-2026-27-de-cana-indica-producao-de-7091-mi-t\/\">Source link <\/a><\/p>\n","protected":false},"excerpt":{"rendered":"<p>Foto: CNA A produ\u00e7\u00e3o brasileira de cana-de-a\u00e7\u00facar na safra 2026\/27 pode atingir em 709,1 milh\u00f5es de toneladas, de acordo com<\/p>\n","protected":false},"author":1,"featured_media":26513,"comment_status":"open","ping_status":"open","sticky":false,"template":"","format":"standard","meta":{"_monsterinsights_skip_tracking":false,"_monsterinsights_sitenote_active":false,"_monsterinsights_sitenote_note":"","_monsterinsights_sitenote_category":0,"_uf_show_specific_survey":0,"_uf_disable_surveys":false,"footnotes":""},"categories":[1],"tags":[],"class_list":["post-30257","post","type-post","status-publish","format-standard","has-post-thumbnail","hentry","category-news"],"_links":{"self":[{"href":"https:\/\/agromt.news\/index.php?rest_route=\/wp\/v2\/posts\/30257"}],"collection":[{"href":"https:\/\/agromt.news\/index.php?rest_route=\/wp\/v2\/posts"}],"about":[{"href":"https:\/\/agromt.news\/index.php?rest_route=\/wp\/v2\/types\/post"}],"author":[{"embeddable":true,"href":"https:\/\/agromt.news\/index.php?rest_route=\/wp\/v2\/users\/1"}],"replies":[{"embeddable":true,"href":"https:\/\/agromt.news\/index.php?rest_route=%2Fwp%2Fv2%2Fcomments&post=30257"}],"version-history":[{"count":0,"href":"https:\/\/agromt.news\/index.php?rest_route=\/wp\/v2\/posts\/30257\/revisions"}],"wp:featuredmedia":[{"embeddable":true,"href":"https:\/\/agromt.news\/index.php?rest_route=\/wp\/v2\/media\/26513"}],"wp:attachment":[{"href":"https:\/\/agromt.news\/index.php?rest_route=%2Fwp%2Fv2%2Fmedia&parent=30257"}],"wp:term":[{"taxonomy":"category","embeddable":true,"href":"https:\/\/agromt.news\/index.php?rest_route=%2Fwp%2Fv2%2Fcategories&post=30257"},{"taxonomy":"post_tag","embeddable":true,"href":"https:\/\/agromt.news\/index.php?rest_route=%2Fwp%2Fv2%2Ftags&post=30257"}],"curies":[{"name":"wp","href":"https:\/\/api.w.org\/{rel}","templated":true}]}}