{"id":30244,"date":"2026-04-28T13:25:32","date_gmt":"2026-04-28T17:25:32","guid":{"rendered":"https:\/\/agromt.news\/?p=30244"},"modified":"2026-04-28T13:25:32","modified_gmt":"2026-04-28T17:25:32","slug":"massey-aposta-no-brasil-como-novo-centro-global-e-lanca-seu-trator-mais-potente","status":"publish","type":"post","link":"https:\/\/agromt.news\/?p=30244","title":{"rendered":"Massey aposta no Brasil como novo centro global e lan\u00e7a seu trator mais potente"},"content":{"rendered":"<p> <br \/>\n<\/p>\n<div>\n<figure><img decoding=\"async\" src=\"https:\/\/agromt.news\/wp-content\/uploads\/2026\/04\/Massey-aposta-no-Brasil-como-novo-centro-global-e-lanca.jpg\" alt=\"Foto: Divulga\u00e7\u00e3o.\" \/><figcaption>Foto: Divulga\u00e7\u00e3o.<\/figcaption><\/figure>\n<\/div>\n<p>A Massey Ferguson chega \u00e0 31\u00aa edi\u00e7\u00e3o da Agrishow obstinada em mostrar que o Brasil \u00e9 o novo centro de suas opera\u00e7\u00f5es no mundo. A empresa j\u00e1 desenvolve as plantadeiras que exporta para mais de 100 pa\u00edses na f\u00e1brica de Mogi das Cruzes, em S\u00e3o Paulo, assim como o centro de tecnologia de todos os pulverizadores que produz.<\/p>\n<p>O vice-presidente da companhia na Am\u00e9rica Latina, Rodrigo Junqueira, ressalta que os motores a etanol e metanol para futuros usos em escala nos tratores da marca tamb\u00e9m est\u00e3o sendo produzidos em solo nacional, algo que promete reduzir o custo operacional e baratear a compra do agricultor.<\/p>\n<p>\u201cA pr\u00f3pria din\u00e2mica global acaba gerando regi\u00f5es que s\u00e3o mais competitivas em custos do que outras, ent\u00e3o trabalhamos nesse mapeamento para entender em qual cadeia \u00e9 mais vantajoso se encaixar. O Brasil hoje, por exemplo, \u00e9 super competitivo para alocarmos todos os nossos engenheiros, com muitas vagas que seriam para a Europa alocadas aqui\u201d, conta.<\/p>\n<p>Junqueira destaca que essa vis\u00e3o quanto ao potencial brasileiro no mundo se estende para todo o grupo AGCO Corporation, do qual Massey, Valtra e Fendt fazem parte. Prova disso \u00e9 que um dos maiores centros de engenharia e tecnologia da holding fica, tamb\u00e9m, na f\u00e1brica do interior paulista.<\/p>\n<ul class=\"wp-block-list\">\n<li><em>Veja em primeira m\u00e3o tudo sobre agricultura, pecu\u00e1ria, economia e previs\u00e3o do tempo:<\/em><a href=\"https:\/\/news.google.com\/publications\/CAAqBwgKMPKZlQswq_mqAw?hl=pt-BR&amp;gl=BR&amp;ceid=BR%3Apt-419\"> <em>siga o Canal Rural no Google News!<\/em><\/a><\/li>\n<\/ul>\n<h2 class=\"wp-block-heading\" id=\"h-lancamento-de-tratores\">Lan\u00e7amento de tratores<\/h2>\n<figure class=\"wp-block-image size-large\"><img fetchpriority=\"high\" decoding=\"async\" width=\"1024\" height=\"768\" src=\"https:\/\/agromt.news\/wp-content\/uploads\/2026\/04\/1777397132_380_Massey-aposta-no-Brasil-como-novo-centro-global-e-lanca.jpg\" alt=\"Foto: Divulga\u00e7\u00e3o.\" class=\"wp-image-4167994\" \/><figcaption class=\"wp-element-caption\">Modelo MF 9S, voltado \u00e0 agricultura familia. Foto: Divulga\u00e7\u00e3o.<\/figcaption><\/figure>\n<p>Lan\u00e7ado oficialmente na Agritechnica 2025, na Alemanha, a Massey apresentou ao p\u00fablico brasileiro na Agrishow o MF 9S, maior e mais potente s\u00e9rie de tratores da marca no Brasil, com modelos que chegam a 425 cv.<\/p>\n<p>O vice-presidente da empresa ressalta que o equipamento foi pensado para trabalhar em conjunto com a nova plantadeira Momentum nas vers\u00f5es de 30 e 40 linhas.<\/p>\n<p>Segundo ele, a uni\u00e3o dos dois equipamentos otimiza tamb\u00e9m a log\u00edstica, j\u00e1 que a plantadeira pode ser transportada, sem desmontagem, reduzindo o tempo de deslocamento de praticamente um dia inteiro para uma hora, o que auxilia no melhor aproveitamento das janelas de plantio.<\/p>\n<p>A companhia tamb\u00e9m fez o lan\u00e7amento comercial da s\u00e9rie de tratores MF, com cinco modelos de 105 cv at\u00e9 145 cv, modelos menores voltados \u00e0 agricultura familiar. \u201cEles j\u00e1 saem de f\u00e1brica com piloto autom\u00e1tico e conectividade, uma demanda nova para os jovens produtores que come\u00e7am a tomar o lugar de seus pais na lavoura e passam a nos pedir por mais previsibilidade nas opera\u00e7\u00f5es\u201d, comenta.<\/p>\n<p>O post <a href=\"https:\/\/www.canalrural.com.br\/nacional\/massey-aposta-no-brasil-como-novo-centro-global-e-lanca-seu-trator-mais-potente\/\">Massey aposta no Brasil como novo centro global e lan\u00e7a seu trator mais potente<\/a> apareceu primeiro em <a href=\"https:\/\/www.canalrural.com.br\">Canal Rural<\/a>.<\/p>\n<p><br \/>\n<br \/><a href=\"https:\/\/www.canalrural.com.br\/nacional\/massey-aposta-no-brasil-como-novo-centro-global-e-lanca-seu-trator-mais-potente\/\">Source link <\/a><\/p>\n","protected":false},"excerpt":{"rendered":"<p>Foto: Divulga\u00e7\u00e3o. A Massey Ferguson chega \u00e0 31\u00aa edi\u00e7\u00e3o da Agrishow obstinada em mostrar que o Brasil \u00e9 o novo<\/p>\n","protected":false},"author":1,"featured_media":30245,"comment_status":"open","ping_status":"open","sticky":false,"template":"","format":"standard","meta":{"_monsterinsights_skip_tracking":false,"_monsterinsights_sitenote_active":false,"_monsterinsights_sitenote_note":"","_monsterinsights_sitenote_category":0,"_uf_show_specific_survey":0,"_uf_disable_surveys":false,"footnotes":""},"categories":[1],"tags":[],"class_list":["post-30244","post","type-post","status-publish","format-standard","has-post-thumbnail","hentry","category-news"],"_links":{"self":[{"href":"https:\/\/agromt.news\/index.php?rest_route=\/wp\/v2\/posts\/30244"}],"collection":[{"href":"https:\/\/agromt.news\/index.php?rest_route=\/wp\/v2\/posts"}],"about":[{"href":"https:\/\/agromt.news\/index.php?rest_route=\/wp\/v2\/types\/post"}],"author":[{"embeddable":true,"href":"https:\/\/agromt.news\/index.php?rest_route=\/wp\/v2\/users\/1"}],"replies":[{"embeddable":true,"href":"https:\/\/agromt.news\/index.php?rest_route=%2Fwp%2Fv2%2Fcomments&post=30244"}],"version-history":[{"count":0,"href":"https:\/\/agromt.news\/index.php?rest_route=\/wp\/v2\/posts\/30244\/revisions"}],"wp:featuredmedia":[{"embeddable":true,"href":"https:\/\/agromt.news\/index.php?rest_route=\/wp\/v2\/media\/30245"}],"wp:attachment":[{"href":"https:\/\/agromt.news\/index.php?rest_route=%2Fwp%2Fv2%2Fmedia&parent=30244"}],"wp:term":[{"taxonomy":"category","embeddable":true,"href":"https:\/\/agromt.news\/index.php?rest_route=%2Fwp%2Fv2%2Fcategories&post=30244"},{"taxonomy":"post_tag","embeddable":true,"href":"https:\/\/agromt.news\/index.php?rest_route=%2Fwp%2Fv2%2Ftags&post=30244"}],"curies":[{"name":"wp","href":"https:\/\/api.w.org\/{rel}","templated":true}]}}