{"id":30241,"date":"2026-04-28T12:58:48","date_gmt":"2026-04-28T16:58:48","guid":{"rendered":"https:\/\/agromt.news\/?p=30241"},"modified":"2026-04-28T12:58:48","modified_gmt":"2026-04-28T16:58:48","slug":"pesquisa-apresenta-monitoramento-de-carbono-do-solo-a-franca","status":"publish","type":"post","link":"https:\/\/agromt.news\/?p=30241","title":{"rendered":"Pesquisa apresenta monitoramento de carbono do solo a Fran\u00e7a"},"content":{"rendered":"<p> <br \/>\n<\/p>\n<div>\n<p style=\"text-align:justify\">Esta semana (27 a 30\/04), pesquisadores da Embrapa representam o Pa\u00eds no evento Brazil &#8211; France Soil Carbon Futures. O encontro est\u00e1 sendo realizado em Toulouse, na sede do Centro de Estudos Espaciais da Biosfera (Cesbio), organizador do encontro ao lado do Instituto Nacional de Pesquisa para Agricultura, Alimenta\u00e7\u00e3o e Meio Ambiente na Fran\u00e7a (Inrae), com apoio da Embrapa. N\u00e3o haver\u00e1 transmiss\u00e3o.&#13;\n<\/p>\n<p style=\"text-align:justify\">A iniciativa das institui\u00e7\u00f5es francesas visa fortalecer a colabora\u00e7\u00e3o em pesquisa entre especialistas de ponta do Brasil e da Fran\u00e7a que trabalham com a din\u00e2mica do carbono e o balan\u00e7o de carbono em sistemas agr\u00edcolas, apontam os organizadores &#8211; que tamb\u00e9m apresentam projetos. O di\u00e1logo deve viabilizar a identifica\u00e7\u00e3o de conhecimentos complementares, a compara\u00e7\u00e3o de m\u00e9todos, perspectivas e a abordagem conjunta de quest\u00f5es-chave para o tema.\u00a0<\/p>\n<p style=\"text-align:justify\">Na manh\u00e3 do primeiro dia do encontro, o pesquisador Luis Gustavo Barioni, da Embrapa Agricultura Digital, apresentar\u00e1 a modelagem da din\u00e2mica e monitoramento do carbono org\u00e2nico do solo no Brasil: progresso e perspectivas futuras. Barioni, trabalha no desenvolvimento de modelo preditivo calibrado para a realidade da agricultura tropical, usando par\u00e2metros identific\u00e1veis e desenhado para a quantifica\u00e7\u00e3o de carbono.<\/p>\n<p style=\"text-align:justify\">O modelo, denominado ProCarbon-Soil (PROCS), simula a din\u00e2mica,aporte e a decomposi\u00e7\u00e3o do carbono no solo, tendo demandado grandes volumes de dados de agricultura regenerativa &#8211; obtido a partir de parceria p\u00fablico-privada. Os resultados s\u00e3o promissores, exigindo ainda calibra\u00e7\u00e3o, valida\u00e7\u00e3o e assimila\u00e7\u00e3o de dados prim\u00e1rios e de campo.&#13;\n<\/p>\n<p style=\"text-align:justify\">Marilia Folegatti, pesquisadora da Embrapa Meio Ambiente, falar\u00e1 online sobre Avalia\u00e7\u00e3o do ciclo de vida em pol\u00edticas p\u00fablicas e ferramentas para pegada de carbono. O pesquisador da Embrapa Agricultura Digital, Santiago Cuadra, vai abordar Calibra\u00e7\u00e3o e avalia\u00e7\u00e3o de um m\u00f3dulo de Produtividade Prim\u00e1ria L\u00edquida de Carbono (PPLC) baseado no modelo Simple.<\/p>\n<p style=\"text-align:justify\">O potencial do Brasil para o sequestro de carbono no solo e o papel das infraestruturas de dados do solo para aplica\u00e7\u00f5es de modelagem ser\u00e1 o tema tratado pelo pesquisador J\u00fanior Melo Damian, bolsista da Embrapa Agricultura Digital.\u00a0\u00a0<\/p>\n<p style=\"text-align:justify\">Jos\u00e9 Paulo Savioli e Renan Novaes, tamb\u00e9m pesquisadores bolsistas da Embrapa, v\u00e3o destacar: a integra\u00e7\u00e3o de ferramenta para estimar emiss\u00f5es da mudan\u00e7a de uso da terra BRLUC (Brasilian Land Use Change) e do PROCS; e a mudan\u00e7a direta no uso da terra e pegada de carbono agr\u00edcola no Brasil, respectivamente.<\/p>\n<p style=\"text-align:justify\">Mudan\u00e7as de uso da terra\u00a0 &#8211; Pesquisa realizada com participa\u00e7\u00e3o da Embrapa identificou d\u00e9ficit de 1,4 bilh\u00e3o de toneladas de carbono com a convers\u00e3o de vegeta\u00e7\u00e3o nativa em \u00e1reas agropecu\u00e1rias nos seis biomas brasileiros.\u00a0<\/p>\n<p style=\"text-align:justify\">O artigo com os dados do estudo foi publicado em fevereiro na revista Nature Communication e indicou tamb\u00e9m oportunidades de incremento de carbono no solo com a ado\u00e7\u00e3o de pr\u00e1ticas agropecu\u00e1rias mais sustent\u00e1veis. (Saiba mais aqui).\u00a0<\/p>\n<p style=\"text-align:justify\">O trabalho resultou de pesquisa desenvolvida por equipes da Escola Superior de Agricultura Luiz de Queiroz (Esalq\/USP), do Centro de Estudos de Carbono em Agricultura Tropical (CCarbon\/USP), da Universidade Estadual de Ponta Grossa (UEPG) e da Embrapa.&#13;\n<\/p>\n<\/p><\/div>\n<p><script data-cfasync=\"false\">\n    !function (f, b, e, v, n, t, s) {\n        if (f.fbq) return; n = f.fbq = function () {\n            n.callMethod ?\n                n.callMethod.apply(n, arguments) : n.queue.push(arguments)\n        };\n        if (!f._fbq) f._fbq = n; n.push = n; n.loaded = !0; n.version = '2.0';\n        n.queue = []; t = b.createElement(e); t.async = !0;\n        t.src = v; s = b.getElementsByTagName(e)[0];\n        s.parentNode.insertBefore(t, s)\n    }(window, document, 'script',\n        'https:\/\/connect.facebook.net\/en_US\/fbevents.js');\n    fbq('init', '522546078623747');\n    fbq('track', 'PageView');\n<\/script><br \/>\n<br \/><br \/>\n<br \/><a href=\"https:\/\/www.agrolink.com.br\/noticias\/embrapa-apresenta-pesquisas-com-monitoramento-de-carbono-no-solo-a-franceses_513535.html\">Source link <\/a><\/p>\n","protected":false},"excerpt":{"rendered":"<p>Esta semana (27 a 30\/04), pesquisadores da Embrapa representam o Pa\u00eds no evento Brazil &#8211; France Soil Carbon Futures. O<\/p>\n","protected":false},"author":1,"featured_media":8519,"comment_status":"open","ping_status":"open","sticky":false,"template":"","format":"standard","meta":{"_monsterinsights_skip_tracking":false,"_monsterinsights_sitenote_active":false,"_monsterinsights_sitenote_note":"","_monsterinsights_sitenote_category":0,"_uf_show_specific_survey":0,"_uf_disable_surveys":false,"footnotes":""},"categories":[8,1,14],"tags":[],"class_list":["post-30241","post","type-post","status-publish","format-standard","has-post-thumbnail","hentry","category-agro","category-news","category-politica-agro"],"_links":{"self":[{"href":"https:\/\/agromt.news\/index.php?rest_route=\/wp\/v2\/posts\/30241"}],"collection":[{"href":"https:\/\/agromt.news\/index.php?rest_route=\/wp\/v2\/posts"}],"about":[{"href":"https:\/\/agromt.news\/index.php?rest_route=\/wp\/v2\/types\/post"}],"author":[{"embeddable":true,"href":"https:\/\/agromt.news\/index.php?rest_route=\/wp\/v2\/users\/1"}],"replies":[{"embeddable":true,"href":"https:\/\/agromt.news\/index.php?rest_route=%2Fwp%2Fv2%2Fcomments&post=30241"}],"version-history":[{"count":0,"href":"https:\/\/agromt.news\/index.php?rest_route=\/wp\/v2\/posts\/30241\/revisions"}],"wp:featuredmedia":[{"embeddable":true,"href":"https:\/\/agromt.news\/index.php?rest_route=\/wp\/v2\/media\/8519"}],"wp:attachment":[{"href":"https:\/\/agromt.news\/index.php?rest_route=%2Fwp%2Fv2%2Fmedia&parent=30241"}],"wp:term":[{"taxonomy":"category","embeddable":true,"href":"https:\/\/agromt.news\/index.php?rest_route=%2Fwp%2Fv2%2Fcategories&post=30241"},{"taxonomy":"post_tag","embeddable":true,"href":"https:\/\/agromt.news\/index.php?rest_route=%2Fwp%2Fv2%2Ftags&post=30241"}],"curies":[{"name":"wp","href":"https:\/\/api.w.org\/{rel}","templated":true}]}}