{"id":30237,"date":"2026-04-28T12:44:02","date_gmt":"2026-04-28T16:44:02","guid":{"rendered":"https:\/\/agromt.news\/?p=30237"},"modified":"2026-04-28T12:44:02","modified_gmt":"2026-04-28T16:44:02","slug":"fenasoja-tera-foruns-estaduais-sobre-sanidade-suina-brucelose-e-tuberculose-bovina","status":"publish","type":"post","link":"https:\/\/agromt.news\/?p=30237","title":{"rendered":"Fenasoja ter\u00e1 f\u00f3runs estaduais sobre sanidade su\u00edna, brucelose e tuberculose bovina"},"content":{"rendered":"<p> <br \/>\n<\/p>\n<div>\n<figure><img decoding=\"async\" src=\"https:\/\/agromt.news\/wp-content\/uploads\/2026\/04\/Fenasoja-tera-foruns-estaduais-sobre-sanidade-suina-brucelose-e-tuberculose.png\" alt=\"Fenasoja ter\u00e1 f\u00f3runs estaduais sobre sanidade su\u00edna, brucelose e tuberculose bovina\" \/><\/figure>\n<\/div>\n<p>A Fenasoja, que ser\u00e1 realizada de sexta-feira (1\u00ba) a domingo (10), em Santa Rosa (RS), ter\u00e1 uma agenda dedicada \u00e0 sanidade animal na quarta-feira (6). Est\u00e3o previstos o 2\u00ba F\u00f3rum Estadual de Sanidade Su\u00edna, \u00e0s 10h, e o 1\u00ba F\u00f3rum Estadual de Brucelose e Tuberculose Bovina, \u00e0s 14h, ambos no Palco Semear, na Exporural.<\/p>\n<p>Os encontros s\u00e3o organizados pelo Departamento de Vigil\u00e2ncia e Defesa Sanit\u00e1ria Animal da Secretaria da Agricultura, Pecu\u00e1ria, Produ\u00e7\u00e3o Sustent\u00e1vel e Irriga\u00e7\u00e3o (DDA\/Seapi) e pelo Fundo de Desenvolvimento e Defesa Sanit\u00e1ria Animal (Fundesa).<\/p>\n<p>No f\u00f3rum voltado \u00e0 suinocultura, o tema central ser\u00e1 a biosseguridade. Segundo a programa\u00e7\u00e3o divulgada, o debate deve abordar estrat\u00e9gias de preven\u00e7\u00e3o de doen\u00e7as, redu\u00e7\u00e3o de riscos sanit\u00e1rios, prote\u00e7\u00e3o dos rebanhos e refor\u00e7o das a\u00e7\u00f5es integradas entre o setor produtivo e o Servi\u00e7o Veterin\u00e1rio Oficial.<\/p>\n<ul class=\"wp-block-list\">\n<li><em>Veja em primeira m\u00e3o tudo sobre agricultura, pecu\u00e1ria, economia e previs\u00e3o do tempo: <a href=\"https:\/\/news.google.com\/publications\/CAAqBwgKMPKZlQswq_mqAw?hl=pt-BR&amp;gl=BR&amp;ceid=BR%3Apt-419\" target=\"_blank\" rel=\"noopener noreferrer\"><strong>siga o Canal Rural no Google News!<\/strong><\/a><\/em><\/li>\n<\/ul>\n<p>A fiscal estadual agropecu\u00e1ria Gabriela Cavagni, do Programa de Sanidade Su\u00eddea do Rio Grande do Sul, afirma que o evento reunir\u00e1 especialistas, gestores, produtores e representantes da cadeia suin\u00edcola para discutir desafios atuais e boas pr\u00e1ticas ligadas \u00e0 manuten\u00e7\u00e3o do status sanit\u00e1rio da suinocultura ga\u00facha. Ela tamb\u00e9m destaca a localiza\u00e7\u00e3o de Santa Rosa em uma regi\u00e3o com concentra\u00e7\u00e3o relevante de plant\u00e9is su\u00ednos no estado.<\/p>\n<p>J\u00e1 o 1\u00ba F\u00f3rum Estadual de Brucelose e Tuberculose Bovina tratar\u00e1 da preven\u00e7\u00e3o e do controle dessas enfermidades. A programa\u00e7\u00e3o prev\u00ea palestras com representantes da ind\u00fastria de latic\u00ednios, de produtores rurais, do Fundesa e do Servi\u00e7o Veterin\u00e1rio Oficial Estadual.<\/p>\n<p>De acordo com a fiscal estadual agropecu\u00e1ria Ana Cl\u00e1udia Groff, do Programa de Controle e Erradica\u00e7\u00e3o da Brucelose e Tuberculose Animal da Seapi, a escolha de Santa Rosa considera o peso da regi\u00e3o na produ\u00e7\u00e3o leiteira do Rio Grande do Sul e busca mobilizar a cadeia produtiva em torno do tema.<\/p>\n<p>Na pr\u00e1tica, os f\u00f3runs devem concentrar discuss\u00f5es t\u00e9cnicas sobre preven\u00e7\u00e3o, vigil\u00e2ncia e manejo sanit\u00e1rio em duas cadeias relevantes para o estado. N\u00e3o foram divulgados, no material informado, dados adicionais sobre n\u00famero de participantes, inscri\u00e7\u00f5es ou metas operacionais dos encontros.<\/p>\n<p class=\"news-source\"><strong>Fonte:<\/strong> <a href=\"https:\/\/www.agricultura.rs.gov.br\/fenasoja-tera-foruns-sobre-suinocultura-brucelose-e-tuberculose\" target=\"_blank\" rel=\"noopener noreferrer\">agricultura.rs.gov.br<\/a><\/p>\n<p>O post <a href=\"https:\/\/www.canalrural.com.br\/pecuaria\/fenasoja-tera-foruns-estaduais-sobre-sanidade-suina-brucelose-e-tuberculose-bovina\/\">Fenasoja ter\u00e1 f\u00f3runs estaduais sobre sanidade su\u00edna, brucelose e tuberculose bovina<\/a> apareceu primeiro em <a href=\"https:\/\/www.canalrural.com.br\">Canal Rural<\/a>.<\/p>\n<p><br \/>\n<br \/><a href=\"https:\/\/www.canalrural.com.br\/pecuaria\/fenasoja-tera-foruns-estaduais-sobre-sanidade-suina-brucelose-e-tuberculose-bovina\/\">Source link <\/a><\/p>\n","protected":false},"excerpt":{"rendered":"<p>A Fenasoja, que ser\u00e1 realizada de sexta-feira (1\u00ba) a domingo (10), em Santa Rosa (RS), ter\u00e1 uma agenda dedicada \u00e0<\/p>\n","protected":false},"author":1,"featured_media":30238,"comment_status":"open","ping_status":"open","sticky":false,"template":"","format":"standard","meta":{"_monsterinsights_skip_tracking":false,"_monsterinsights_sitenote_active":false,"_monsterinsights_sitenote_note":"","_monsterinsights_sitenote_category":0,"_uf_show_specific_survey":0,"_uf_disable_surveys":false,"footnotes":""},"categories":[1],"tags":[],"class_list":["post-30237","post","type-post","status-publish","format-standard","has-post-thumbnail","hentry","category-news"],"_links":{"self":[{"href":"https:\/\/agromt.news\/index.php?rest_route=\/wp\/v2\/posts\/30237"}],"collection":[{"href":"https:\/\/agromt.news\/index.php?rest_route=\/wp\/v2\/posts"}],"about":[{"href":"https:\/\/agromt.news\/index.php?rest_route=\/wp\/v2\/types\/post"}],"author":[{"embeddable":true,"href":"https:\/\/agromt.news\/index.php?rest_route=\/wp\/v2\/users\/1"}],"replies":[{"embeddable":true,"href":"https:\/\/agromt.news\/index.php?rest_route=%2Fwp%2Fv2%2Fcomments&post=30237"}],"version-history":[{"count":0,"href":"https:\/\/agromt.news\/index.php?rest_route=\/wp\/v2\/posts\/30237\/revisions"}],"wp:featuredmedia":[{"embeddable":true,"href":"https:\/\/agromt.news\/index.php?rest_route=\/wp\/v2\/media\/30238"}],"wp:attachment":[{"href":"https:\/\/agromt.news\/index.php?rest_route=%2Fwp%2Fv2%2Fmedia&parent=30237"}],"wp:term":[{"taxonomy":"category","embeddable":true,"href":"https:\/\/agromt.news\/index.php?rest_route=%2Fwp%2Fv2%2Fcategories&post=30237"},{"taxonomy":"post_tag","embeddable":true,"href":"https:\/\/agromt.news\/index.php?rest_route=%2Fwp%2Fv2%2Ftags&post=30237"}],"curies":[{"name":"wp","href":"https:\/\/api.w.org\/{rel}","templated":true}]}}