{"id":30236,"date":"2026-04-28T12:29:26","date_gmt":"2026-04-28T16:29:26","guid":{"rendered":"https:\/\/agromt.news\/?p=30236"},"modified":"2026-04-28T12:29:26","modified_gmt":"2026-04-28T16:29:26","slug":"acucar-segue-com-baixa-liquidez-em-sp-diz-cepea","status":"publish","type":"post","link":"https:\/\/agromt.news\/?p=30236","title":{"rendered":"A\u00e7\u00facar segue com baixa liquidez em SP, diz Cepea"},"content":{"rendered":"<p> <br \/>\n<\/p>\n<div>\n<figure><img decoding=\"async\" src=\"https:\/\/agromt.news\/wp-content\/uploads\/2026\/04\/Safra-202526-de-acucar-fecha-com-recuo-nos-precos-aponta.jpg\" alt=\"colher mexendo a\u00e7\u00facar\" \/><figcaption>Foto: Pixabay<\/figcaption><\/figure>\n<\/div>\n<p>A movimenta\u00e7\u00e3o no mercado do a\u00e7\u00facar cristal segue em baixa no estado de S\u00e3o Paulo, o que reflete em uma postura de mais cautela entre os agentes. De acordo com o Centro de Estudos Avan\u00e7ados em Economia Aplicada (Cepea), o feriado do dia 21 pode ter influ\u00eancia nessa diminui\u00e7\u00e3o.<\/p>\n<p>Compradores do ado\u00e7ante continuam longe das negocia\u00e7\u00f5es, na esperan\u00e7a de novos recuos nos pre\u00e7os, diante do avan\u00e7o da safra 2026\/27. Em rela\u00e7\u00e3o a produ\u00e7\u00e3o, houve um aumento da moagem e a disponibilidade deve ser maior em um curto prazo.<\/p>\n<ul class=\"wp-block-list\">\n<li><em>Veja em primeira m\u00e3o tudo sobre agricultura, pecu\u00e1ria, economia e previs\u00e3o do tempo:<\/em><a href=\"https:\/\/news.google.com\/publications\/CAAqLQgKIidDQklTRndnTWFoTUtFV05oYm1Gc2NuVnlZV3d1WTI5dExtSnlLQUFQAQ?hl=pt-BR&amp;gl=BR&amp;ceid=BR:pt-419\" target=\"_blank\" rel=\"noreferrer noopener\"><em> siga o Canal Rural no Google News!<\/em><\/a><\/li>\n<\/ul>\n<p>Segundo o Cepea, no cen\u00e1rio internacional o a\u00e7\u00facar demerara, na bolsa de Nova York apresentou uma leve crescente no per\u00edodo. Entre principais fatores desta sustenta\u00e7\u00e3o, est\u00e1 o aumento das importa\u00e7\u00f5es chinesas.<\/p>\n<p>*Sob supervis\u00e3o de Hildeberto Jr.<\/p>\n<\/p>\n<p>O post <a href=\"https:\/\/www.canalrural.com.br\/etanol-acucar\/acucar-segue-com-baixa-liquidez-em-sp-diz-cepea\/\">A\u00e7\u00facar segue com baixa liquidez em SP, diz Cepea<\/a> apareceu primeiro em <a href=\"https:\/\/www.canalrural.com.br\">Canal Rural<\/a>.<\/p>\n<p><br \/>\n<br \/><a href=\"https:\/\/www.canalrural.com.br\/etanol-acucar\/acucar-segue-com-baixa-liquidez-em-sp-diz-cepea\/\">Source link <\/a><\/p>\n","protected":false},"excerpt":{"rendered":"<p>Foto: Pixabay A movimenta\u00e7\u00e3o no mercado do a\u00e7\u00facar cristal segue em baixa no estado de S\u00e3o Paulo, o que reflete<\/p>\n","protected":false},"author":1,"featured_media":28914,"comment_status":"open","ping_status":"open","sticky":false,"template":"","format":"standard","meta":{"_monsterinsights_skip_tracking":false,"_monsterinsights_sitenote_active":false,"_monsterinsights_sitenote_note":"","_monsterinsights_sitenote_category":0,"_uf_show_specific_survey":0,"_uf_disable_surveys":false,"footnotes":""},"categories":[1],"tags":[],"class_list":["post-30236","post","type-post","status-publish","format-standard","has-post-thumbnail","hentry","category-news"],"_links":{"self":[{"href":"https:\/\/agromt.news\/index.php?rest_route=\/wp\/v2\/posts\/30236"}],"collection":[{"href":"https:\/\/agromt.news\/index.php?rest_route=\/wp\/v2\/posts"}],"about":[{"href":"https:\/\/agromt.news\/index.php?rest_route=\/wp\/v2\/types\/post"}],"author":[{"embeddable":true,"href":"https:\/\/agromt.news\/index.php?rest_route=\/wp\/v2\/users\/1"}],"replies":[{"embeddable":true,"href":"https:\/\/agromt.news\/index.php?rest_route=%2Fwp%2Fv2%2Fcomments&post=30236"}],"version-history":[{"count":0,"href":"https:\/\/agromt.news\/index.php?rest_route=\/wp\/v2\/posts\/30236\/revisions"}],"wp:featuredmedia":[{"embeddable":true,"href":"https:\/\/agromt.news\/index.php?rest_route=\/wp\/v2\/media\/28914"}],"wp:attachment":[{"href":"https:\/\/agromt.news\/index.php?rest_route=%2Fwp%2Fv2%2Fmedia&parent=30236"}],"wp:term":[{"taxonomy":"category","embeddable":true,"href":"https:\/\/agromt.news\/index.php?rest_route=%2Fwp%2Fv2%2Fcategories&post=30236"},{"taxonomy":"post_tag","embeddable":true,"href":"https:\/\/agromt.news\/index.php?rest_route=%2Fwp%2Fv2%2Ftags&post=30236"}],"curies":[{"name":"wp","href":"https:\/\/api.w.org\/{rel}","templated":true}]}}