{"id":30234,"date":"2026-04-28T12:15:30","date_gmt":"2026-04-28T16:15:30","guid":{"rendered":"https:\/\/agromt.news\/?p=30234"},"modified":"2026-04-28T12:15:30","modified_gmt":"2026-04-28T16:15:30","slug":"ibovespa-recua-com-cautela-externa-e-aceleracao-do-ipca-15-de-abril","status":"publish","type":"post","link":"https:\/\/agromt.news\/?p=30234","title":{"rendered":"Ibovespa recua com cautela externa e acelera\u00e7\u00e3o do IPCA-15 de abril"},"content":{"rendered":"<p> <br \/>\n<\/p>\n<div>\n<figure><img decoding=\"async\" src=\"https:\/\/agromt.news\/wp-content\/uploads\/2026\/04\/Ibovespa-recua-com-cautela-externa-e-aceleracao-do-IPCA-15-de.png\" alt=\"Ibovespa recua com cautela externa e acelera\u00e7\u00e3o do IPCA-15 de abril\" \/><\/figure>\n<\/div>\n<p>O Ibovespa operava em queda nesta ter\u00e7a-feira (28), pressionado pela piora do ambiente externo e pela leitura mais alta da infla\u00e7\u00e3o no Brasil. O movimento ocorre na v\u00e9spera das decis\u00f5es do Comit\u00ea de Pol\u00edtica Monet\u00e1ria <strong><a href=\"http:\/\/www.canalrural.com.br\/tag\/ibovespa\/\" id=\"www.canalrural.com.br\/tag\/ibovespa\/\">(Copom)<\/a><\/strong> e do Federal Reserve (Fed), em um preg\u00e3o tamb\u00e9m influenciado pela alta do petr\u00f3leo, pelo avan\u00e7o dos juros futuros e pela temporada de balan\u00e7os corporativos.<\/p>\n<p>\u00c0s 11h20, o principal \u00edndice da Bolsa brasileira recuava 0,65%, aos 188.274,82 pontos. Na m\u00ednima do dia, chegou a 187.236,79 pontos, ap\u00f3s abrir est\u00e1vel, na faixa de 189.578,50 pontos. Na segunda-feira (27), o Ibovespa havia encerrado em baixa de 0,61%, aos 189.578,79 pontos.<\/p>\n<p>No cen\u00e1rio externo, a cautela refletia as incertezas em torno das negocia\u00e7\u00f5es relacionadas ao conflito no Oriente M\u00e9dio. Segundo Bruna Sene, analista de renda vari\u00e1vel da Rico, os mercados operavam sob um ambiente de avers\u00e3o ao risco, diante da falta de defini\u00e7\u00e3o sobre uma poss\u00edvel redu\u00e7\u00e3o das tens\u00f5es na regi\u00e3o.<\/p>\n<ul class=\"wp-block-list\">\n<li><em>Receba no seu celular atualiza\u00e7\u00f5es em tempo real, enquetes interativas e tudo o que impacta o dia a dia no campo: <a href=\"https:\/\/whatsapp.com\/channel\/0029Va9VnZxGk1FplZjiW43k\" target=\"_blank\" rel=\"noopener noreferrer\"><strong>entre agora no Whatsapp do Canal Rural!<\/strong><\/a><\/em><\/li>\n<\/ul>\n<p>As commodities tiveram comportamento misto. O petr\u00f3leo subia perto de 3% no Brent e de 4% no WTI, enquanto o min\u00e9rio de ferro fechou em queda de 0,89% na Dalian Commodity Exchange. Esse quadro ajudava a sustentar a\u00e7\u00f5es ligadas ao petr\u00f3leo e pressionava pap\u00e9is expostos ao min\u00e9rio. No mesmo hor\u00e1rio, as a\u00e7\u00f5es da Petrobras avan\u00e7avam mais de 1%, ap\u00f3s a conclus\u00e3o da compra de 100% de uma por\u00e7\u00e3o do ring-fence do Campo de Argonauta, na Bacia de Campos, por R$ 700 milh\u00f5es, mais US$ 150 milh\u00f5es em tr\u00eas parcelas.<\/p>\n<p>No mercado dom\u00e9stico, o Instituto Brasileiro de Geografia e Estat\u00edstica (IBGE) informou que o \u00cdndice Nacional de Pre\u00e7os ao Consumidor Amplo-15 (IPCA-15) subiu 0,89% em abril, ap\u00f3s alta de 0,44% em mar\u00e7o. Em 12 meses, o indicador passou de 3,90% para 4,37%.<\/p>\n<p>Para Mariana Rodrigues, economista da SulAm\u00e9rica Investimentos, o dado refor\u00e7a um cen\u00e1rio ainda desafiador para a infla\u00e7\u00e3o, com press\u00e3o em bens industriais. Bruna Sene acrescenta que houve acelera\u00e7\u00e3o dos n\u00facleos e da difus\u00e3o, sinalizando press\u00e3o mais espalhada sobre os pre\u00e7os.<\/p>\n<p>Com infla\u00e7\u00e3o mais resistente, juros futuros em alta e incerteza geopol\u00edtica, o mercado local deve seguir sens\u00edvel aos comunicados do Copom e do Fed. No curto prazo, a rea\u00e7\u00e3o dos ativos tende a depender da sinaliza\u00e7\u00e3o sobre a trajet\u00f3ria dos juros e da evolu\u00e7\u00e3o do cen\u00e1rio externo.<\/p>\n<p>O post <a href=\"https:\/\/www.canalrural.com.br\/economia\/ibovespa-recua-com-cautela-externa-e-aceleracao-do-ipca-15-de-abril\/\">Ibovespa recua com cautela externa e acelera\u00e7\u00e3o do IPCA-15 de abril<\/a> apareceu primeiro em <a href=\"https:\/\/www.canalrural.com.br\">Canal Rural<\/a>.<\/p>\n<p><br \/>\n<br \/><a href=\"https:\/\/www.canalrural.com.br\/economia\/ibovespa-recua-com-cautela-externa-e-aceleracao-do-ipca-15-de-abril\/\">Source link <\/a><\/p>\n","protected":false},"excerpt":{"rendered":"<p>O Ibovespa operava em queda nesta ter\u00e7a-feira (28), pressionado pela piora do ambiente externo e pela leitura mais alta da<\/p>\n","protected":false},"author":1,"featured_media":30235,"comment_status":"open","ping_status":"open","sticky":false,"template":"","format":"standard","meta":{"_monsterinsights_skip_tracking":false,"_monsterinsights_sitenote_active":false,"_monsterinsights_sitenote_note":"","_monsterinsights_sitenote_category":0,"_uf_show_specific_survey":0,"_uf_disable_surveys":false,"footnotes":""},"categories":[1],"tags":[],"class_list":["post-30234","post","type-post","status-publish","format-standard","has-post-thumbnail","hentry","category-news"],"_links":{"self":[{"href":"https:\/\/agromt.news\/index.php?rest_route=\/wp\/v2\/posts\/30234"}],"collection":[{"href":"https:\/\/agromt.news\/index.php?rest_route=\/wp\/v2\/posts"}],"about":[{"href":"https:\/\/agromt.news\/index.php?rest_route=\/wp\/v2\/types\/post"}],"author":[{"embeddable":true,"href":"https:\/\/agromt.news\/index.php?rest_route=\/wp\/v2\/users\/1"}],"replies":[{"embeddable":true,"href":"https:\/\/agromt.news\/index.php?rest_route=%2Fwp%2Fv2%2Fcomments&post=30234"}],"version-history":[{"count":0,"href":"https:\/\/agromt.news\/index.php?rest_route=\/wp\/v2\/posts\/30234\/revisions"}],"wp:featuredmedia":[{"embeddable":true,"href":"https:\/\/agromt.news\/index.php?rest_route=\/wp\/v2\/media\/30235"}],"wp:attachment":[{"href":"https:\/\/agromt.news\/index.php?rest_route=%2Fwp%2Fv2%2Fmedia&parent=30234"}],"wp:term":[{"taxonomy":"category","embeddable":true,"href":"https:\/\/agromt.news\/index.php?rest_route=%2Fwp%2Fv2%2Fcategories&post=30234"},{"taxonomy":"post_tag","embeddable":true,"href":"https:\/\/agromt.news\/index.php?rest_route=%2Fwp%2Fv2%2Ftags&post=30234"}],"curies":[{"name":"wp","href":"https:\/\/api.w.org\/{rel}","templated":true}]}}