{"id":30230,"date":"2026-04-28T11:47:22","date_gmt":"2026-04-28T15:47:22","guid":{"rendered":"https:\/\/agromt.news\/?p=30230"},"modified":"2026-04-28T11:47:22","modified_gmt":"2026-04-28T15:47:22","slug":"cna-realiza-1o-encontro-da-jornada-feminina-no-agro-em-brasilia","status":"publish","type":"post","link":"https:\/\/agromt.news\/?p=30230","title":{"rendered":"CNA realiza 1\u00ba Encontro da Jornada Feminina no Agro em Bras\u00edlia"},"content":{"rendered":"<p> <br \/>\n<\/p>\n<div>\n<figure><img decoding=\"async\" src=\"https:\/\/agromt.news\/wp-content\/uploads\/2026\/04\/CNA-realiza-1o-Encontro-da-Jornada-Feminina-no-Agro-em.png\" alt=\"CNA realiza 1\u00ba Encontro da Jornada Feminina no Agro em Bras\u00edlia\" \/><\/figure>\n<\/div>\n<p>A Confedera\u00e7\u00e3o da Agricultura e Pecu\u00e1ria do Brasil (CNA) realizou, na segunda-feira (27), em Bras\u00edlia, o 1\u00ba Encontro da Jornada Feminina no Agro. A iniciativa, coordenada pela Comiss\u00e3o Nacional das Mulheres do Agro, teve como foco ampliar a participa\u00e7\u00e3o feminina no sistema sindical rural, com troca de experi\u00eancias, alinhamento institucional e defini\u00e7\u00e3o de estrat\u00e9gias de atua\u00e7\u00e3o.<\/p>\n<p>Segundo a CNA, o encontro reuniu lideran\u00e7as de diferentes regi\u00f5es do pa\u00eds indicadas pelas federa\u00e7\u00f5es estaduais para participar da trilha de forma\u00e7\u00e3o. O n\u00famero de participantes n\u00e3o foi divulgado pela entidade.<\/p>\n<p>Na abertura, a presidente da Comiss\u00e3o Nacional das Mulheres do Agro da CNA, Stephanie Ferreira, afirmou que a proposta \u00e9 integrar representantes de todos os estados ao processo de capacita\u00e7\u00e3o. \u201cS\u00e3o mulheres que foram indicadas pelas federa\u00e7\u00f5es para participar da trilha de conhecimento e contribuir com o nosso sistema\u201d, disse.<\/p>\n<p class=\"canal-rural-cta\">Veja em primeira m\u00e3o tudo sobre agricultura, pecu\u00e1ria, economia e previs\u00e3o do tempo: <a href=\"https:\/\/news.google.com\/publications\/CAAqBwgKMPKZlQswq_mqAw?hl=pt-BR&amp;gl=BR&amp;ceid=BR%3Apt-419\" target=\"_blank\" rel=\"noopener noreferrer\"><strong>siga o Canal Rural no Google News!<\/strong><\/a><\/p>\n<p>Durante a programa\u00e7\u00e3o, a entidade apresentou suas principais a\u00e7\u00f5es, atividades e desafios ao longo dos anos. O diretor-t\u00e9cnico da CNA, Bruno Lucchi, destacou a fun\u00e7\u00e3o das mulheres na estrutura de representa\u00e7\u00e3o do setor. \u201cA participa\u00e7\u00e3o das mulheres no agro vai muito al\u00e9m da representatividade, \u00e9 fundamental para garantir diversidade de pensamento, inova\u00e7\u00e3o e maior conex\u00e3o com a sociedade. Fortalecer essas lideran\u00e7as \u00e9 investir no futuro do setor\u201d, afirmou.<\/p>\n<p>De acordo com a CNA, a continuidade da jornada ser\u00e1 guiada por atua\u00e7\u00e3o volunt\u00e1ria, compromisso coletivo e manuten\u00e7\u00e3o do di\u00e1logo com produtores, sindicatos e federa\u00e7\u00f5es. As participantes tamb\u00e9m puderam apresentar demandas e esclarecer d\u00favidas para constru\u00e7\u00e3o de pautas conjuntas.<\/p>\n<p>A Jornada de Lideran\u00e7a Feminina no Agro \u00e9 desenvolvida em parceria com a Educa\u00e7\u00e3o Corporativa da CNA. A forma\u00e7\u00e3o foi estruturada em quatro m\u00f3dulos: institucional, comunica\u00e7\u00e3o, gest\u00e3o e lideran\u00e7a. A proposta \u00e9 desenvolver compet\u00eancias t\u00e9cnicas e ampliar a presen\u00e7a de mulheres em posi\u00e7\u00f5es de lideran\u00e7a no agro brasileiro.<\/p>\n<p>Com a divis\u00e3o em quatro m\u00f3dulos e participa\u00e7\u00e3o de lideran\u00e7as estaduais, a jornada passa a compor a estrat\u00e9gia da CNA para forma\u00e7\u00e3o e articula\u00e7\u00e3o institucional feminina no sistema sindical rural, com foco em capacita\u00e7\u00e3o e atua\u00e7\u00e3o coordenada nos estados.<\/p>\n<p class=\"news-source\"><strong>Fonte:<\/strong> <a href=\"https:\/\/cnabrasil.org.br\/noticias\/cna-promove-1-encontro-da-jornada-feminina-no-agro\" target=\"_blank\" rel=\"noopener noreferrer\">cnabrasil.org.br<\/a><\/p>\n<p>O post <a href=\"https:\/\/www.canalrural.com.br\/agricultura\/agronegocio\/cna-realiza-1o-encontro-da-jornada-feminina-no-agro-em-brasilia\/\">CNA realiza 1\u00ba Encontro da Jornada Feminina no Agro em Bras\u00edlia<\/a> apareceu primeiro em <a href=\"https:\/\/www.canalrural.com.br\">Canal Rural<\/a>.<\/p>\n<p><br \/>\n<br \/><a href=\"https:\/\/www.canalrural.com.br\/agricultura\/agronegocio\/cna-realiza-1o-encontro-da-jornada-feminina-no-agro-em-brasilia\/\">Source link <\/a><\/p>\n","protected":false},"excerpt":{"rendered":"<p>A Confedera\u00e7\u00e3o da Agricultura e Pecu\u00e1ria do Brasil (CNA) realizou, na segunda-feira (27), em Bras\u00edlia, o 1\u00ba Encontro da Jornada<\/p>\n","protected":false},"author":1,"featured_media":30231,"comment_status":"open","ping_status":"open","sticky":false,"template":"","format":"standard","meta":{"_monsterinsights_skip_tracking":false,"_monsterinsights_sitenote_active":false,"_monsterinsights_sitenote_note":"","_monsterinsights_sitenote_category":0,"_uf_show_specific_survey":0,"_uf_disable_surveys":false,"footnotes":""},"categories":[1],"tags":[],"class_list":["post-30230","post","type-post","status-publish","format-standard","has-post-thumbnail","hentry","category-news"],"_links":{"self":[{"href":"https:\/\/agromt.news\/index.php?rest_route=\/wp\/v2\/posts\/30230"}],"collection":[{"href":"https:\/\/agromt.news\/index.php?rest_route=\/wp\/v2\/posts"}],"about":[{"href":"https:\/\/agromt.news\/index.php?rest_route=\/wp\/v2\/types\/post"}],"author":[{"embeddable":true,"href":"https:\/\/agromt.news\/index.php?rest_route=\/wp\/v2\/users\/1"}],"replies":[{"embeddable":true,"href":"https:\/\/agromt.news\/index.php?rest_route=%2Fwp%2Fv2%2Fcomments&post=30230"}],"version-history":[{"count":0,"href":"https:\/\/agromt.news\/index.php?rest_route=\/wp\/v2\/posts\/30230\/revisions"}],"wp:featuredmedia":[{"embeddable":true,"href":"https:\/\/agromt.news\/index.php?rest_route=\/wp\/v2\/media\/30231"}],"wp:attachment":[{"href":"https:\/\/agromt.news\/index.php?rest_route=%2Fwp%2Fv2%2Fmedia&parent=30230"}],"wp:term":[{"taxonomy":"category","embeddable":true,"href":"https:\/\/agromt.news\/index.php?rest_route=%2Fwp%2Fv2%2Fcategories&post=30230"},{"taxonomy":"post_tag","embeddable":true,"href":"https:\/\/agromt.news\/index.php?rest_route=%2Fwp%2Fv2%2Ftags&post=30230"}],"curies":[{"name":"wp","href":"https:\/\/api.w.org\/{rel}","templated":true}]}}