{"id":30224,"date":"2026-04-28T11:02:33","date_gmt":"2026-04-28T15:02:33","guid":{"rendered":"https:\/\/agromt.news\/?p=30224"},"modified":"2026-04-28T11:02:33","modified_gmt":"2026-04-28T15:02:33","slug":"safra-de-milho-avanca-com-ritmo-limitado","status":"publish","type":"post","link":"https:\/\/agromt.news\/?p=30224","title":{"rendered":"Safra de milho avan\u00e7a com ritmo limitado"},"content":{"rendered":"<p> <br \/>\n<\/p>\n<div>\n<p style=\"text-align:justify\">A colheita do milho no Rio Grande do Sul atingiu 90% da \u00e1rea cultivada, segundo o Informativo Conjuntural divulgado nesta quinta-feira (23) pela Emater\/RS-Ascar. A cultura se encontra em fase final de safra, com avan\u00e7o limitado das opera\u00e7\u00f5es devido \u00e0s precipita\u00e7\u00f5es, especialmente na Metade Sul, onde a elevada umidade dos gr\u00e3os e a restri\u00e7\u00e3o ao tr\u00e1fego de m\u00e1quinas dificultaram os trabalhos. As \u00e1reas remanescentes correspondem a lavouras implantadas em per\u00edodos intermedi\u00e1rios e tardios, em est\u00e1dios reprodutivos ou em enchimento de gr\u00e3os, beneficiadas pelas chuvas desde meados de mar\u00e7o.&#13;\n<\/p>\n<p style=\"text-align:justify\">De acordo com a Emater\/RS-Ascar, as condi\u00e7\u00f5es meteorol\u00f3gicas ao longo do ciclo resultaram em desempenho produtivo heterog\u00eaneo. Epis\u00f3dios de d\u00e9ficit h\u00eddrico em fases cr\u00edticas, como pendoamento e flora\u00e7\u00e3o, impactaram parte das lavouras de plantio intermedi\u00e1rio, reduzindo o potencial produtivo.<\/p>\n<p style=\"text-align:justify\">A qualidade dos gr\u00e3os \u00e9 considerada satisfat\u00f3ria nas \u00e1reas colhidas em condi\u00e7\u00f5es adequadas, embora a elevada umidade em per\u00edodos chuvosos tenha exigido maior cuidado nas opera\u00e7\u00f5es de colheita.<\/p>\n<p style=\"text-align:justify\">A Emater\/RS-Ascar estima a \u00e1rea cultivada em 803.019 hectares e produtividade m\u00e9dia estadual de 7.424 kg por hectare.<\/p>\n<p style=\"text-align:justify\">Na regi\u00e3o administrativa de Bag\u00e9, a Emater\/RS-Ascar informa que a colheita evoluiu de forma lenta em raz\u00e3o da elevada umidade dos gr\u00e3os, decorrente de per\u00edodos sucessivos de chuva e nebulosidade. Em Candiota, a colheita iniciou em \u00e1reas compostas majoritariamente por pequenas propriedades. Em S\u00e3o Gabriel, 85% dos 3.000 hectares cultivados foram colhidos, com 10% em matura\u00e7\u00e3o e 5% em enchimento de gr\u00e3os, apresentando bom potencial produtivo, apesar de perdas estimadas em cerca de 25% em rela\u00e7\u00e3o ao potencial inicial devido ao d\u00e9ficit h\u00eddrico em fases cr\u00edticas.&#13;\n<\/p>\n<p style=\"text-align:justify\">Na regional de Caxias do Sul, o predom\u00ednio de tempo seco favoreceu o avan\u00e7o da colheita, que alcan\u00e7a cerca de 70%. As produtividades variam entre 7.200 e 9.000 kg por hectare, com gr\u00e3os considerados adequados em termos de qualidade.<\/p>\n<p style=\"text-align:justify\">Na regi\u00e3o de Iju\u00ed, a colheita da safra est\u00e1 praticamente conclu\u00edda, restando cerca de 2% de \u00e1reas de safrinha em fase final de enchimento de gr\u00e3os, com produtividades que chegam a 9.240 kg por hectare.<\/p>\n<p style=\"text-align:justify\">Na regional de Pelotas, 45% da \u00e1rea foi colhida, com interrup\u00e7\u00f5es provocadas pelas chuvas, que elevaram a umidade dos gr\u00e3os e dificultaram a entrada de m\u00e1quinas. As \u00e1reas remanescentes est\u00e3o distribu\u00eddas entre enchimento de gr\u00e3os, matura\u00e7\u00e3o e flora\u00e7\u00e3o, indicando varia\u00e7\u00e3o no desenvolvimento das lavouras.<\/p>\n<p style=\"text-align:justify\">Na regi\u00e3o de Santa Rosa, 94% da \u00e1rea cultivada foi colhida, com lavouras remanescentes em enchimento de gr\u00e3os, flora\u00e7\u00e3o e matura\u00e7\u00e3o. Tamb\u00e9m h\u00e1 intensifica\u00e7\u00e3o do planejamento para a pr\u00f3xima safra, com aquisi\u00e7\u00e3o antecipada de insumos e ado\u00e7\u00e3o de estrat\u00e9gias como a semeadura precoce para mitigar riscos clim\u00e1ticos.&#13;\n<\/p>\n<p style=\"text-align:justify\">Na regional de Soledade, a colheita das \u00e1reas semeadas no per\u00edodo inicial est\u00e1 praticamente conclu\u00edda, restando \u00e1reas pontuais em relevo acidentado, onde a opera\u00e7\u00e3o ocorre de forma manual. Cerca de 65% da \u00e1rea total foi colhida, enquanto lavouras tardias seguem em fases reprodutivas sob condi\u00e7\u00f5es favor\u00e1veis de temperatura, umidade do solo e radia\u00e7\u00e3o solar.<\/p>\n<\/p><\/div>\n<p><script data-cfasync=\"false\">\n    !function (f, b, e, v, n, t, s) {\n        if (f.fbq) return; n = f.fbq = function () {\n            n.callMethod ?\n                n.callMethod.apply(n, arguments) : n.queue.push(arguments)\n        };\n        if (!f._fbq) f._fbq = n; n.push = n; n.loaded = !0; n.version = '2.0';\n        n.queue = []; t = b.createElement(e); t.async = !0;\n        t.src = v; s = b.getElementsByTagName(e)[0];\n        s.parentNode.insertBefore(t, s)\n    }(window, document, 'script',\n        'https:\/\/connect.facebook.net\/en_US\/fbevents.js');\n    fbq('init', '522546078623747');\n    fbq('track', 'PageView');\n<\/script><br \/>\n<br \/><br \/>\n<br \/><a href=\"https:\/\/www.agrolink.com.br\/noticias\/safra-de-milho-avanca-com-ritmo-limitado_513536.html\">Source link <\/a><\/p>\n","protected":false},"excerpt":{"rendered":"<p>A colheita do milho no Rio Grande do Sul atingiu 90% da \u00e1rea cultivada, segundo o Informativo Conjuntural divulgado nesta<\/p>\n","protected":false},"author":1,"featured_media":1994,"comment_status":"open","ping_status":"open","sticky":false,"template":"","format":"standard","meta":{"_monsterinsights_skip_tracking":false,"_monsterinsights_sitenote_active":false,"_monsterinsights_sitenote_note":"","_monsterinsights_sitenote_category":0,"_uf_show_specific_survey":0,"_uf_disable_surveys":false,"footnotes":""},"categories":[8,1,14],"tags":[],"class_list":["post-30224","post","type-post","status-publish","format-standard","has-post-thumbnail","hentry","category-agro","category-news","category-politica-agro"],"_links":{"self":[{"href":"https:\/\/agromt.news\/index.php?rest_route=\/wp\/v2\/posts\/30224"}],"collection":[{"href":"https:\/\/agromt.news\/index.php?rest_route=\/wp\/v2\/posts"}],"about":[{"href":"https:\/\/agromt.news\/index.php?rest_route=\/wp\/v2\/types\/post"}],"author":[{"embeddable":true,"href":"https:\/\/agromt.news\/index.php?rest_route=\/wp\/v2\/users\/1"}],"replies":[{"embeddable":true,"href":"https:\/\/agromt.news\/index.php?rest_route=%2Fwp%2Fv2%2Fcomments&post=30224"}],"version-history":[{"count":0,"href":"https:\/\/agromt.news\/index.php?rest_route=\/wp\/v2\/posts\/30224\/revisions"}],"wp:featuredmedia":[{"embeddable":true,"href":"https:\/\/agromt.news\/index.php?rest_route=\/wp\/v2\/media\/1994"}],"wp:attachment":[{"href":"https:\/\/agromt.news\/index.php?rest_route=%2Fwp%2Fv2%2Fmedia&parent=30224"}],"wp:term":[{"taxonomy":"category","embeddable":true,"href":"https:\/\/agromt.news\/index.php?rest_route=%2Fwp%2Fv2%2Fcategories&post=30224"},{"taxonomy":"post_tag","embeddable":true,"href":"https:\/\/agromt.news\/index.php?rest_route=%2Fwp%2Fv2%2Ftags&post=30224"}],"curies":[{"name":"wp","href":"https:\/\/api.w.org\/{rel}","templated":true}]}}