{"id":30222,"date":"2026-04-28T10:51:33","date_gmt":"2026-04-28T14:51:33","guid":{"rendered":"https:\/\/agromt.news\/?p=30222"},"modified":"2026-04-28T10:51:33","modified_gmt":"2026-04-28T14:51:33","slug":"tecnicos-realizam-estudo-para-reativacao-da-hidrovia-do-rio-sao-francisco","status":"publish","type":"post","link":"https:\/\/agromt.news\/?p=30222","title":{"rendered":"T\u00e9cnicos realizam estudo para reativa\u00e7\u00e3o da Hidrovia do Rio S\u00e3o Francisco"},"content":{"rendered":"<p> <br \/>\n<\/p>\n<div>\n<figure><img decoding=\"async\" src=\"https:\/\/agromt.news\/wp-content\/uploads\/2026\/04\/Tecnicos-realizam-estudo-para-reativacao-da-Hidrovia-do-Rio-Sao.jpeg\" alt=\"T\u00e9cnicos realizam estudo para reativa\u00e7\u00e3o da Hidrovia do Rio S\u00e3o Francisco\" \/><figcaption>Foto: Divulga\u00e7\u00e3o\/Codeba<\/figcaption><\/figure>\n<\/div>\n<p>Especialistas de diversos \u00f3rg\u00e3os se reuniram nesta segunda-feira (27), em Sobradinho (BA), para coletar dados e concluir os estudos t\u00e9cnicos necess\u00e1rios para definir a modelagem econ\u00f4mica da <strong>Hidrovia do Rio S\u00e3o Francisco<\/strong>.<\/p>\n<p>A hidrovia \u00e9 considerada um eixo estrat\u00e9gico para o escoamento de cargas e a integra\u00e7\u00e3o log\u00edstica entre regi\u00f5es do pa\u00eds. <\/p>\n<p>De acordo om a Companhia de Docas do Estado da Bahia (Codeba), o projeto prev\u00ea um corredor naveg\u00e1vel de <strong>1.371 quil\u00f4metros de extens\u00e3o<\/strong>, abrangendo <strong>505 munic\u00edpios<\/strong> em cinco estados, com potencial de movimentar at\u00e9 <strong>5 milh\u00f5es de toneladas de cargas<\/strong> j\u00e1 no primeiro ano de opera\u00e7\u00e3o.<\/p>\n<p>Pela manh\u00e3 foi realizada uma reuni\u00e3o de alinhamento dos trabalhos e visita ao Porto de Juacema. \u00c0 tarde, a equipe percorreu o trecho onde por onde as embarca\u00e7\u00f5es carregadas de cargas dever\u00e3o trafegar quando a Hidrovia estiver em pleno funcionamento.\u00a0<\/p>\n<figure class=\"wp-block-image size-large\"><img fetchpriority=\"high\" decoding=\"async\" width=\"1024\" height=\"576\" src=\"https:\/\/agromt.news\/wp-content\/uploads\/2026\/04\/Tecnicos-realizam-estudo-para-reativacao-da-Hidrovia-do-Rio-Sao.jpg\" alt=\"\" class=\"wp-image-4167939\" \/><figcaption class=\"wp-element-caption\">Foto: Divulga\u00e7\u00e3o\/Codeba<\/figcaption><\/figure>\n<p>Participaram da atividade o chefe de gabinete da CODEBA, Carlos Luciano; o superintendente da Infra SA, Fernando Corr\u00eaa dos Santos, acompanhado assessores Carla Chaves, Conrado Frezza Guilherme Tasca Mores, Gustavo de Oliveira Lopes e Wagner dos Santos. <\/p>\n<p>Tamb\u00e9m participaram, Calvin Creech, da Associa\u00e7\u00e3o Mundial para Infraestrutura de Transporte Aquavi\u00e1rio (PIANC); Dax Rosler Andrade, representando a ANTAQ e Alexandre Vaz, do Minist\u00e9rio de Portos e Aeroportos, al\u00e9m de representantes da Marinha e SOAMAR.<\/p>\n<ul class=\"wp-block-list\">\n<li><a href=\"https:\/\/www.canalrural.com.br\/nacional\/bahia\/lancamento-em-juazeiro-marca-inicio-de-nova-edicao-da-barra-agroshow\/\" id=\"4164774\">Lan\u00e7amento em Juazeiro marca in\u00edcio da 2\u00aa edi\u00e7\u00e3o da Barra Agroshow<\/a><\/li>\n<\/ul>\n<h2 class=\"wp-block-heading\" id=\"h-etapas\">Etapas<\/h2>\n<p>De acordo com o Minist\u00e9rio de Portos e Aeroportos, a <strong>primeira etapa<\/strong> contempla interven\u00e7\u00f5es em um trecho de 604 km naveg\u00e1veis, entre Juazeiro e Petrolina, passando por Sobradinho (BA) e chegando a Ibotirama (BA). As cargas ser\u00e3o escoadas por rodovias at\u00e9 o Porto de Aratu-Candeias (BA). <\/p>\n<p>A <strong>segunda etapa<\/strong> abrange 172 km naveg\u00e1veis entre Ibotirama, Bom Jesus da Lapa e Cariac\u00e1 (BA), com conex\u00e3o ferrovi\u00e1ria aos portos de Ilh\u00e9us e Aratu-Candeias e a terceira amplia\u00e7\u00e3o da hidrovia em 670 km, ligando Bom Jesus da Lapa e Cariac\u00e1 a Pirapora (MG).<\/p>\n<p>Ainda segundo a pasta, tamb\u00e9m est\u00e3o previstas a constru\u00e7\u00e3o de 17 Instala\u00e7\u00f5es Portu\u00e1rias P\u00fablicas de Pequeno Porte (IP4), que garantir\u00e3o o transporte de cargas e passageiros nos estados da Bahia, Pernambuco e Alagoas.<\/p>\n<figure class=\"wp-block-image size-large\"><img decoding=\"async\" width=\"1024\" height=\"579\" src=\"https:\/\/agromt.news\/wp-content\/uploads\/2026\/04\/1777387893_571_Tecnicos-realizam-estudo-para-reativacao-da-Hidrovia-do-Rio-Sao.jpeg\" alt=\"Barra Agro Show, feira agropecu\u00e1ria, m\u00e9dio s\u00e3o francisco, lan\u00e7amento em Salvador\" class=\"wp-image-4112721\" \/><figcaption class=\"wp-element-caption\">Rio S\u00e3o Francisco em Barra (BA) | Foto: Guilherme Soares\/ Marca Comunica\u00e7\u00e3o<\/figcaption><\/figure>\n<h3 class=\"wp-block-heading\" id=\"h-navegando-pela-historia\">Navegando pela hist\u00f3ria<\/h3>\n<p>Durante o Juazeiro Open, evento realizado no \u00faltimo fim de semana, o Chefe de Gabinete da Codeba, Carlos Luciano, que \u00e9 filho de Juazeiro, lembrou do av\u00f4 que foi comandante de embarca\u00e7\u00e3o na Hidrovia e falou com entusiasmo sobre a perspectiva de retomada das atividades. <\/p>\n<p>\u201cDentro em breve n\u00f3s teremos j\u00e1 a opera\u00e7\u00e3o entre a Barragem de Sobradinho, onde est\u00e1 o Porto de Juacema, at\u00e9 a cidade de Ibotirama. Isso vai demonstrar cada vez mais que \u00e9 poss\u00edvel sonhar junto e tornar realidade. Mas o mais importante que envolve tudo isso n\u00e3o \u00e9 somente o transporte das cargas. \u00c9 o reconhecimento e a interioriza\u00e7\u00e3o do desenvolvimento socioecon\u00f4mico e a perspectiva de aqui ser o grande e novo vetor de desenvolvimento econ\u00f4mico do Brasil\u201d, ressaltou, Carlos.<\/p>\n<p>Segundo a Codeba, ap\u00f3s mais de 14 anos de paralisa\u00e7\u00e3o, o projeto desperta n\u00e3o apenas interesse econ\u00f4mico, mas tamb\u00e9m uma como\u00e7\u00e3o regional, por representar a retomada de um importante vetor de desenvolvimento hist\u00f3rico para a regi\u00e3o.<\/p>\n<ul class=\"wp-block-list\">\n<li><a href=\"https:\/\/www.canalrural.com.br\/nacional\/bahia\/cerca-de-900-kg-de-carne-clandestina-sao-apreendidos-na-bahia\/\" id=\"4167472\">Cerca de 900 kg de carne clandestina s\u00e3o apreendidos na Bahia<\/a><\/li>\n<\/ul>\n<hr class=\"wp-block-separator has-alpha-channel-opacity\" \/>\n<p><em><em>Voc\u00ea tamb\u00e9m pode participar deixando uma sugest\u00e3o de pauta. Siga o\u00a0<a href=\"https:\/\/www.instagram.com\/canalruralbahia\/\">Canal Rural Bahia no Instagram<\/a>\u00a0e nos envie uma mensagem<\/em>.<\/em><\/p>\n<p>O post <a href=\"https:\/\/www.canalrural.com.br\/nacional\/bahia\/tecnicos-realizam-estudo-para-reativacao-da-hidrovia-do-rio-sao-francisco\/\">T\u00e9cnicos realizam estudo para reativa\u00e7\u00e3o da Hidrovia do Rio S\u00e3o Francisco<\/a> apareceu primeiro em <a href=\"https:\/\/www.canalrural.com.br\">Canal Rural<\/a>.<\/p>\n<p><script async src=\"\/\/www.instagram.com\/embed.js\"><\/script><br \/>\n<br \/><br \/>\n<br \/><a href=\"https:\/\/www.canalrural.com.br\/nacional\/bahia\/tecnicos-realizam-estudo-para-reativacao-da-hidrovia-do-rio-sao-francisco\/\">Source link <\/a><\/p>\n","protected":false},"excerpt":{"rendered":"<p>Foto: Divulga\u00e7\u00e3o\/Codeba Especialistas de diversos \u00f3rg\u00e3os se reuniram nesta segunda-feira (27), em Sobradinho (BA), para coletar dados e concluir os<\/p>\n","protected":false},"author":1,"featured_media":30223,"comment_status":"open","ping_status":"open","sticky":false,"template":"","format":"standard","meta":{"_monsterinsights_skip_tracking":false,"_monsterinsights_sitenote_active":false,"_monsterinsights_sitenote_note":"","_monsterinsights_sitenote_category":0,"_uf_show_specific_survey":0,"_uf_disable_surveys":false,"footnotes":""},"categories":[1],"tags":[],"class_list":["post-30222","post","type-post","status-publish","format-standard","has-post-thumbnail","hentry","category-news"],"_links":{"self":[{"href":"https:\/\/agromt.news\/index.php?rest_route=\/wp\/v2\/posts\/30222"}],"collection":[{"href":"https:\/\/agromt.news\/index.php?rest_route=\/wp\/v2\/posts"}],"about":[{"href":"https:\/\/agromt.news\/index.php?rest_route=\/wp\/v2\/types\/post"}],"author":[{"embeddable":true,"href":"https:\/\/agromt.news\/index.php?rest_route=\/wp\/v2\/users\/1"}],"replies":[{"embeddable":true,"href":"https:\/\/agromt.news\/index.php?rest_route=%2Fwp%2Fv2%2Fcomments&post=30222"}],"version-history":[{"count":0,"href":"https:\/\/agromt.news\/index.php?rest_route=\/wp\/v2\/posts\/30222\/revisions"}],"wp:featuredmedia":[{"embeddable":true,"href":"https:\/\/agromt.news\/index.php?rest_route=\/wp\/v2\/media\/30223"}],"wp:attachment":[{"href":"https:\/\/agromt.news\/index.php?rest_route=%2Fwp%2Fv2%2Fmedia&parent=30222"}],"wp:term":[{"taxonomy":"category","embeddable":true,"href":"https:\/\/agromt.news\/index.php?rest_route=%2Fwp%2Fv2%2Fcategories&post=30222"},{"taxonomy":"post_tag","embeddable":true,"href":"https:\/\/agromt.news\/index.php?rest_route=%2Fwp%2Fv2%2Ftags&post=30222"}],"curies":[{"name":"wp","href":"https:\/\/api.w.org\/{rel}","templated":true}]}}