{"id":30221,"date":"2026-04-28T10:37:33","date_gmt":"2026-04-28T14:37:33","guid":{"rendered":"https:\/\/agromt.news\/?p=30221"},"modified":"2026-04-28T10:37:33","modified_gmt":"2026-04-28T14:37:33","slug":"emirados-arabes-unidos-anunciam-saida-da-opep","status":"publish","type":"post","link":"https:\/\/agromt.news\/?p=30221","title":{"rendered":"Emirados \u00c1rabes Unidos anunciam sa\u00edda da Opep"},"content":{"rendered":"<p> <br \/>\n<\/p>\n<div>\n<figure><img decoding=\"async\" src=\"https:\/\/agromt.news\/wp-content\/uploads\/2026\/04\/Nova-tecnologia-promete-elevar-recuperacao-de-petroleo-em-mais-de.jpeg\" alt=\"extra\u00e7\u00e3o de petr\u00f3leo\" \/><figcaption>Foto: C\u00edcero Oliveira\/ Agecom\/UFRN<\/figcaption><\/figure>\n<\/div>\n<p>Os Emirados \u00c1rabes Unidos anunciaram que deixar\u00e3o a Opep (Organiza\u00e7\u00e3o dos Pa\u00edses Exportadores de Petr\u00f3leo) e a Opep+ a partir de 1\u00ba de maio, segundo informou a ag\u00eancia Reuters nesta ter\u00e7a-feira (28).<\/p>\n<p>A decis\u00e3o foi confirmada pelo ministro de Energia do pa\u00eds, Suhail Mohamed al-Mazrouei, que afirmou que a sa\u00edda ocorreu ap\u00f3s uma revis\u00e3o das estrat\u00e9gias energ\u00e9ticas nacionais.<\/p>\n<p>Segundo ele, a medida \u00e9 de car\u00e1ter pol\u00edtico e foi tomada de forma independente, sem negocia\u00e7\u00e3o pr\u00e9via com outros membros do grupo, incluindo a Ar\u00e1bia Saudita, principal lideran\u00e7a da organiza\u00e7\u00e3o.<\/p>\n<h2 class=\"wp-block-heading\" id=\"h-movimento-ocorre-em-meio-a-tensoes-no-mercado\">Movimento ocorre em meio a tens\u00f5es no mercado<\/h2>\n<p>A sa\u00edda dos Emirados, integrante da Opep desde 1967, acontece em um momento de instabilidade no mercado global de energia, marcado por conflitos no Oriente M\u00e9dio e dificuldades log\u00edsticas no Estreito de Ormuz, rota por onde passa cerca de um quinto do petr\u00f3leo e do g\u00e1s natural liquefeito do mundo.<\/p>\n<p>De acordo com a Reuters, o cen\u00e1rio tem afetado o fluxo de exporta\u00e7\u00f5es, ap\u00f3s amea\u00e7as e ataques a embarca\u00e7\u00f5es na regi\u00e3o.<\/p>\n<h2 class=\"wp-block-heading\" id=\"h-impacto-e-bastidores\">Impacto e bastidores<\/h2>\n<p>Apesar do potencial impacto pol\u00edtico dentro da Opep+, o ministro afirmou que a decis\u00e3o n\u00e3o deve provocar grandes efeitos imediatos no mercado, diante do contexto atual.<\/p>\n<p>A sa\u00edda tamb\u00e9m ocorre ap\u00f3s cr\u00edticas dos Emirados a outros pa\u00edses \u00e1rabes, por considerarem insuficiente o apoio diante de ataques atribu\u00eddos ao Ir\u00e3 durante o conflito recente.<\/p>\n<p>Aliado estrat\u00e9gico dos Estados Unidos, o pa\u00eds amplia, com a decis\u00e3o, o distanciamento em rela\u00e7\u00e3o ao bloco, que historicamente atua de forma coordenada para influenciar a oferta global de petr\u00f3leo e os pre\u00e7os da commodity.<\/p>\n<p>O post <a href=\"https:\/\/www.canalrural.com.br\/internacional\/emirados-arabes-unidos-anunciam-saida-da-opep\/\">Emirados \u00c1rabes Unidos anunciam sa\u00edda da Opep<\/a> apareceu primeiro em <a href=\"https:\/\/www.canalrural.com.br\">Canal Rural<\/a>.<\/p>\n<p><br \/>\n<br \/><a href=\"https:\/\/www.canalrural.com.br\/internacional\/emirados-arabes-unidos-anunciam-saida-da-opep\/\">Source link <\/a><\/p>\n","protected":false},"excerpt":{"rendered":"<p>Foto: C\u00edcero Oliveira\/ Agecom\/UFRN Os Emirados \u00c1rabes Unidos anunciaram que deixar\u00e3o a Opep (Organiza\u00e7\u00e3o dos Pa\u00edses Exportadores de Petr\u00f3leo) e<\/p>\n","protected":false},"author":1,"featured_media":30039,"comment_status":"open","ping_status":"open","sticky":false,"template":"","format":"standard","meta":{"_monsterinsights_skip_tracking":false,"_monsterinsights_sitenote_active":false,"_monsterinsights_sitenote_note":"","_monsterinsights_sitenote_category":0,"_uf_show_specific_survey":0,"_uf_disable_surveys":false,"footnotes":""},"categories":[1],"tags":[],"class_list":["post-30221","post","type-post","status-publish","format-standard","has-post-thumbnail","hentry","category-news"],"_links":{"self":[{"href":"https:\/\/agromt.news\/index.php?rest_route=\/wp\/v2\/posts\/30221"}],"collection":[{"href":"https:\/\/agromt.news\/index.php?rest_route=\/wp\/v2\/posts"}],"about":[{"href":"https:\/\/agromt.news\/index.php?rest_route=\/wp\/v2\/types\/post"}],"author":[{"embeddable":true,"href":"https:\/\/agromt.news\/index.php?rest_route=\/wp\/v2\/users\/1"}],"replies":[{"embeddable":true,"href":"https:\/\/agromt.news\/index.php?rest_route=%2Fwp%2Fv2%2Fcomments&post=30221"}],"version-history":[{"count":0,"href":"https:\/\/agromt.news\/index.php?rest_route=\/wp\/v2\/posts\/30221\/revisions"}],"wp:featuredmedia":[{"embeddable":true,"href":"https:\/\/agromt.news\/index.php?rest_route=\/wp\/v2\/media\/30039"}],"wp:attachment":[{"href":"https:\/\/agromt.news\/index.php?rest_route=%2Fwp%2Fv2%2Fmedia&parent=30221"}],"wp:term":[{"taxonomy":"category","embeddable":true,"href":"https:\/\/agromt.news\/index.php?rest_route=%2Fwp%2Fv2%2Fcategories&post=30221"},{"taxonomy":"post_tag","embeddable":true,"href":"https:\/\/agromt.news\/index.php?rest_route=%2Fwp%2Fv2%2Ftags&post=30221"}],"curies":[{"name":"wp","href":"https:\/\/api.w.org\/{rel}","templated":true}]}}