{"id":30217,"date":"2026-04-28T10:09:31","date_gmt":"2026-04-28T14:09:31","guid":{"rendered":"https:\/\/agromt.news\/?p=30217"},"modified":"2026-04-28T10:09:31","modified_gmt":"2026-04-28T14:09:31","slug":"governador-de-mg-anuncia-investimentos-para-produtores-de-cana-de-acucar-2","status":"publish","type":"post","link":"https:\/\/agromt.news\/?p=30217","title":{"rendered":"Governador de MG anuncia investimentos para produtores de cana de a\u00e7\u00facar"},"content":{"rendered":"<p> <br \/>\n<\/p>\n<div>\n<figure><img decoding=\"async\" src=\"https:\/\/agromt.news\/wp-content\/uploads\/2026\/04\/Governador-de-MG-anuncia-investimentos-para-produtores-de-cana-de.png\" alt=\"Conab estima produ\u00e7\u00e3o de cana-de-a\u00e7\u00facar em 709,1 milh\u00f5es de toneladas na safra 2026\/27\" \/><\/figure>\n<\/div>\n<p>O governador de Minas Gerais anunciou novos investimentos voltados para os produtores de cana de a\u00e7\u00facar, com o objetivo de promover a expans\u00e3o das usinas e a gera\u00e7\u00e3o de biometano.<\/p>\n<h2 class=\"wp-block-heading\" id=\"h-promocao-financeira-e-novos-investimentos\">Promo\u00e7\u00e3o financeira e novos investimentos<\/h2>\n<p>O primeiro movimento anunciado pelo governador \u00e9 a promo\u00e7\u00e3o financeira que permitir\u00e1 \u00e0s usinas de cana utilizar o cr\u00e9dito acumulado de ICMS em novos investimentos. Essa medida visa transformar as usinas em centros de produ\u00e7\u00e3o de etanol a partir da cana e do milho.<\/p>\n<h2 class=\"wp-block-heading\" id=\"h-gasoduto-fechado-para-biometano\">Gasoduto fechado para biometano<\/h2>\n<p>Al\u00e9m disso, foi anunciado um investimento de R$ 50 milh\u00f5es em um gasoduto fechado, que conectar\u00e1 as usinas de cana e permitir\u00e1 a gera\u00e7\u00e3o de biometano, um g\u00e1s equivalente ao g\u00e1s natural. Este projeto visa atender os polos industriais de Uberl\u00e2ndia e Uberaba.<\/p>\n<ul class=\"wp-block-list\">\n<li>O biometano ser\u00e1 utilizado na produ\u00e7\u00e3o de fertilizantes em Uberaba.<\/li>\n<li>O investimento \u00e9 realizado pela Gasmig com apoio do estado.<\/li>\n<li>A expectativa \u00e9 que a nova ind\u00fastria traga avan\u00e7os significativos para a regi\u00e3o.<\/li>\n<\/ul>\n<h2 class=\"wp-block-heading\" id=\"h-importancia-da-comunicacao-no-agronegocio\">Import\u00e2ncia da comunica\u00e7\u00e3o no agroneg\u00f3cio<\/h2>\n<p>O governador tamb\u00e9m destacou a import\u00e2ncia da presen\u00e7a do Canal Rural em Minas Gerais, que ter\u00e1 uma equipe dedicada \u00e0 cobertura di\u00e1ria do agroneg\u00f3cio, especialmente em Uberaba, uma regi\u00e3o central na pecu\u00e1ria do estado.<\/p>\n<ul class=\"wp-block-list\">\n<li>A emissora buscar\u00e1 levar not\u00edcias bem apuradas e de qualidade.<\/li>\n<li>A presen\u00e7a do Canal Rural permitir\u00e1 uma maior intera\u00e7\u00e3o com os produtores.<\/li>\n<\/ul>\n<p>O post <a href=\"https:\/\/www.canalrural.com.br\/agricultura\/governador-de-mg-anuncia-investimentos-para-produtores-de-cana-de-acucar\/\">Governador de MG anuncia investimentos para produtores de cana de a\u00e7\u00facar<\/a> apareceu primeiro em <a href=\"https:\/\/www.canalrural.com.br\">Canal Rural<\/a>.<\/p>\n<p><br \/>\n<br \/><a href=\"https:\/\/www.canalrural.com.br\/agricultura\/governador-de-mg-anuncia-investimentos-para-produtores-de-cana-de-acucar\/\">Source link <\/a><\/p>\n","protected":false},"excerpt":{"rendered":"<p>O governador de Minas Gerais anunciou novos investimentos voltados para os produtores de cana de a\u00e7\u00facar, com o objetivo de<\/p>\n","protected":false},"author":1,"featured_media":30218,"comment_status":"open","ping_status":"open","sticky":false,"template":"","format":"standard","meta":{"_monsterinsights_skip_tracking":false,"_monsterinsights_sitenote_active":false,"_monsterinsights_sitenote_note":"","_monsterinsights_sitenote_category":0,"_uf_show_specific_survey":0,"_uf_disable_surveys":false,"footnotes":""},"categories":[1],"tags":[],"class_list":["post-30217","post","type-post","status-publish","format-standard","has-post-thumbnail","hentry","category-news"],"_links":{"self":[{"href":"https:\/\/agromt.news\/index.php?rest_route=\/wp\/v2\/posts\/30217"}],"collection":[{"href":"https:\/\/agromt.news\/index.php?rest_route=\/wp\/v2\/posts"}],"about":[{"href":"https:\/\/agromt.news\/index.php?rest_route=\/wp\/v2\/types\/post"}],"author":[{"embeddable":true,"href":"https:\/\/agromt.news\/index.php?rest_route=\/wp\/v2\/users\/1"}],"replies":[{"embeddable":true,"href":"https:\/\/agromt.news\/index.php?rest_route=%2Fwp%2Fv2%2Fcomments&post=30217"}],"version-history":[{"count":0,"href":"https:\/\/agromt.news\/index.php?rest_route=\/wp\/v2\/posts\/30217\/revisions"}],"wp:featuredmedia":[{"embeddable":true,"href":"https:\/\/agromt.news\/index.php?rest_route=\/wp\/v2\/media\/30218"}],"wp:attachment":[{"href":"https:\/\/agromt.news\/index.php?rest_route=%2Fwp%2Fv2%2Fmedia&parent=30217"}],"wp:term":[{"taxonomy":"category","embeddable":true,"href":"https:\/\/agromt.news\/index.php?rest_route=%2Fwp%2Fv2%2Fcategories&post=30217"},{"taxonomy":"post_tag","embeddable":true,"href":"https:\/\/agromt.news\/index.php?rest_route=%2Fwp%2Fv2%2Ftags&post=30217"}],"curies":[{"name":"wp","href":"https:\/\/api.w.org\/{rel}","templated":true}]}}