{"id":30207,"date":"2026-04-28T08:03:29","date_gmt":"2026-04-28T12:03:29","guid":{"rendered":"https:\/\/agromt.news\/?p=30207"},"modified":"2026-04-28T08:03:29","modified_gmt":"2026-04-28T12:03:29","slug":"governo-federal-deve-lancar-programa-de-renegociacao-de-dividas-esta-semana","status":"publish","type":"post","link":"https:\/\/agromt.news\/?p=30207","title":{"rendered":"Governo federal deve lan\u00e7ar programa de renegocia\u00e7\u00e3o de d\u00edvidas esta semana"},"content":{"rendered":"<p> <br \/>\n<\/p>\n<div>\n<figure><img decoding=\"async\" src=\"https:\/\/agromt.news\/wp-content\/uploads\/2026\/04\/Governo-federal-deve-lancar-programa-de-renegociacao-de-dividas-esta.jpg\" alt=\"Dario Durigan conversa com jornalistas em S\u00e3o Paulo\" \/><figcaption>Foto: Ag\u00eancia Brasil<\/figcaption><\/figure>\n<\/div>\n<p>O ministro da Fazenda, Dario Durigan, disse nesta segunda-feira (27), que o governo espera a ades\u00e3o de &#8220;dezenas de milh\u00f5es de pessoas&#8221; ao programa de renegocia\u00e7\u00e3o de d\u00edvidas, conhecido como Desenrola 2.0, cujo lan\u00e7amento est\u00e1 previsto para esta semana. Conforme Durigan, houve compromisso dos bancos n\u00e3o s\u00f3 com a oferta de cr\u00e9dito, mas tamb\u00e9m com a educa\u00e7\u00e3o financeira.<\/p>\n<p><em>Veja em primeira m\u00e3o tudo sobre agricultura, pecu\u00e1ria, economia e previs\u00e3o do tempo:<\/em><a href=\"https:\/\/news.google.com\/publications\/CAAqBwgKMPKZlQswq_mqAw?hl=pt-BR&amp;gl=BR&amp;ceid=BR%3Apt-419\" target=\"_blank\" rel=\"noreferrer noopener\"><em>\u00a0siga o Canal Rural no Google News!<\/em><\/a><\/p>\n<p>Haver\u00e1 restri\u00e7\u00f5es, por exemplo, para a realiza\u00e7\u00e3o de apostas pelos benefici\u00e1rios do programa. Em entrevista coletiva no gabinete do minist\u00e9rio em S\u00e3o Paulo, Durigan afirmou que fam\u00edlias endividadas receber\u00e3o um chamado para que procurem os bancos e fa\u00e7am a renegocia\u00e7\u00e3o. A a\u00e7\u00e3o, informou o ministro, acontecer\u00e1 de forma &#8220;muito tranquila, direta e did\u00e1tica&#8221;.<\/p>\n<p>O p\u00fablico-alvo ser\u00e3o pessoas com d\u00edvidas em tr\u00eas modalidades de cr\u00e9dito: cart\u00e3o de cr\u00e9dito, cr\u00e9dito pessoal e cheque especial, em que as taxas de juros, pontuou o ministro, variam entre 6% e 10% ao m\u00eas.<\/p>\n<p> &#8220;O governo est\u00e1 exigindo que haja uma taxa de juros muito menor do que a praticada nesses tr\u00eas segmentos&#8221;, disse Durigan, ap\u00f3s antecipar que os bancos v\u00e3o oferecer descontos de at\u00e9 90%.<\/p>\n<p>Segundo Durigan, o programa vai permitir que as fam\u00edlias &#8220;se desenrolem&#8221; e ganhem f\u00f4lego financeiro. &#8220;N\u00e3o vou entrar em detalhes das medidas, porque o presidente Lula vai anunciar isso em breve. Cabe ao presidente bater o martelo e anunciar as medidas com todos os detalhes. Mas pactuamos com os bancos uma taxa de juros menor&#8221;, disse o ministro.<\/p>\n<h2 class=\"wp-block-heading\" id=\"h-fgts\"><b>FGTS<\/b><\/h2>\n<p>Aos jornalistas, Durigan confirmou que haver\u00e1 a possibilidade tamb\u00e9m de saques do Fundo de Garantia do Tempo de Servi\u00e7o (FGTS) para a quita\u00e7\u00e3o de d\u00edvidas, negando que o governo tenha desistido de oferecer essa op\u00e7\u00e3o aos endividados. <\/p>\n<p>O ministro informou, sem abrir detalhes, que haver\u00e1 uma limita\u00e7\u00e3o aos saques, que tamb\u00e9m ser\u00e3o vinculados aos pagamentos das d\u00edvidas do programa.<\/p>\n<p>Conforme Durigan, a permiss\u00e3o para o uso de recursos do FGTS est\u00e1 condicionada agora ao pagamento de d\u00edvidas, ao contr\u00e1rio do que aconteceu no passado, quando o saque-anivers\u00e1rio era usado por trabalhadores para conseguir cr\u00e9dito.<\/p>\n<p>&#8220;Agora, a possibilidade de uso do FGTS \u00e9 para quitar a sua d\u00edvida. Ent\u00e3o, voc\u00ea saca, limitado, para fazer uma quita\u00e7\u00e3o e prontamente estar em outra situa\u00e7\u00e3o. Ent\u00e3o, voc\u00ea n\u00e3o est\u00e1 se endividando a partir do FGTS, ao contr\u00e1rio, voc\u00ea est\u00e1 pagando a sua d\u00edvida com o seu FGTS&#8221;, explicou o ministro.<\/p>\n<h2 class=\"wp-block-heading\" id=\"h-alerta-sobre-recorrencia\"><b>Alerta sobre recorr\u00eancia<\/b><\/h2>\n<p>Durigan ainda alertou \u00e0 popula\u00e7\u00e3o para que n\u00e3o conte com recorr\u00eancia de renegocia\u00e7\u00e3o de d\u00edvidas. De acordo com ele, que passou o dia em reuni\u00f5es com banqueiros para acertar os detalhes da renegocia\u00e7\u00e3o de d\u00edvidas no chamado Desenrola Brasil, o programa n\u00e3o se trata de um &#8220;Refis&#8221; (programa de regulariza\u00e7\u00e3o de d\u00e9bitos) peri\u00f3dico e tampouco de um pacote de bondades.<\/p>\n<p>Ele fez o alerta ao ser questionado pelo <i>Broadcast<\/i> (sistema de not\u00edcias em tempo real do Grupo Estado) se havia sido tratado com os bancos o receio do mercado de que, com essa nova renegocia\u00e7\u00e3o das d\u00edvidas, se estabele\u00e7a o que se chama em economia de &#8220;moral hazard&#8221;, risco moral, que \u00e9 a tend\u00eancia de indiv\u00edduos ou institui\u00e7\u00f5es assumirem riscos maiores quando est\u00e3o protegidos das consequ\u00eancias negativas de suas a\u00e7\u00f5es. Nesse cen\u00e1rio, os endividados ficam sempre na expectativa de uma nova renegocia\u00e7\u00e3o.<\/p>\n<p>&#8220;Veja, aqui \u00e9 importante comunicar, inclusive para quem nos assiste, que isso n\u00e3o se trata de um Refis peri\u00f3dico. As medidas, tanto as que aconteceram no Desenrola de 2023 quanto agora s\u00e3o pontuais. As pessoas n\u00e3o devem contar com a recorr\u00eancia deste tipo de medida. N\u00f3s estamos vivendo uma situa\u00e7\u00e3o excepcional, as fam\u00edlias t\u00eam um problema que ocorre pela guerra, tem alguns impactos que, muitas, fogem ao nosso controle, mas isso \u00e9 importante dizer que n\u00e3o se trata de um refiz recorrente&#8221;, refor\u00e7ou o ministro. <\/p>\n<p>&#8220;\u00c9 importante que a gente eduque as pessoas para que elas entendam que d\u00edvida \u00e9 positivo em muitas vezes, desde que seja sustent\u00e1vel o or\u00e7amento da fam\u00edlia. Parte da educa\u00e7\u00e3o financeira que vai vir acompanhada de restri\u00e7\u00e3o com os jovens, por exemplo, parte desse princ\u00edpio. N\u00f3s temos que entender a d\u00edvida como, como algo que \u00e9 positivo, desde que seja sustent\u00e1vel&#8221;, explicou Durigan.<\/p>\n<p>De acordo com ele, o diagn\u00f3stico com as institui\u00e7\u00f5es financeiras foi fundamental para se olhar os dados do Banco Central sobre endividamento das fam\u00edlias e cruzar com os dados dos pr\u00f3prios bancos, para os quais h\u00e1 cr\u00e9ditos sendo tomado sem educa\u00e7\u00e3o financeira. &#8220;Isso  acaba enrolando as fam\u00edlias que n\u00e3o conseguem sair da d\u00edvida&#8221;, refor\u00e7ou.<\/p>\n<p>O post <a href=\"https:\/\/www.canalrural.com.br\/economia\/durigan-diz-que-governo-espera-adesao-de-dezena-de-milhoes-de-pessoas-ao-desenrola-2-0\/\">Governo federal deve lan\u00e7ar programa de renegocia\u00e7\u00e3o de d\u00edvidas esta semana<\/a> apareceu primeiro em <a href=\"https:\/\/www.canalrural.com.br\">Canal Rural<\/a>.<\/p>\n<p><br \/>\n<br \/><a href=\"https:\/\/www.canalrural.com.br\/economia\/durigan-diz-que-governo-espera-adesao-de-dezena-de-milhoes-de-pessoas-ao-desenrola-2-0\/\">Source link <\/a><\/p>\n","protected":false},"excerpt":{"rendered":"<p>Foto: Ag\u00eancia Brasil O ministro da Fazenda, Dario Durigan, disse nesta segunda-feira (27), que o governo espera a ades\u00e3o de<\/p>\n","protected":false},"author":1,"featured_media":30208,"comment_status":"open","ping_status":"open","sticky":false,"template":"","format":"standard","meta":{"_monsterinsights_skip_tracking":false,"_monsterinsights_sitenote_active":false,"_monsterinsights_sitenote_note":"","_monsterinsights_sitenote_category":0,"_uf_show_specific_survey":0,"_uf_disable_surveys":false,"footnotes":""},"categories":[1],"tags":[],"class_list":["post-30207","post","type-post","status-publish","format-standard","has-post-thumbnail","hentry","category-news"],"_links":{"self":[{"href":"https:\/\/agromt.news\/index.php?rest_route=\/wp\/v2\/posts\/30207"}],"collection":[{"href":"https:\/\/agromt.news\/index.php?rest_route=\/wp\/v2\/posts"}],"about":[{"href":"https:\/\/agromt.news\/index.php?rest_route=\/wp\/v2\/types\/post"}],"author":[{"embeddable":true,"href":"https:\/\/agromt.news\/index.php?rest_route=\/wp\/v2\/users\/1"}],"replies":[{"embeddable":true,"href":"https:\/\/agromt.news\/index.php?rest_route=%2Fwp%2Fv2%2Fcomments&post=30207"}],"version-history":[{"count":0,"href":"https:\/\/agromt.news\/index.php?rest_route=\/wp\/v2\/posts\/30207\/revisions"}],"wp:featuredmedia":[{"embeddable":true,"href":"https:\/\/agromt.news\/index.php?rest_route=\/wp\/v2\/media\/30208"}],"wp:attachment":[{"href":"https:\/\/agromt.news\/index.php?rest_route=%2Fwp%2Fv2%2Fmedia&parent=30207"}],"wp:term":[{"taxonomy":"category","embeddable":true,"href":"https:\/\/agromt.news\/index.php?rest_route=%2Fwp%2Fv2%2Fcategories&post=30207"},{"taxonomy":"post_tag","embeddable":true,"href":"https:\/\/agromt.news\/index.php?rest_route=%2Fwp%2Fv2%2Ftags&post=30207"}],"curies":[{"name":"wp","href":"https:\/\/api.w.org\/{rel}","templated":true}]}}