{"id":30205,"date":"2026-04-28T07:35:27","date_gmt":"2026-04-28T11:35:27","guid":{"rendered":"https:\/\/agromt.news\/?p=30205"},"modified":"2026-04-28T07:35:27","modified_gmt":"2026-04-28T11:35:27","slug":"governo-de-sao-paulo-anuncia-pacote-de-investimentos-no-agro-durante-agrishow","status":"publish","type":"post","link":"https:\/\/agromt.news\/?p=30205","title":{"rendered":"Governo de S\u00e3o Paulo anuncia pacote de investimentos no agro durante Agrishow"},"content":{"rendered":"<p> <br \/>\n<\/p>\n<div>\n<figure><img decoding=\"async\" src=\"https:\/\/agromt.news\/wp-content\/uploads\/2026\/04\/Governo-de-Sao-Paulo-anuncia-pacote-de-investimentos-no-agro.jpg\" alt=\"Tarc\u00edsio discursa na Agrishow, em Ribeir\u00e3o Preto\" \/><figcaption>Foto: Ag\u00eancia SP<\/figcaption><\/figure>\n<\/div>\n<p>O governo de S\u00e3o Paulo deve anunciar nesta ter\u00e7a-feira (28), durante a Agrishow, em Ribeir\u00e3o Preto (SP), um pacote de investimentos voltado ao agroneg\u00f3cio do estado.<\/p>\n<p>Entre os destaques est\u00e1 a libera\u00e7\u00e3o de R$ 40 milh\u00f5es em subven\u00e7\u00e3o para a aquisi\u00e7\u00e3o de m\u00e1quinas agr\u00edcolas, com a expectativa de viabilizar at\u00e9 mil opera\u00e7\u00f5es por meio do programa Protrator.<\/p>\n<p>Outra frente envolve o seguro rural. Agricultores paulistas devem contar com um aporte de R$ 100 milh\u00f5es. De acordo com a Secretaria de Agricultura, o programa pode alcan\u00e7ar milhares de ap\u00f3lices e bilh\u00f5es de reais em produ\u00e7\u00e3o protegida.<\/p>\n<p>A iniciativa integra um conjunto de a\u00e7\u00f5es voltadas ao fortalecimento do agroneg\u00f3cio paulista e eleva para cerca de R$ 400 milh\u00f5es o total investido em seguro rural durante a atual gest\u00e3o.<\/p>\n<h2 class=\"wp-block-heading\" id=\"h-tarcisio-cobra-mudancas-no-plano-safra\">Tarc\u00edsio cobra mudan\u00e7as no Plano Safra<\/h2>\n<p>Durante coletiva de imprensa realizada na segunda-feira (27), o governador de S\u00e3o Paulo, Tarc\u00edsio de Freitas, destacou a import\u00e2ncia da previsibilidade para o setor e defendeu mudan\u00e7as no modelo atual do Plano Safra.<\/p>\n<p>&#8220;A gente tem falado que n\u00e3o pode todo ano entrar numa discuss\u00e3o intermin\u00e1vel sobre o Plano Safra. A gente tem que dar perenidade ao Plano Safra. O produtor precisa saber exatamente que esse ano vai ter, que no ano que vem vai ter e em que condi\u00e7\u00f5es ele vai ter.&#8221;<\/p>\n<p>O governador tamb\u00e9m criticou as condi\u00e7\u00f5es atuais de cr\u00e9dito.<\/p>\n<p>&#8220;O Plano Safra muda todo ano, e o juro que est\u00e1 sendo cobrado hoje acaba sendo impratic\u00e1vel. O produtor j\u00e1 n\u00e3o tem como oferecer mais garantia.&#8221;<\/p>\n<p>Segundo ele, \u00e9 necess\u00e1rio reestruturar o sistema e dar maior estabilidade \u00e0s pol\u00edticas de financiamento.<\/p>\n<p>&#8220;A gente precisa resolver o problema das d\u00edvidas passadas e estabelecer uma perenidade para o Plano Safra, como a gente est\u00e1 fazendo com o Feap aqui em S\u00e3o Paulo. Todo ano a gente tem manuten\u00e7\u00e3o de condi\u00e7\u00f5es e de valores.&#8221;<\/p>\n<p>Tarc\u00edsio refor\u00e7ou ainda o papel do seguro rural e da previsibilidade para o desenvolvimento do setor.<\/p>\n<p>&#8220;N\u00e3o tem aquela situa\u00e7\u00e3o de voc\u00ea reduzir o valor do seguro rural. Isso \u00e9 muito importante, porque a gente sabe o peso que o agroneg\u00f3cio tem. A previsibilidade \u00e9 a palavra-chave.&#8221;<\/p>\n<p>O post <a href=\"https:\/\/www.canalrural.com.br\/agricultura\/governo-de-sao-paulo-anuncia-pacote-de-investimentos-no-agro-durante-agrishow\/\">Governo de S\u00e3o Paulo anuncia pacote de investimentos no agro durante Agrishow<\/a> apareceu primeiro em <a href=\"https:\/\/www.canalrural.com.br\">Canal Rural<\/a>.<\/p>\n<p><br \/>\n<br \/><a href=\"https:\/\/www.canalrural.com.br\/agricultura\/governo-de-sao-paulo-anuncia-pacote-de-investimentos-no-agro-durante-agrishow\/\">Source link <\/a><\/p>\n","protected":false},"excerpt":{"rendered":"<p>Foto: Ag\u00eancia SP O governo de S\u00e3o Paulo deve anunciar nesta ter\u00e7a-feira (28), durante a Agrishow, em Ribeir\u00e3o Preto (SP),<\/p>\n","protected":false},"author":1,"featured_media":30206,"comment_status":"open","ping_status":"open","sticky":false,"template":"","format":"standard","meta":{"_monsterinsights_skip_tracking":false,"_monsterinsights_sitenote_active":false,"_monsterinsights_sitenote_note":"","_monsterinsights_sitenote_category":0,"_uf_show_specific_survey":0,"_uf_disable_surveys":false,"footnotes":""},"categories":[1],"tags":[],"class_list":["post-30205","post","type-post","status-publish","format-standard","has-post-thumbnail","hentry","category-news"],"_links":{"self":[{"href":"https:\/\/agromt.news\/index.php?rest_route=\/wp\/v2\/posts\/30205"}],"collection":[{"href":"https:\/\/agromt.news\/index.php?rest_route=\/wp\/v2\/posts"}],"about":[{"href":"https:\/\/agromt.news\/index.php?rest_route=\/wp\/v2\/types\/post"}],"author":[{"embeddable":true,"href":"https:\/\/agromt.news\/index.php?rest_route=\/wp\/v2\/users\/1"}],"replies":[{"embeddable":true,"href":"https:\/\/agromt.news\/index.php?rest_route=%2Fwp%2Fv2%2Fcomments&post=30205"}],"version-history":[{"count":0,"href":"https:\/\/agromt.news\/index.php?rest_route=\/wp\/v2\/posts\/30205\/revisions"}],"wp:featuredmedia":[{"embeddable":true,"href":"https:\/\/agromt.news\/index.php?rest_route=\/wp\/v2\/media\/30206"}],"wp:attachment":[{"href":"https:\/\/agromt.news\/index.php?rest_route=%2Fwp%2Fv2%2Fmedia&parent=30205"}],"wp:term":[{"taxonomy":"category","embeddable":true,"href":"https:\/\/agromt.news\/index.php?rest_route=%2Fwp%2Fv2%2Fcategories&post=30205"},{"taxonomy":"post_tag","embeddable":true,"href":"https:\/\/agromt.news\/index.php?rest_route=%2Fwp%2Fv2%2Ftags&post=30205"}],"curies":[{"name":"wp","href":"https:\/\/api.w.org\/{rel}","templated":true}]}}